{"id":110052,"date":"2025-12-11T07:17:16","date_gmt":"2025-12-11T07:17:16","guid":{"rendered":"https:\/\/www.europesays.com\/no\/110052\/"},"modified":"2025-12-11T07:17:16","modified_gmt":"2025-12-11T07:17:16","slug":"isak-dreyer-tiltalt-for-ulovlig-bjornejakt-i-sverige-angrer-ikke","status":"publish","type":"post","link":"https:\/\/www.europesays.com\/no\/110052\/","title":{"rendered":"Isak Dreyer tiltalt for ulovlig bj\u00f8rnejakt i Sverige: Angrer ikke"},"content":{"rendered":"<p class=\"kicker \" style=\"\">Isak Dreyer:\u00a0<\/p>\n<p>  Programlederen og friluftsmannen er tiltalt for ulovlig bj\u00f8rnejakt, men holder hodet kaldt f\u00f8r saken skal opp for retten.<\/p>\n<p>\n    RETTSSAK: Isak Dreyer m\u00e5 m\u00f8te i retten over ny\u00e5ret, tiltalt lovbrudd under lisensjakt p\u00e5 bj\u00f8rn. Foto: Shad Madian\n  <\/p>\n<p>Tidligere i \u00e5r ble det kjent at\u00a0\u00abNorges t\u00f8ffeste\u00bb-programleder Isak Dreyer (31) er\u00a0<a href=\"https:\/\/www.dagbladet.no\/kjendis\/norsk-tv-kjendis-tiltalt\/83505811\" rel=\"nofollow noopener\" target=\"_blank\">blant de seks personene som er tiltalt<\/a>\u00a0for\u00a0lovbrudd under lisensjakt p\u00e5 bj\u00f8rn i Sverige.<\/p>\n<p>    <a itemprop=\"url\" href=\"https:\/\/www.dagbladet.no\/kjendis\/en-dag-av-gangen\/83963304\" rel=\"nofollow noopener\" target=\"_blank\"><\/p>\n<p>        <img loading=\"lazy\" decoding=\"async\" src=\"https:\/\/www.europesays.com\/no\/wp-content\/uploads\/2025\/12\/1765437432_819_83965112.webp\" width=\"980\" height=\"441\" title=\"- En dag av gangen\" alt=\"\" class=\"lazyload\" style=\"--aspect-ratio-image: 2.22; \"\/><\/p>\n<p>        &#8211; En dag av gangen<\/p>\n<p>    <\/a><\/p>\n<p>&#8211; Skj\u00f8t ingenting\t<\/p>\n<p>Hendelsen bekreftet han ogs\u00e5 selv i en video p\u00e5 <a href=\"https:\/\/www.instagram.com\/p\/DN0bG4TUM0O\/\" rel=\"nofollow noopener\" target=\"_blank\">Instagram<\/a>.\u00a0<\/p>\n<p>&#8211; Da er dagen kommet hvor media skriver at jeg var med p\u00e5 ulovlig bj\u00f8rnejakt, s\u00e5 jeg vil forklare min situasjon. Det stemmer at jeg var med p\u00e5 bj\u00f8rnejakten, som er lovlig hvert \u00e5r, starter han videoen, og fortsetter:<\/p>\n<p>        ULOVLIG JAKT: TV-kjendis Isak Dreyer er tiltalt for ulovlig bj\u00f8rnejakt i Sverige. Han er tiltalt sammen med fem andre menn.<\/p>\n<p>&#8211; Det som ikke er lov er \u00e5 skyte unge eller binner. Jeg var ikke med p\u00e5 \u00e5 skyte noe unge eller binne den dagen. Jeg skj\u00f8t ingenting, fortalte han den gang.<\/p>\n<p class=\"font-weight-bold m-font-weight-bold\" data-lab-font_weight=\"font-weight-bold\">Avslutningsvis uttalte Dreyer at han ser fram til at rettsvesenet skal behandle saken og \u00absi hva som egentlig skjedde\u00bb.<\/p>\n<p><a href=\"https:\/\/www.dagbladet.no\/kjendis\/nrk-tar-grep\/83643002\" rel=\"nofollow noopener\" target=\"_blank\">I etterkant besluttet\u00a0NRK<\/a> \u00e5 sette nye jaktrelaterte programforslag med Isak Dreyer p\u00e5 pause. Og det kom\u00a0fram at\u00a0NRK har mottatt over 1000 klager etter tiltalen ble kjent.<\/p>\n<p>        <img loading=\"lazy\" decoding=\"async\" src=\"https:\/\/www.europesays.com\/no\/wp-content\/uploads\/2025\/12\/83966552.webp\" width=\"686\" height=\"885\" title=\"BEVIS: Isak Dreyer med det som skal v\u00e6re den drepte bj\u00f8rnungen p\u00e5 jakt. Foto: Politiet\" alt=\"\" class=\"\" style=\"--aspect-ratio-image: 0.78; \"\/><\/p>\n<p>\n        BEVIS: Isak Dreyer med det som skal v\u00e6re den drepte bj\u00f8rnungen p\u00e5 jakt. Foto: Politiet\n    <\/p>\n<p>\u00a0&#8211; Angrer ikke\t<\/p>\n<p>Dato for rettssaken er enda ikke satt, men n\u00e5r Dagbladet m\u00f8ter Dreyer i forbindelse med TV 2-programmet \u00abVokteren\u00bb forteller han at han ikke angrer.\u00a0<\/p>\n<p>    <a itemprop=\"url\" href=\"https:\/\/www.dagbladet.no\/kjendis\/sammenliknes-ganske-rasistisk\/83963341\" rel=\"nofollow noopener\" target=\"_blank\"><\/p>\n<p>        <img loading=\"lazy\" decoding=\"async\" src=\"https:\/\/www.europesays.com\/no\/wp-content\/uploads\/2025\/12\/83964325.webp\" width=\"980\" height=\"441\" title=\"Sammenliknes: - Ganske rasistisk\" alt=\"\" class=\"lazyload\" style=\"--aspect-ratio-image: 2.22; \"\/><\/p>\n<p>        Sammenliknes: &#8211; Ganske rasistisk<\/p>\n<p>    <\/a><\/p>\n<p>&#8211; Det som skjedde er en lang og omfattende historie, og alt vil bli belyst i rettssaken. Men jeg angrer ikke p\u00e5 noe, forteller han.\u00a0<\/p>\n<p>Han fortsetter:\u00a0<\/p>\n<p>&#8211; N\u00e5r journalister og privatpersoner later som om de vet hva som har skjedd, og hva som er lov og ikke lov, blir ting ganske interessant \u2026\u00a0<\/p>\n<p>        <img loading=\"lazy\" decoding=\"async\" src=\"https:\/\/www.europesays.com\/no\/wp-content\/uploads\/2025\/12\/83966587.webp\" width=\"686\" height=\"460\" title=\"\u00abNORGES T\u00d8FFESTE\u00bb: Sammen med influenser J\u00f8rgine Massa Vasstrand er han programleder for NRK-programet \u00abNorge t\u00f8ffeste\u00bb. Dreyer har selv vunnet det popul\u00e6re programmet. Foto: Shad Madian\" alt=\"\" class=\"\" style=\"--aspect-ratio-image: 1.49; \"\/><\/p>\n<p>\n        \u00abNORGES T\u00d8FFESTE\u00bb: Sammen med influenser J\u00f8rgine Massa Vasstrand er han programleder for NRK-programet \u00abNorge t\u00f8ffeste\u00bb. Dreyer har selv vunnet det popul\u00e6re programmet. Foto: Shad Madian\n    <\/p>\n<p>P\u00e5 sp\u00f8rsm\u00e5l om han er forberedt p\u00e5 det eventuelle medietrykket rundt rettssaken svarer han med et glimt i \u00f8yet:\u00a0<\/p>\n<p>&#8211; Jeg f\u00e5r satse p\u00e5 at den blir samtidig som H\u00f8iby-saken. For uansett hva som skjer s\u00e5 er det ikke verre enn situasjonen til kongehuset, avslutter han med et smil.\u00a0<\/p>\n<p>        DUO: J\u00f8rgine Massa Vasstrand og Isak Dreyer \u00e5pner seg om programledersamarbeidet og den brutale sesongen. Video: NRK\/ R\u00f8d L\u00f8per\/ Lone Heimdal Gunnerud\/ Sanne Holt<\/p>\n<p>Nekter straffeskyld\t<\/p>\n<p><a href=\"https:\/\/www.dagbladet.no\/kjendis\/tiltalt-i-sverige\/83506677\" rel=\"nofollow noopener\" target=\"_blank\">Fem av de tiltalte i saken er norske, en er svensk.<\/a>\u00a0If\u00f8lge tiltalen skal de i fellesskap ha jaktet p\u00e5 en binne og hennes tre bj\u00f8rnunger. Dreyer nekter straffeskyld for forholdet.<\/p>\n<p>        <img loading=\"lazy\" decoding=\"async\" src=\"https:\/\/www.europesays.com\/no\/wp-content\/uploads\/2025\/12\/83966760.webp\" width=\"686\" height=\"879\" title=\"JAKTGLAD: Isak Dreyer bruker store deler av fritida p\u00e5 jakt. Bildet er fra en annen jakttur enn da binna ble felt. Foto: Privat\" alt=\"\" class=\"\" style=\"--aspect-ratio-image: 0.78; \"\/><\/p>\n<p>\n        JAKTGLAD: Isak Dreyer bruker store deler av fritida p\u00e5 jakt. Bildet er fra en annen jakttur enn da binna ble felt. Foto: Privat\n    <\/p>\n<p>Forsvareren til den svenske tiltalte, advokat Anders Cederberg, fortalte til Dagbladet tidligere i \u00e5r at\u00a0<a href=\"https:\/\/www.dagbladet.no\/kjendis\/tiltalt-i-sverige\/83506677\" rel=\"nofollow noopener\" target=\"_blank\">hans klient erkjenner \u00e5 ha skutt bj\u00f8rnen<\/a>.\u00a0<\/p>\n<p>    <a itemprop=\"url\" href=\"https:\/\/www.dagbladet.no\/kjendis\/nrk-tar-grep\/83643002\" rel=\"nofollow noopener\" target=\"_blank\"><\/p>\n<p>        <img loading=\"lazy\" decoding=\"async\" src=\"https:\/\/www.europesays.com\/no\/wp-content\/uploads\/2025\/12\/83643032.webp\" width=\"980\" height=\"441\" title=\"NRK tar grep\" alt=\"\" class=\"lazyload\" style=\"--aspect-ratio-image: 2.22; \"\/><\/p>\n<p>        NRK tar grep<\/p>\n<p>    <\/a><\/p>\n<p><a href=\"https:\/\/www.dagbladet.no\/kjendis\/han-har-empati-for-dyrene\/83513100\" rel=\"nofollow noopener\" target=\"_blank\">Dreyer har forklart i avh\u00f8r<\/a> at han f\u00f8rst trodde at det var en hund som hadde tatt ungen, da han m\u00f8tte de andre og s\u00e5 den. \u00c5rsaken var at han skal ha h\u00f8rt noen skudd i omr\u00e5det.<\/p>\n<p>&#8211; Det som ble feil, var at hunden tok en mindre bj\u00f8rn, ellers ingenting, svarte han p\u00e5 sp\u00f8rsm\u00e5l om jakta \u00abikke gikk som tenkt\u00bb.\u00a0<\/p>\n<p>        <img loading=\"lazy\" decoding=\"async\" src=\"https:\/\/www.europesays.com\/no\/wp-content\/uploads\/2025\/12\/83966771.webp\" width=\"686\" height=\"645\" title=\"FRILUFTSMANN: Isak Dreyer bruker mye tid i marka og forteller til Dagbladet at det neppe blir noen by-gutt av ham. Foto: Privat\" alt=\"\" class=\"\" style=\"--aspect-ratio-image: 1.06; \"\/><\/p>\n<p>\n        FRILUFTSMANN: Isak Dreyer bruker mye tid i marka og forteller til Dagbladet at det neppe blir noen by-gutt av ham. Foto: Privat\n    <\/p>\n<p><a href=\"https:\/\/www.dagbladet.no\/kjendis\/han-har-empati-for-dyrene\/83513100\" rel=\"nofollow noopener\" target=\"_blank\">Politiet tok beslag av skinnet fra bj\u00f8rnungen hjemme hos TV-profilen<\/a>, da \u00d8kokrim ransaket huset hans i januar.\u00a0<\/p>\n<p>Den gang forklarte Dreyer i avh\u00f8r at grunnen til hvorfor han tok med seg skinnet var fordi ingen av de andre jegerne viste noe interesse for det.\u00a0<\/p>\n<p class=\"italic m-italic\" data-lab-italic=\"italic\">Dagbladet har v\u00e6rt i kontakt med Isak Dreyers forsvarer, som opplyser at han forventer at rettssaken f\u00f8rst vil komme opp n\u00e6rmere v\u00e5ren.<\/p>\n<p><script async src=\"\/\/www.instagram.com\/embed.js\"><\/script><\/p>\n","protected":false},"excerpt":{"rendered":"Isak Dreyer:\u00a0 Programlederen og friluftsmannen er tiltalt for ulovlig bj\u00f8rnejakt, men holder hodet kaldt f\u00f8r saken skal opp&hellip;\n","protected":false},"author":2,"featured_media":110053,"comment_status":"","ping_status":"","sticky":false,"template":"","format":"standard","meta":{"footnotes":""},"categories":[59],"tags":[3316,479,30,28,29,83,82],"class_list":{"0":"post-110052","1":"post","2":"type-post","3":"status-publish","4":"format-standard","5":"has-post-thumbnail","7":"category-sport","8":"tag-isak-dreyer","9":"tag-kjendis","10":"tag-no","11":"tag-norge","12":"tag-norway","13":"tag-sport","14":"tag-sports"},"share_on_mastodon":{"url":"https:\/\/pubeurope.com\/@no\/115699715098543044","error":""},"_links":{"self":[{"href":"https:\/\/www.europesays.com\/no\/wp-json\/wp\/v2\/posts\/110052","targetHints":{"allow":["GET"]}}],"collection":[{"href":"https:\/\/www.europesays.com\/no\/wp-json\/wp\/v2\/posts"}],"about":[{"href":"https:\/\/www.europesays.com\/no\/wp-json\/wp\/v2\/types\/post"}],"author":[{"embeddable":true,"href":"https:\/\/www.europesays.com\/no\/wp-json\/wp\/v2\/users\/2"}],"replies":[{"embeddable":true,"href":"https:\/\/www.europesays.com\/no\/wp-json\/wp\/v2\/comments?post=110052"}],"version-history":[{"count":0,"href":"https:\/\/www.europesays.com\/no\/wp-json\/wp\/v2\/posts\/110052\/revisions"}],"wp:featuredmedia":[{"embeddable":true,"href":"https:\/\/www.europesays.com\/no\/wp-json\/wp\/v2\/media\/110053"}],"wp:attachment":[{"href":"https:\/\/www.europesays.com\/no\/wp-json\/wp\/v2\/media?parent=110052"}],"wp:term":[{"taxonomy":"category","embeddable":true,"href":"https:\/\/www.europesays.com\/no\/wp-json\/wp\/v2\/categories?post=110052"},{"taxonomy":"post_tag","embeddable":true,"href":"https:\/\/www.europesays.com\/no\/wp-json\/wp\/v2\/tags?post=110052"}],"curies":[{"name":"wp","href":"https:\/\/api.w.org\/{rel}","templated":true}]}}