{"id":110057,"date":"2025-12-11T07:24:11","date_gmt":"2025-12-11T07:24:11","guid":{"rendered":"https:\/\/www.europesays.com\/no\/110057\/"},"modified":"2025-12-11T07:24:11","modified_gmt":"2025-12-11T07:24:11","slug":"nyheter-regjeringskvartalet-regjeringens-egen-basketballbane-far-kritikk-garantert-norges-dyreste-idrettshall","status":"publish","type":"post","link":"https:\/\/www.europesays.com\/no\/110057\/","title":{"rendered":"Nyheter, Regjeringskvartalet | Regjeringens egen basketballbane f\u00e5r kritikk: \u2013 Garantert Norges dyreste idrettshall"},"content":{"rendered":"\n<p>\u2013 Senterpartiet er ikke motstandere av statsr\u00e5der og byr\u00e5krater som spiller basket. Det vi setter sp\u00f8rsm\u00e5lstegn ved, er om det er rett \u00e5 bruke skattebetalernes penger til \u00e5 bygge det som garantert m\u00e5 v\u00e6re Norges dyreste idrettshall, sa Senterpartiets Bengt Fasteraune fra Stortingets talerstol onsdag.<\/p>\n<p>Han presset regjeringen p\u00e5 de h\u00f8ye kostnadene ved det nye regjeringskvartalet i Oslo.<\/p>\n<p>Ved p\u00e5sketider flytter 2.200 ansatte fra seks departementer og Statsministerens kontor inn i de tre f\u00f8rste byggene, som har kostet i overkant av 22 milliarder kroner.<\/p>\n<p>Der kan de ogs\u00e5 drive idrett.<\/p>\n<p>\u2013 I regjeringskvartalet har man ogs\u00e5 funnet rom for en hall med basketbane med internasjonale m\u00e5l, sju meter takh\u00f8yde og i tillegg en klatrevegg til statsr\u00e5dene og deres embetsverk, sa Fasteraune.<\/p>\n<p>  <a href=\"https:\/\/www.rb.no\/5-43-2631553\" class=\"related-teaser has-image default-story-teaser article--c-eRUmMG article--c-eRUmMG-jKCPdD-design-default\" rel=\"nofollow noopener\" target=\"_blank\"><\/p>\n<p>    <img decoding=\"async\" loading=\"lazy\"  src=\"https:\/\/www.europesays.com\/no\/wp-content\/uploads\/2025\/12\/image_5A7D48C0-A434-457D-A3B8-5BAB0A1D7B39_1765364766.jpeg\" alt=\"\" class=\"brick-c-cFOWSL\" style=\"\"\/><\/p>\n<p>\n            Les ogs\u00e5<\/p>\n<p>              Avgjort i dag: Dette skal kommunen bruke penger p\u00e5 de neste \u00e5rene\n        <\/p>\n<p>  <\/a><br \/>\n  \u2013 Ikke basketbanen som gj\u00f8r det dyrt<\/p>\n<p>Digitaliserings- og forvaltningsminister Karianne Tung (Ap) har ansvar for byggeprosjektet, og svarte p\u00e5 vegne av regjeringen:<\/p>\n<p>\u2013 Det er ikke basketbanen som gj\u00f8r dette regjeringskvartalprosjektet dyrt. Det er de store kostnadene til sikkerhet, som er helt n\u00f8dvendige \u00e5 ha i regjeringskvartalet. Det er et ekstremt komplekst byggeprosjekt som foreg\u00e5r midt i en storby, forklarte hun.<\/p>\n<p>   <img decoding=\"async\" width=\"8640\" height=\"5760\" fetchpriority=\"low\"  loading=\"lazy\"  src=\"https:\/\/www.europesays.com\/no\/wp-content\/uploads\/2025\/12\/cueres_scp-mangler_navn_vTDavF3TaNg.jpg\" alt=\"Oslo 20251118. &#10;Pyramiderommet i det nye Regjeringskvartalet vises frem med kunstverket AAkhA av kunstneren Outi Pieski.  Kunstverket er et portrett av en kvinne i halvprofil, som b\u00e6rer et samisk hodeplagg og en stav med m\u00f8nstre hentet fra samiske treskj\u00e6rings- og ornamenttradisjoner&#10;Foto: Cornelius Poppe \/ NTB\" class=\"brick-c-cFOWSL\" style=\"--brick-image-ratio: 8640 \/ 5760;\"\/><\/p>\n<p>      NYTT: De nye byggene er toppmoderne og vakkert utsmykket.<br \/>\n      Foto: Cornelius Poppe\/NTB\n    <\/p>\n<p>Tung sier at ingen egentlig \u00f8nsker \u00e5 bygge nytt regjeringskvartal, men at det m\u00e5tte gj\u00f8res etter terrorangrepet 22. juli i 2011. \u00c5tte mennesker ble drept av bomben ved regjeringskvartalet.<\/p>\n<p>\u2013 60 prosent av byggekostnadene i regjeringskvartalet er sikkerhet. S\u00e6rlig etter koronapandemien har det ogs\u00e5 v\u00e6rt en stor prisstigning p\u00e5 st\u00e5l og betong, som har bidratt til at dette har blitt dyrt, sier hun.<\/p>\n<p>  <a href=\"https:\/\/www.rb.no\/5-43-2631430\" class=\"related-teaser has-image default-story-teaser article--c-eRUmMG article--c-eRUmMG-jKCPdD-design-default\" rel=\"nofollow noopener\" target=\"_blank\"><\/p>\n<p>    <img decoding=\"async\" loading=\"lazy\"  src=\"https:\/\/www.europesays.com\/no\/wp-content\/uploads\/2025\/12\/Kommunestyrem%C3%B8te+L%C3%B8renskog-.jpg\" alt=\"\" class=\"brick-c-cFOWSL\" style=\"\"\/><\/p>\n<p>\n            Les ogs\u00e5<\/p>\n<p>              Her vedtar de den omstridte skatten: \u2013 Vi gj\u00f8r dette fordi vi m\u00e5, ikke fordi vi vil\n        <\/p>\n<p>  <\/a><br \/>\n  Har kuttet kostnader<\/p>\n<p>Tung p\u00e5peker at 4.100 ansatte skal inn i bygningene til slutt, og at det er viktig at de har et godt arbeidsmilj\u00f8.<\/p>\n<p>\u2013 Det innbefatter ogs\u00e5 treningsfasiliteter for de ansatte som jeg h\u00e5per de benytter seg av.<\/p>\n<p>Neste byggetrinn har en kostnadsramme p\u00e5 8,5 milliarder kroner, mens kostnadene for de resterende byggetrinnene ikke er avklart enn\u00e5.<\/p>\n<p>\u2013 Denne regjeringen har \u2013 ogs\u00e5 sammen med Senterpartiet i regjering \u2013 v\u00e6rt opptatt av \u00e5 kutte kostnader. Vi har blant annet g\u00e5tt ned p\u00e5 antall ansatte fra 4.700 til 4.100, sa Tung.<\/p>\n<p>Byggetrinn 1 har ogs\u00e5 blitt 2 milliarder kroner billigere enn kostnadsrammen, p\u00e5peker hun.<\/p>\n<p>  <a href=\"https:\/\/www.rb.no\/5-43-2631416\" class=\"related-teaser has-image default-story-teaser article--c-eRUmMG article--c-eRUmMG-jKCPdD-design-default\" rel=\"nofollow noopener\" target=\"_blank\"><\/p>\n<p>    <img decoding=\"async\" loading=\"lazy\"  src=\"https:\/\/www.europesays.com\/no\/wp-content\/uploads\/2025\/12\/DSC_9280.jpg\" alt=\"\" class=\"brick-c-cFOWSL\" style=\"\"\/><\/p>\n<p>\n            Les ogs\u00e5<\/p>\n<p>              Roaf mangedobler prisen \u2013 politikerne raser: \u2013 D\u00e5rlig nytt for folks lommebok\n        <\/p>\n<p>  <\/a><br \/>\n  \u2013 Det skurrer litt<\/p>\n<p>Geir Pollestad (Sp) fulgte opp med mer skyts mot byggeprosjektet.<\/p>\n<p>\u2013 Senterpartiet er jo klar over at bygget allerede er bygd, og at det ikke er denne basketbanen som utgj\u00f8r hovedkostnaden med bygget. Men det skurrer likevel litt n\u00e5r en snakker om n\u00f8ysomhet i prosjektet, sier han.<\/p>\n<p>Han spurte barne- og familieministeren om hvem som b\u00f8r prioriteres:<\/p>\n<p>\u2013 Hva vil statsr\u00e5den og regjeringen gj\u00f8re for at barn og unge i Oslo skal f\u00e5 like gode fasiliteter til \u00e5 spille basket og drive annen idrett som det statsr\u00e5dene og medarbeiderne i departementet vil f\u00e5? spurte han.<\/p>\n<p>\u2013 Jeg synes sammenligningen i sp\u00f8rsm\u00e5let er litt spesiell. Jeg mener ikke at det er en motsetning mellom at vi sammen p\u00e5 r\u00f8dgr\u00f8nn side bidrar til \u00e5 styrke kommune\u00f8konomien og styrke tilskudd til inkludering av barn og unge, samtidig som vi tar det selvf\u00f8lgelige ansvaret med \u00e5 sikre at landet f\u00e5r et nytt regjeringskvartal, svarte Tung.<\/p>\n<p>(\u00a9NTB)<\/p>\n<p>  <a href=\"https:\/\/www.rb.no\/5-43-2618039\" class=\"related-teaser has-image default-story-teaser article--c-eRUmMG article--c-eRUmMG-jKCPdD-design-default\" rel=\"nofollow noopener\" target=\"_blank\"><\/p>\n<p>    <img decoding=\"async\" loading=\"lazy\"  src=\"https:\/\/www.europesays.com\/no\/wp-content\/uploads\/2025\/12\/nerdrum5.jpg\" alt=\"\" class=\"brick-c-cFOWSL\" style=\"\"\/><\/p>\n<p>\n            Les ogs\u00e5<\/p>\n<p>              Flere stoppesteder kan bli lagt ned: Holder rapport hemmelig\n        <\/p>\n<p>  <\/a><\/p>\n","protected":false},"excerpt":{"rendered":"\u2013 Senterpartiet er ikke motstandere av statsr\u00e5der og byr\u00e5krater som spiller basket. Det vi setter sp\u00f8rsm\u00e5lstegn ved, er&hellip;\n","protected":false},"author":2,"featured_media":110058,"comment_status":"","ping_status":"","sticky":false,"template":"","format":"standard","meta":{"footnotes":""},"categories":[10],"tags":[36,20,21,24,25,15,22,23,13,30,28,29,14,16,3958,1510,26,27,2772],"class_list":{"0":"post-110057","1":"post","2":"type-post","3":"status-publish","4":"format-standard","5":"has-post-thumbnail","7":"category-norge","8":"tag-art","9":"tag-breaking-news","10":"tag-breakingnews","11":"tag-featured-news","12":"tag-featurednews","13":"tag-headlines","14":"tag-latest-news","15":"tag-latestnews","16":"tag-news","17":"tag-no","18":"tag-norge","19":"tag-norway","20":"tag-nyheter","21":"tag-overskrifter","22":"tag-regjeringskvartalet","23":"tag-story","24":"tag-top-stories","25":"tag-topstories","26":"tag-utbygging"},"share_on_mastodon":{"url":"https:\/\/pubeurope.com\/@no\/115699742631708680","error":""},"_links":{"self":[{"href":"https:\/\/www.europesays.com\/no\/wp-json\/wp\/v2\/posts\/110057","targetHints":{"allow":["GET"]}}],"collection":[{"href":"https:\/\/www.europesays.com\/no\/wp-json\/wp\/v2\/posts"}],"about":[{"href":"https:\/\/www.europesays.com\/no\/wp-json\/wp\/v2\/types\/post"}],"author":[{"embeddable":true,"href":"https:\/\/www.europesays.com\/no\/wp-json\/wp\/v2\/users\/2"}],"replies":[{"embeddable":true,"href":"https:\/\/www.europesays.com\/no\/wp-json\/wp\/v2\/comments?post=110057"}],"version-history":[{"count":0,"href":"https:\/\/www.europesays.com\/no\/wp-json\/wp\/v2\/posts\/110057\/revisions"}],"wp:featuredmedia":[{"embeddable":true,"href":"https:\/\/www.europesays.com\/no\/wp-json\/wp\/v2\/media\/110058"}],"wp:attachment":[{"href":"https:\/\/www.europesays.com\/no\/wp-json\/wp\/v2\/media?parent=110057"}],"wp:term":[{"taxonomy":"category","embeddable":true,"href":"https:\/\/www.europesays.com\/no\/wp-json\/wp\/v2\/categories?post=110057"},{"taxonomy":"post_tag","embeddable":true,"href":"https:\/\/www.europesays.com\/no\/wp-json\/wp\/v2\/tags?post=110057"}],"curies":[{"name":"wp","href":"https:\/\/api.w.org\/{rel}","templated":true}]}}