{"id":110079,"date":"2025-12-11T07:52:34","date_gmt":"2025-12-11T07:52:34","guid":{"rendered":"https:\/\/www.europesays.com\/no\/110079\/"},"modified":"2025-12-11T07:52:34","modified_gmt":"2025-12-11T07:52:34","slug":"frankrike-slar-danmark-i-kvartfinalen-i-handball-vm","status":"publish","type":"post","link":"https:\/\/www.europesays.com\/no\/110079\/","title":{"rendered":"Frankrike sl\u00e5r Danmark i kvartfinalen i h\u00e5ndball-VM"},"content":{"rendered":"<p class=\"kicker \" style=\"\">Frankrikes f\u00f8rstedame:<\/p>\n<p>  Reaksjonene hagler fra feminister i Frankrike etter at landets f\u00f8rstedame omtalte aktivister med det franske skjellsordet \u00absales connes\u00bb.<\/p>\n<p>\n    GROVT SKJELLSORD: Flere feminister reagerer etter at Frankrikes f\u00f8rstedame Brigitte Macron brukte et kj\u00f8nnet, grovt skjellsord mot aktivister. Her avbildet fra en tidligere anledning med sin ektemann president Emmanuel Macron. Foto: Isa Harsin \/ Sipa \/Shutterstock \/ NTB\n  <\/p>\n<p>En video som har sirkulert i sosiale medier, skal vise Macron benytte skjellsordet for \u00e5 beskrive aktivistene som i helgen stilte til demonstrasjon under forestillingen til skuespiller og komiker Ary Abittan, som er anklaget for voldtekt.<\/p>\n<p>Det grove, franske skjellsordet \u00absales connes\u00bb har omtrent samme betydning som \u00e5 kalle noen for en dum hurpe.<\/p>\n<p>F\u00f8rstedamens kontor har sagt at kommentarene som ble sagt bak scenen s\u00f8ndag, var ment for \u00e5 kritisere metoden til aktivistene under helgens demonstrasjoner. Demonstrantene m\u00f8tte opp under forestillingen med masker av Abittan og ropte \u00abAbittan voldtektsmann\u00bb.<\/p>\n<p>Skuespilleren ble i 2021 anklaget for voldtekt av en kvinne han tidligere har hatt et forhold til. Etterforskere henla saken i 2023, og en lagmannsrett opprettholdt avgj\u00f8relsen i januar.<\/p>\n<p>Flere profilerte kjendiser har sluttet seg til en trend i sosiale medier, samlet rundt emneknaggen #SalesConnes.<\/p>\n<p>&#8211; Jeg er en j\u00e6vla kjerring. Og stolt av det, skrev Oscar-vinneren Marion Cotillard til sine 1,7 millioner Instagram-f\u00f8lgere tirsdag.<\/p>\n<p>(NTB)<\/p>\n","protected":false},"excerpt":{"rendered":"Frankrikes f\u00f8rstedame: Reaksjonene hagler fra feminister i Frankrike etter at landets f\u00f8rstedame omtalte aktivister med det franske skjellsordet&hellip;\n","protected":false},"author":2,"featured_media":110080,"comment_status":"","ping_status":"","sticky":false,"template":"","format":"standard","meta":{"footnotes":""},"categories":[5],"tags":[20,21,1524,24,25,105,15,19,22,23,17,18,13,30,28,29,14,16,83,26,27],"class_list":{"0":"post-110079","1":"post","2":"type-post","3":"status-publish","4":"format-standard","5":"has-post-thumbnail","7":"category-overskrifter","8":"tag-breaking-news","9":"tag-breakingnews","10":"tag-danmark","11":"tag-featured-news","12":"tag-featurednews","13":"tag-handball","14":"tag-headlines","15":"tag-hovedoppslag","16":"tag-latest-news","17":"tag-latestnews","18":"tag-main-news","19":"tag-mainnews","20":"tag-news","21":"tag-no","22":"tag-norge","23":"tag-norway","24":"tag-nyheter","25":"tag-overskrifter","26":"tag-sport","27":"tag-top-stories","28":"tag-topstories"},"share_on_mastodon":{"url":"https:\/\/pubeurope.com\/@no\/115699852526390882","error":""},"_links":{"self":[{"href":"https:\/\/www.europesays.com\/no\/wp-json\/wp\/v2\/posts\/110079","targetHints":{"allow":["GET"]}}],"collection":[{"href":"https:\/\/www.europesays.com\/no\/wp-json\/wp\/v2\/posts"}],"about":[{"href":"https:\/\/www.europesays.com\/no\/wp-json\/wp\/v2\/types\/post"}],"author":[{"embeddable":true,"href":"https:\/\/www.europesays.com\/no\/wp-json\/wp\/v2\/users\/2"}],"replies":[{"embeddable":true,"href":"https:\/\/www.europesays.com\/no\/wp-json\/wp\/v2\/comments?post=110079"}],"version-history":[{"count":0,"href":"https:\/\/www.europesays.com\/no\/wp-json\/wp\/v2\/posts\/110079\/revisions"}],"wp:featuredmedia":[{"embeddable":true,"href":"https:\/\/www.europesays.com\/no\/wp-json\/wp\/v2\/media\/110080"}],"wp:attachment":[{"href":"https:\/\/www.europesays.com\/no\/wp-json\/wp\/v2\/media?parent=110079"}],"wp:term":[{"taxonomy":"category","embeddable":true,"href":"https:\/\/www.europesays.com\/no\/wp-json\/wp\/v2\/categories?post=110079"},{"taxonomy":"post_tag","embeddable":true,"href":"https:\/\/www.europesays.com\/no\/wp-json\/wp\/v2\/tags?post=110079"}],"curies":[{"name":"wp","href":"https:\/\/api.w.org\/{rel}","templated":true}]}}