{"id":110085,"date":"2025-12-11T07:57:09","date_gmt":"2025-12-11T07:57:09","guid":{"rendered":"https:\/\/www.europesays.com\/no\/110085\/"},"modified":"2025-12-11T07:57:09","modified_gmt":"2025-12-11T07:57:09","slug":"kalte-aktivister-for-dumme-hurper-dagbladet","status":"publish","type":"post","link":"https:\/\/www.europesays.com\/no\/110085\/","title":{"rendered":"Kalte aktivister for \u00abdumme hurper\u00bb &#8211; Dagbladet"},"content":{"rendered":"<ol>\n<li><a href=\"https:\/\/news.google.com\/rss\/articles\/CBMigAFBVV95cUxNZDZyZzhoSkZuRXNjXzlJamRseHF2N0lQdnFycHZ0bVpNSW1vUkZraktKbExUSjVzLThVdU52ekZTZW93OHVXVkZ2NHB4c2w1aDBZUXdqS0ZZQ1RWbHJLcnV6WGpROEdHRTRlbzVmWklBU0s0TTlVUUtieVY1SFlvVg?oc=5\" target=\"_blank\" rel=\"nofollow noopener\">Kalte aktivister for \u00abdumme hurper\u00bb<\/a>&nbsp;&nbsp;Dagbladet<\/li>\n<li><a href=\"https:\/\/news.google.com\/rss\/articles\/CBMiugFBVV95cUxQVndpYkRHZjVGaVl3cWs3NHNlWnVRX1NSbFFCZzlqYy1JemZsQXBLakplczNmM1p1WVVsR2VFMzdZQjgtWC1qVWVwR2FjMl9vb19HbDdTSU1ZRjBNaHJ5SUxVbDNjUnNOU2VHT2NPT1hrMFB2UWVQdEl1cG92ZndhOHVOZ0FvczR3TlpKcThqUjhFOVZGajltWlQ4Wm1oZ3FxNDdrNVM0MGxocHZ2RjBDR09uVy03TTVHLVE?oc=5\" target=\"_blank\" rel=\"nofollow noopener\">Frankrikes f\u00f8rstedame kalte aktivister for \u00abdumme hurper\u00bb \u2013 f\u00e5r kritikk<\/a>&nbsp;&nbsp;adressa.no<\/li>\n<li><a href=\"https:\/\/news.google.com\/rss\/articles\/CBMioAFBVV95cUxNQWRoMDUtQTRLNDZmR3NWdGV1LUZlZEt2UHFSS21GQXdFQ1dDczZjby1hYVo5MG1FdXV1SUFMcm1NRk1VS3ZmQkdJQlVOSUVJVU41U1RRNUswMDlrc0I4M19LbU56YUN1aFlmZWFlYUdHejdIU0w5RlhYRzIxRWtXVTNmNkxlWnBjMkNQb0lqOVJ4MXZ3cUtHbVV0eWdqSW5t?oc=5\" target=\"_blank\" rel=\"nofollow noopener\">Brigitte Macron langer ut mot feminister i lekket video: \u2013 T\u00e5pelige kjerringer<\/a>&nbsp;&nbsp;geopolitika.no<\/li>\n<li><a href=\"https:\/\/news.google.com\/rss\/articles\/CBMi3AFBVV95cUxPckU1V1FEYTNHWTNJODlTMFozY2VSSG5iT0tyMjZ6RmJocXlWRGJzRjVfaW52Z0VNTkEyTXZGWEtFUVZ4UEJlZHhxUWpSNmtWU1drcEo5UmxDU2JNVzJveWZsbllTZVZhR2luZjYwWkdqMEx5dkFtNGZySWZVa3J4UFBpdzQwNlh4cmtpb2RIdWNPTEJQR3FZdU5lR2lqX3Z6UWdYaHhkd3laN3diYkJfZ3dvMHhsNENHcjZIZ3VpempMX2tqMWhaNUpYcWJMTTFsd24yMWtDMUplbUNI?oc=5\" target=\"_blank\" rel=\"nofollow noopener\">Frankrikes f\u00f8rstedame Brigitte Macron m\u00f8ter motb\u00f8r etter \u00e5 ha kalt feministiske demonstranter for &laquo;skitne b****es&raquo;<\/a>&nbsp;&nbsp;Gamereactor<\/li>\n<\/ol>\n","protected":false},"excerpt":{"rendered":"Kalte aktivister for \u00abdumme hurper\u00bb&nbsp;&nbsp;Dagbladet Frankrikes f\u00f8rstedame kalte aktivister for \u00abdumme hurper\u00bb \u2013 f\u00e5r kritikk&nbsp;&nbsp;adressa.no Brigitte Macron langer&hellip;\n","protected":false},"author":2,"featured_media":110086,"comment_status":"","ping_status":"","sticky":false,"template":"","format":"standard","meta":{"footnotes":""},"categories":[12],"tags":[20,21,24,25,15,22,23,13,30,28,29,14,16,26,27,412,42,43,44,45],"class_list":{"0":"post-110085","1":"post","2":"type-post","3":"status-publish","4":"format-standard","5":"has-post-thumbnail","7":"category-verden","8":"tag-breaking-news","9":"tag-breakingnews","10":"tag-featured-news","11":"tag-featurednews","12":"tag-headlines","13":"tag-latest-news","14":"tag-latestnews","15":"tag-news","16":"tag-no","17":"tag-norge","18":"tag-norway","19":"tag-nyheter","20":"tag-overskrifter","21":"tag-top-stories","22":"tag-topstories","23":"tag-utenriks","24":"tag-verden","25":"tag-world","26":"tag-world-news","27":"tag-worldnews"},"share_on_mastodon":{"url":"https:\/\/pubeurope.com\/@no\/115699872087154510","error":""},"_links":{"self":[{"href":"https:\/\/www.europesays.com\/no\/wp-json\/wp\/v2\/posts\/110085","targetHints":{"allow":["GET"]}}],"collection":[{"href":"https:\/\/www.europesays.com\/no\/wp-json\/wp\/v2\/posts"}],"about":[{"href":"https:\/\/www.europesays.com\/no\/wp-json\/wp\/v2\/types\/post"}],"author":[{"embeddable":true,"href":"https:\/\/www.europesays.com\/no\/wp-json\/wp\/v2\/users\/2"}],"replies":[{"embeddable":true,"href":"https:\/\/www.europesays.com\/no\/wp-json\/wp\/v2\/comments?post=110085"}],"version-history":[{"count":0,"href":"https:\/\/www.europesays.com\/no\/wp-json\/wp\/v2\/posts\/110085\/revisions"}],"wp:featuredmedia":[{"embeddable":true,"href":"https:\/\/www.europesays.com\/no\/wp-json\/wp\/v2\/media\/110086"}],"wp:attachment":[{"href":"https:\/\/www.europesays.com\/no\/wp-json\/wp\/v2\/media?parent=110085"}],"wp:term":[{"taxonomy":"category","embeddable":true,"href":"https:\/\/www.europesays.com\/no\/wp-json\/wp\/v2\/categories?post=110085"},{"taxonomy":"post_tag","embeddable":true,"href":"https:\/\/www.europesays.com\/no\/wp-json\/wp\/v2\/tags?post=110085"}],"curies":[{"name":"wp","href":"https:\/\/api.w.org\/{rel}","templated":true}]}}