{"id":110087,"date":"2025-12-11T07:59:40","date_gmt":"2025-12-11T07:59:40","guid":{"rendered":"https:\/\/www.europesays.com\/no\/110087\/"},"modified":"2025-12-11T07:59:40","modified_gmt":"2025-12-11T07:59:40","slug":"venezuela-raser-mot-usa-tyveri","status":"publish","type":"post","link":"https:\/\/www.europesays.com\/no\/110087\/","title":{"rendered":"Venezuela raser mot USA: &#8211; Tyveri"},"content":{"rendered":"<p>  Amerikansk kystvakt har avsk\u00e5ret og tatt beslag i en oljetanker utenfor kysten av Venezuela.- \u00c5penlyst tyveri, svarer Venezuela.<\/p>\n<p>\n    VISER DRAMA: USAs justisminister har delt en video som viser at soldater g\u00e5r om bord oljetankeren fra et helikopter. Foto: U.S. Attorney General\/Handout via REUTERS.\n  <\/p>\n<p> Den amerikanske kystvakten har stanset og tatt beslag i en oljetanker utenfor kysten av Venezuela. <\/p>\n<p>&#8211; Vi har akkurat beslaglagt et tankskip utenfor kysten av Venezuela, en stor oljetanker, veldig stor \u2013 faktisk den st\u00f8rste som noen gang er beslaglagt, sa president Donald Trump til journalister i Det hvite hus onsdag.<\/p>\n<p>&#8211; Og andre ting skjer, det f\u00e5r dere se senere, fortsatte han, uten \u00e5 komme med flere detaljer, annet enn \u00e5 si at det var \u00aben veldig god grunn\u00bb til at skipet ble tatt i beslag.<\/p>\n<p>        <img loading=\"lazy\" decoding=\"async\" src=\"https:\/\/www.europesays.com\/no\/wp-content\/uploads\/2025\/12\/83968254.webp\" width=\"980\" height=\"559\" title=\"BEKREFTET: USAs president Donald Trump. Foto: ANDREW CABALLERO-REYNOLDS \/ AFP\/ NTB\" alt=\"\" class=\"\" style=\"--aspect-ratio-image: 1.75; \"\/><\/p>\n<p>\n        BEKREFTET: USAs president Donald Trump. Foto: ANDREW CABALLERO-REYNOLDS \/ AFP\/ NTB\n    <\/p>\n<p>Venezuela raser mot USA etter beslaget.\u00a0<\/p>\n<p> &#8211; Venezuela ford\u00f8mmer og avviser p\u00e5 det sterkeste det som utgj\u00f8r et \u00e5penlyst tyveri og en handling av internasjonal piratvirksomhet.<\/p>\n<p>Regjeringen hevder at beslaget viser at USA f\u00f8rst og fremst er ute etter Venezuelas naturressurser.<\/p>\n<p>&#8211; Dette viser tydelig at den aggressive politikken mot v\u00e5rt land er en del av en plan for \u00e5 frata oss v\u00e5re energiresurser, heter det i uttalelsen. <\/p>\n<blockquote class=\"twitter-tweet\">\n<p lang=\"en\" dir=\"ltr\">Today, the Federal Bureau of Investigation, Homeland Security Investigations, and the United States Coast Guard, with support from the Department of War, executed a seizure warrant for a crude oil tanker used to transport sanctioned oil from Venezuela and Iran. For multiple\u2026 <a href=\"https:\/\/t.co\/dNr0oAGl5x\" rel=\"nofollow\">pic.twitter.com\/dNr0oAGl5x<\/a><\/p>\n<p>\u2014 Attorney General Pamela Bondi (@AGPamBondi) <a href=\"https:\/\/twitter.com\/AGPamBondi\/status\/1998875795151024337?ref_src=twsrc%5Etfw\" rel=\"nofollow noopener\" target=\"_blank\">December 10, 2025<\/a><\/p><\/blockquote>\n<p> USAs justisminister Pam Bondi sier kystvakten, med st\u00f8tte fra milit\u00e6ret, har iverksatt en rettsordre om \u00e5 beslaglegge skipet. Hun har delt en video som viser amerikanske soldater som firer seg ned fra et helikopter til skipets dekk og deretter g\u00e5r opp p\u00e5 broen med hevede v\u00e5pen. <\/p>\n<p> Amerikanske medier skriver at oljetankeren var p\u00e5 vei til Cuba \u2013 som USA ogs\u00e5 har et anstrengt forhold til \u2013 da den ble stanset av kystvakten.\u00a0<\/p>\n<p>Kilder sier til TV-kanalen CBS at det dreier seg om tankskipet Skipper, som er registrert i Venezuelas naboland Guyana. USA innf\u00f8rte sanksjoner mot skipet i 2022 p\u00e5 grunn av koblinger til Iran og Hizbollah-militsen i Libanon. <\/p>\n<p>Trumps kunngj\u00f8ring kom samme dag som Nobels fredspris ble tildelt den venezuelanske opposisjonslederen Maria Corina Machado i Oslo. Machado rakk ikke fram i tide til selv \u00e5 motta prisen.<\/p>\n<p> Venezuela hevder at beslaget var et fors\u00f8k p\u00e5 \u00e5 avlede oppmerksomheten fra prisutdelingen i Oslo. <\/p>\n<p> &#8211; Vi ford\u00f8mmer ogs\u00e5 at denne pirathandlingen s\u00f8ker \u00e5 avlede oppmerksomheten og dekke over den totale fiaskoen i det politiske showet som ble iscenesatt i dag i Oslo, hvor de ansvarliges manipulasjoner og resultatl\u00f8shet nok en gang ble avsl\u00f8rt, heter det i uttalelsen. <\/p>\n<p><script async src=\"https:\/\/platform.twitter.com\/widgets.js\" charset=\"utf-8\"><\/script><\/p>\n","protected":false},"excerpt":{"rendered":"Amerikansk kystvakt har avsk\u00e5ret og tatt beslag i en oljetanker utenfor kysten av Venezuela.- \u00c5penlyst tyveri, svarer Venezuela.&hellip;\n","protected":false},"author":2,"featured_media":110088,"comment_status":"","ping_status":"","sticky":false,"template":"","format":"standard","meta":{"footnotes":""},"categories":[5],"tags":[20,21,55,24,25,15,19,22,23,17,18,13,30,28,29,14,16,26,27,50,412,95],"class_list":{"0":"post-110087","1":"post","2":"type-post","3":"status-publish","4":"format-standard","5":"has-post-thumbnail","7":"category-overskrifter","8":"tag-breaking-news","9":"tag-breakingnews","10":"tag-donald-trump","11":"tag-featured-news","12":"tag-featurednews","13":"tag-headlines","14":"tag-hovedoppslag","15":"tag-latest-news","16":"tag-latestnews","17":"tag-main-news","18":"tag-mainnews","19":"tag-news","20":"tag-no","21":"tag-norge","22":"tag-norway","23":"tag-nyheter","24":"tag-overskrifter","25":"tag-top-stories","26":"tag-topstories","27":"tag-usa","28":"tag-utenriks","29":"tag-venezuela"},"share_on_mastodon":{"url":"https:\/\/pubeurope.com\/@no\/115699880516490563","error":""},"_links":{"self":[{"href":"https:\/\/www.europesays.com\/no\/wp-json\/wp\/v2\/posts\/110087","targetHints":{"allow":["GET"]}}],"collection":[{"href":"https:\/\/www.europesays.com\/no\/wp-json\/wp\/v2\/posts"}],"about":[{"href":"https:\/\/www.europesays.com\/no\/wp-json\/wp\/v2\/types\/post"}],"author":[{"embeddable":true,"href":"https:\/\/www.europesays.com\/no\/wp-json\/wp\/v2\/users\/2"}],"replies":[{"embeddable":true,"href":"https:\/\/www.europesays.com\/no\/wp-json\/wp\/v2\/comments?post=110087"}],"version-history":[{"count":0,"href":"https:\/\/www.europesays.com\/no\/wp-json\/wp\/v2\/posts\/110087\/revisions"}],"wp:featuredmedia":[{"embeddable":true,"href":"https:\/\/www.europesays.com\/no\/wp-json\/wp\/v2\/media\/110088"}],"wp:attachment":[{"href":"https:\/\/www.europesays.com\/no\/wp-json\/wp\/v2\/media?parent=110087"}],"wp:term":[{"taxonomy":"category","embeddable":true,"href":"https:\/\/www.europesays.com\/no\/wp-json\/wp\/v2\/categories?post=110087"},{"taxonomy":"post_tag","embeddable":true,"href":"https:\/\/www.europesays.com\/no\/wp-json\/wp\/v2\/tags?post=110087"}],"curies":[{"name":"wp","href":"https:\/\/api.w.org\/{rel}","templated":true}]}}