{"id":110095,"date":"2025-12-11T08:07:09","date_gmt":"2025-12-11T08:07:09","guid":{"rendered":"https:\/\/www.europesays.com\/no\/110095\/"},"modified":"2025-12-11T08:07:09","modified_gmt":"2025-12-11T08:07:09","slug":"na-tar-ogsa-russisk-skiskyting-kampen-anker-utestengelse-til-cas","status":"publish","type":"post","link":"https:\/\/www.europesays.com\/no\/110095\/","title":{"rendered":"N\u00e5 tar ogs\u00e5 russisk skiskyting kampen \u2013 anker utestengelse til CAS"},"content":{"rendered":"\n<p class=\"_lead_o9xde_2 _lead_xtcu6_50 layout-component text-serif-m layout-normal text-serif-l layout-component layout-wide layout-padded _wide_17hqh_1 layout-padded\">Idrettens voldgiftsrett har banet vei for at russiske skil\u00f8pere kan delta i internasjonale konkurranser. N\u00e5 havner skiskytternes skjebne samme sted.<\/p>\n<p><img alt=\"Russiske skiskyttere har v\u00e6rt utestengt siden 2022.  Foto: Matthias Schrader \/ AP \/ NTB\" class=\"_image_qp4xg_65 layout-component layout-wide\" data-fullscreen- data-track-element-type=\"Article image fullscreen\" data-track-name=\"ImageFullscreen\" fetchpriority=\"high\" decoding=\"sync\" loading=\"eager\" height=\"2472\" itemprop=\"image\"  src=\"https:\/\/www.europesays.com\/no\/wp-content\/uploads\/2025\/12\/a7bcb9d3-3f09-4d58-a9a2-b668c7570aeb\"  style=\"object-position:0% 0%\" width=\"3746\"\/>Russiske skiskyttere har v\u00e6rt utestengt siden 2022.  Foto: Matthias Schrader \/ AP \/ NTB<\/p>\n<ul aria-hidden=\"true\" class=\"_images_ntbth_112\">\n<li><a class=\"_link_ntbth_117\" href=\"https:\/\/www.vg.no\/forfatter\/ntb\" style=\"z-index:1\" title=\"NTB\" rel=\"nofollow noopener\" target=\"_blank\"><img alt=\"Bilde av NTB\" class=\"_image_ntbth_93\" fetchpriority=\"low\" loading=\"lazy\" decoding=\"async\" itemprop=\"image\"  src=\"https:\/\/www.europesays.com\/no\/wp-content\/uploads\/2025\/12\/1765440429_561_c33980b0-5d07-4027-84a1-813f90a7c8d6\"  width=\"480\"\/><\/a><\/li>\n<\/ul>\n<p> Oppdatert torsdag 11. desember kl. 08:23     <\/p>\n<p class=\"_paragraph_o9xde_4 _paragraph_xtcu6_10 layout-component text-serif-m layout-normal text-serif-m layout-padded\">Onsdag varslet <a href=\"https:\/\/www.vg.no\/tag\/russland?utm_source=vg-article&amp;utm_medium=auto-tagger&amp;utm_campaign=QJlOqW\" class=\"_link_o9xde_39\" rel=\"nofollow noopener\" target=\"_blank\">Russlands<\/a> idrettsminister Mikhail Degtjarev at ogs\u00e5 utelukkelsen av landets skiskyttere blir mat for voldgiftsretten i Lausanne.<\/p>\n<p class=\"_paragraph_o9xde_4 _paragraph_xtcu6_10 layout-component text-serif-m layout-normal text-serif-m layout-padded\">Degtjarev, som ogs\u00e5 er leder av den russiske olympiske komiteen, kom med nyheten p\u00e5 en OL-konferanse, melder det russiske nyhetsbyr\u00e5et TASS.<\/p>\n<p class=\"_paragraph_o9xde_4 _paragraph_xtcu6_10 layout-component text-serif-m layout-normal text-serif-m layout-padded\"> Uttalelsene er gjengitt av blant andre <a href=\"https:\/\/matchtv.ru\/biathlon\/matchtvnews_NI2276910_SBR_poprosit_CAS_rassmotret_vopros_dopuska_biatlonistov_RF_do_mezhdunarodnyh_startov_po_uskorennoj_procedure\" class=\"_link_o9xde_39\" rel=\"nofollow noopener\" target=\"_blank\">Match TV<\/a> og <a href=\"https:\/\/www.championat.com\/biathlon\/news-6276694-sbr-podast-isk-v-cas-po-dopusku-rossijskih-biatlonistov-segodnya.html\" class=\"_link_o9xde_39\" rel=\"nofollow noopener\" target=\"_blank\">Championat<\/a>.<\/p>\n<p class=\"_paragraph_o9xde_4 _paragraph_xtcu6_10 layout-component text-serif-m layout-normal text-serif-m layout-padded\">Det internasjonale skiskytterforbundet (IBU) videref\u00f8rte tidligere i \u00e5r utestengelsen av russiske og belarusiske ut\u00f8vere som f\u00f8lge av krigen i Ukraina.<\/p>\n<p class=\"_paragraph_o9xde_4 _paragraph_xtcu6_10 layout-component text-serif-m layout-normal text-serif-m layout-padded\"> \u2013 Vi anser oppf\u00f8rselen til denne organisasjonen (IBU red.anm.) som fullstendig oppr\u00f8rende. Vi har omtrent den samme troen p\u00e5 seier som i langrenn \u2013 og vi vil vinne, sier idrettsministeren Degtjarev ogs\u00e5 til journalister <a href=\"https:\/\/ria.ru\/20251210\/degtyarev-2061084733.html\" class=\"_link_o9xde_39\" rel=\"nofollow noopener\" target=\"_blank\">if\u00f8lge RIA Novosti<\/a>.<\/p>\n<p class=\"_paragraph_o9xde_4 _paragraph_xtcu6_10 layout-component text-serif-m layout-normal text-serif-m layout-padded\">Den russiske skiskytterpresidenten Viktor Majgurov sier til Match TV at forbundet vil be CAS om \u00e5 hastebehandle saken om landets deltakelse i internasjonale konkurranser.<\/p>\n<p class=\"_paragraph_o9xde_4 _paragraph_xtcu6_10 layout-component text-serif-m layout-normal text-serif-m layout-padded\">\u2013 Skal det bli en framskyndet prosess, m\u00e5 begge parter v\u00e6re enige om det. Naturligvis vil et slikt initiativ komme fra v\u00e5r side. Jeg vet ikke om IBU vil st\u00f8tte det. Jeg har mine tvil, \u00e6rlig talt. Vi f\u00e5r se, sier Majgurov,<\/p>\n<p class=\"_paragraph_o9xde_4 _paragraph_xtcu6_10 layout-component text-serif-m layout-normal text-serif-m layout-padded\">Russiske skiskyttere har v\u00e6rt utestengt siden 2022.<\/p>\n<p class=\"_paragraph_o9xde_4 _paragraph_xtcu6_10 layout-component text-serif-m layout-normal text-serif-m layout-padded\">Uansett om CAS skulle gi ogs\u00e5 det russiske skiskytterforbundet medhold, kan det bli tidsn\u00f8d med hensyn til \u00e5 kvalifisere ut\u00f8vere til vinterens OL i Milano og Cortina.<\/p>\n","protected":false},"excerpt":{"rendered":"Idrettens voldgiftsrett har banet vei for at russiske skil\u00f8pere kan delta i internasjonale konkurranser. N\u00e5 havner skiskytternes skjebne&hellip;\n","protected":false},"author":2,"featured_media":110096,"comment_status":"","ping_status":"","sticky":false,"template":"","format":"standard","meta":{"footnotes":""},"categories":[59],"tags":[4036,179,30,28,29,188,769,83,82],"class_list":{"0":"post-110095","1":"post","2":"type-post","3":"status-publish","4":"format-standard","5":"has-post-thumbnail","7":"category-sport","8":"tag-ibu","9":"tag-krigen-i-ukraina","10":"tag-no","11":"tag-norge","12":"tag-norway","13":"tag-russland","14":"tag-skiskyting","15":"tag-sport","16":"tag-sports"},"share_on_mastodon":{"url":"https:\/\/pubeurope.com\/@no\/115699912089063730","error":""},"_links":{"self":[{"href":"https:\/\/www.europesays.com\/no\/wp-json\/wp\/v2\/posts\/110095","targetHints":{"allow":["GET"]}}],"collection":[{"href":"https:\/\/www.europesays.com\/no\/wp-json\/wp\/v2\/posts"}],"about":[{"href":"https:\/\/www.europesays.com\/no\/wp-json\/wp\/v2\/types\/post"}],"author":[{"embeddable":true,"href":"https:\/\/www.europesays.com\/no\/wp-json\/wp\/v2\/users\/2"}],"replies":[{"embeddable":true,"href":"https:\/\/www.europesays.com\/no\/wp-json\/wp\/v2\/comments?post=110095"}],"version-history":[{"count":0,"href":"https:\/\/www.europesays.com\/no\/wp-json\/wp\/v2\/posts\/110095\/revisions"}],"wp:featuredmedia":[{"embeddable":true,"href":"https:\/\/www.europesays.com\/no\/wp-json\/wp\/v2\/media\/110096"}],"wp:attachment":[{"href":"https:\/\/www.europesays.com\/no\/wp-json\/wp\/v2\/media?parent=110095"}],"wp:term":[{"taxonomy":"category","embeddable":true,"href":"https:\/\/www.europesays.com\/no\/wp-json\/wp\/v2\/categories?post=110095"},{"taxonomy":"post_tag","embeddable":true,"href":"https:\/\/www.europesays.com\/no\/wp-json\/wp\/v2\/tags?post=110095"}],"curies":[{"name":"wp","href":"https:\/\/api.w.org\/{rel}","templated":true}]}}