{"id":110098,"date":"2025-12-11T08:16:13","date_gmt":"2025-12-11T08:16:13","guid":{"rendered":"https:\/\/www.europesays.com\/no\/110098\/"},"modified":"2025-12-11T08:16:13","modified_gmt":"2025-12-11T08:16:13","slug":"brigitte-macron-skapte-oppsikt-med-skjellsord","status":"publish","type":"post","link":"https:\/\/www.europesays.com\/no\/110098\/","title":{"rendered":"Brigitte Macron skapte oppsikt med skjellsord"},"content":{"rendered":"\n<p class=\"_lead_o9xde_2 _lead_xtcu6_50 layout-component text-serif-m layout-normal text-serif-l layout-component layout-wide layout-padded _wide_17hqh_1 layout-padded\">Reaksjonene hagler fra feminister i Frankrike etter en uttalelse fra landets f\u00f8rstedame.<\/p>\n<p><img alt=\"Flere feminister reagerer etter at Frankrikes f\u00f8rstedame Brigitte Macron brukte et kj\u00f8nnet, grovt skjellsord mot aktivister. Her avbildet fra en tidligere anledning med sin ektemann president Emmanuel Macron.  Foto: Thomas Padilla \/ AP \/ NTB\" class=\"_image_qp4xg_65 layout-component layout-wide\" data-fullscreen- data-track-element-type=\"Article image fullscreen\" data-track-name=\"ImageFullscreen\" fetchpriority=\"high\" decoding=\"sync\" loading=\"eager\" height=\"4201\" itemprop=\"image\"  src=\"https:\/\/www.europesays.com\/no\/wp-content\/uploads\/2025\/12\/83ababaf-6586-461c-8779-db233aa878d1\"  style=\"object-position:0% 0%\" width=\"6299\"\/>Flere feminister reagerer etter at Frankrikes f\u00f8rstedame Brigitte Macron brukte et kj\u00f8nnet, grovt skjellsord mot aktivister. Her avbildet fra en tidligere anledning med sin ektemann president Emmanuel Macron.  Foto: Thomas Padilla \/ AP \/ NTB<\/p>\n<ul aria-hidden=\"true\" class=\"_images_ntbth_112\">\n<li><a class=\"_link_ntbth_117\" href=\"https:\/\/www.vg.no\/forfatter\/amalie-nordboe-odiin\" style=\"z-index:2\" title=\"Amalie Nordb\u00f8 Odiin\" rel=\"nofollow noopener\" target=\"_blank\"><img alt=\"Bilde av Amalie Nordb\u00f8 Odiin\" class=\"_image_ntbth_93\" fetchpriority=\"low\" loading=\"lazy\" decoding=\"async\" itemprop=\"image\"  src=\"https:\/\/www.europesays.com\/no\/wp-content\/uploads\/2025\/12\/1765440971_347_3a48a883-d93f-48c4-8078-cc59876bbb5b\"  width=\"480\"\/><\/a><\/li>\n<li><a class=\"_link_ntbth_117\" href=\"https:\/\/www.vg.no\/forfatter\/ntb\" style=\"z-index:1\" title=\"NTB\" rel=\"nofollow noopener\" target=\"_blank\"><img alt=\"Bilde av NTB\" class=\"_image_ntbth_93\" fetchpriority=\"low\" loading=\"lazy\" decoding=\"async\" itemprop=\"image\"  src=\"https:\/\/www.europesays.com\/no\/wp-content\/uploads\/2025\/12\/1765440972_329_c33980b0-5d07-4027-84a1-813f90a7c8d6\"  width=\"480\"\/><\/a><\/li>\n<\/ul>\n<p> Oppdatert torsdag 11. desember kl. 08:45     <\/p>\n<p class=\"_paragraph_o9xde_4 _paragraph_xtcu6_10 layout-component text-serif-m layout-normal text-serif-m layout-padded\">For Brigitte Macron, Frankrikes f\u00f8rstedame, omtalte nemlig aktivister med det franske skjellsordet \u00absales connes\u00bb.<\/p>\n<p class=\"_paragraph_o9xde_4 _paragraph_xtcu6_10 layout-component text-serif-m layout-normal text-serif-m layout-padded\">En video som har sirkulert i sosiale medier, skal vise Macron benytte skjellsordet for \u00e5 beskrive aktivistene som i helgen stilte til demonstrasjon.<\/p>\n<p><img alt=\"Tidligere har flere spekulert i om Brigitte Macron er mann. Det f\u00f8rte til at ti personer ble tiltalt for \u00e6rekrenkelser.  Foto: Gonzalo Fuentes \/ Reuters \/ NTB\" class=\"_image_qp4xg_65 layout-component layout-normal\" data-fullscreen- data-track-element-type=\"Article image fullscreen\" data-track-name=\"ImageFullscreen\" decoding=\"async\" loading=\"lazy\" height=\"2319\" itemprop=\"image\"  src=\"https:\/\/www.europesays.com\/no\/wp-content\/uploads\/2025\/12\/9f543f36-71d9-4cad-b7d7-b7de51fb5c5f\"  style=\"object-position:0% 0%\" width=\"3478\"\/>Tidligere har flere spekulert i om Brigitte Macron er mann. Det f\u00f8rte til at ti personer ble tiltalt for \u00e6rekrenkelser.  Foto: Gonzalo Fuentes \/ Reuters \/ NTB<\/p>\n<p class=\"_paragraph_o9xde_4 _paragraph_xtcu6_10 layout-component text-serif-m layout-normal text-serif-m layout-padded\">Demonstrasjonen fant sted under forestillingen til skuespiller og komiker Ary Abittan, som er anklaget for voldtekt. <\/p>\n<p class=\"_paragraph_o9xde_4 _paragraph_xtcu6_10 layout-component text-serif-m layout-normal text-serif-m layout-padded\"><strong class=\"_strong_o9xde_25\">Det grove, franske skjellsordet \u00absales connes\u00bb har omtrent samme betydning som \u00e5 kalle noen for en dum hurpe. <\/strong><\/p>\n<p class=\"_paragraph_o9xde_4 _paragraph_xtcu6_10 layout-component text-serif-m layout-normal text-serif-m layout-padded\">Men det er ikke f\u00f8rste gang Macron har vekket oppsikt:<\/p>\n<p class=\"_paragraph_o9xde_4 _paragraph_xtcu6_10 layout-component text-serif-m layout-normal text-serif-m layout-padded\">Tidligere i \u00e5r oppsto det spekulasjoner da en annen video av den franske f\u00f8rstedamen sirkulerte.<\/p>\n<p class=\"_paragraph_o9xde_4 _paragraph_xtcu6_10 layout-component text-serif-m layout-normal text-serif-m layout-padded\">Denne videoen viser at hun dytter til president Macron p\u00e5 vei ut av et fly.<\/p>\n<p class=\"_paragraph_o9xde_4 _paragraph_xtcu6_10 layout-component text-serif-m layout-normal text-serif-m layout-padded\"><strong class=\"_strong_o9xde_25\">Se videoen her:<\/strong><\/p>\n<p class=\"_paragraph_o9xde_4 _paragraph_xtcu6_10 layout-component text-serif-m layout-normal text-serif-m layout-padded\">F\u00f8rstedamens kontor har sagt at kommentarene som ble sagt bak scenen s\u00f8ndag, var ment for \u00e5 kritisere metoden til aktivistene under helgens demonstrasjoner. <\/p>\n<p class=\"_paragraph_o9xde_4 _paragraph_xtcu6_10 layout-component text-serif-m layout-normal text-serif-m layout-padded\"><strong class=\"_strong_o9xde_25\">Demonstrantene m\u00f8tte opp under forestillingen med masker av Abittan og ropte \u00abAbittan voldtektsmann\u00bb.<\/strong><\/p>\n<p class=\"_paragraph_o9xde_4 _paragraph_xtcu6_10 layout-component text-serif-m layout-normal text-serif-m layout-padded\">Skuespilleren ble i 2021 anklaget for voldtekt av en kvinne han tidligere har hatt et forhold til. Etterforskere henla saken i 2023, og en lagmannsrett opprettholdt avgj\u00f8relsen i januar.<\/p>\n<p><img decoding=\"async\" alt=\"Bilde av Ary Abittan\" class=\"_image_ygndg_42\" height=\"27\" itemprop=\"image\" loading=\"lazy\"  src=\"https:\/\/www.europesays.com\/no\/wp-content\/uploads\/2025\/12\/77b124de-7443-4ac5-b070-f390f09d563d\"  width=\"40\"\/><strong class=\"_name_ygndg_51 title-serif-xs\">Ary Abittan<\/strong><\/p>\n<p class=\"_paragraph_o9xde_4 text-sans-m _description_ygndg_56\">Foto: MARTIN BUREAU \/ AFP \/ NTB<\/p>\n<p class=\"_paragraph_o9xde_4 _paragraph_xtcu6_10 layout-component text-serif-m layout-normal text-serif-m layout-padded\">Flere profilerte kjendiser har sluttet seg til en trend i sosiale medier, samlet rundt emneknaggen #SalesConnes. <\/p>\n<p class=\"_paragraph_o9xde_4 _paragraph_xtcu6_10 layout-component text-serif-m layout-normal text-serif-m layout-padded\">\u2013 Jeg er en j\u00e6vla kjerring. Og stolt av det, skrev Oscar-vinneren Marion Cotillard til sine 1,7 millioner Instagram-f\u00f8lgere tirsdag.<\/p>\n","protected":false},"excerpt":{"rendered":"Reaksjonene hagler fra feminister i Frankrike etter en uttalelse fra landets f\u00f8rstedame. Flere feminister reagerer etter at Frankrikes&hellip;\n","protected":false},"author":2,"featured_media":110099,"comment_status":"","ping_status":"","sticky":false,"template":"","format":"standard","meta":{"footnotes":""},"categories":[12],"tags":[20,21,1241,24,25,9983,15,1857,22,23,13,30,28,29,14,16,26,27,42,43,44,45],"class_list":{"0":"post-110098","1":"post","2":"type-post","3":"status-publish","4":"format-standard","5":"has-post-thumbnail","7":"category-verden","8":"tag-breaking-news","9":"tag-breakingnews","10":"tag-emmanuel-macron","11":"tag-featured-news","12":"tag-featurednews","13":"tag-forstedame","14":"tag-headlines","15":"tag-kritikk","16":"tag-latest-news","17":"tag-latestnews","18":"tag-news","19":"tag-no","20":"tag-norge","21":"tag-norway","22":"tag-nyheter","23":"tag-overskrifter","24":"tag-top-stories","25":"tag-topstories","26":"tag-verden","27":"tag-world","28":"tag-world-news","29":"tag-worldnews"},"share_on_mastodon":{"url":"https:\/\/pubeurope.com\/@no\/115699947303495889","error":""},"_links":{"self":[{"href":"https:\/\/www.europesays.com\/no\/wp-json\/wp\/v2\/posts\/110098","targetHints":{"allow":["GET"]}}],"collection":[{"href":"https:\/\/www.europesays.com\/no\/wp-json\/wp\/v2\/posts"}],"about":[{"href":"https:\/\/www.europesays.com\/no\/wp-json\/wp\/v2\/types\/post"}],"author":[{"embeddable":true,"href":"https:\/\/www.europesays.com\/no\/wp-json\/wp\/v2\/users\/2"}],"replies":[{"embeddable":true,"href":"https:\/\/www.europesays.com\/no\/wp-json\/wp\/v2\/comments?post=110098"}],"version-history":[{"count":0,"href":"https:\/\/www.europesays.com\/no\/wp-json\/wp\/v2\/posts\/110098\/revisions"}],"wp:featuredmedia":[{"embeddable":true,"href":"https:\/\/www.europesays.com\/no\/wp-json\/wp\/v2\/media\/110099"}],"wp:attachment":[{"href":"https:\/\/www.europesays.com\/no\/wp-json\/wp\/v2\/media?parent=110098"}],"wp:term":[{"taxonomy":"category","embeddable":true,"href":"https:\/\/www.europesays.com\/no\/wp-json\/wp\/v2\/categories?post=110098"},{"taxonomy":"post_tag","embeddable":true,"href":"https:\/\/www.europesays.com\/no\/wp-json\/wp\/v2\/tags?post=110098"}],"curies":[{"name":"wp","href":"https:\/\/api.w.org\/{rel}","templated":true}]}}