{"id":110109,"date":"2025-12-11T08:25:21","date_gmt":"2025-12-11T08:25:21","guid":{"rendered":"https:\/\/www.europesays.com\/no\/110109\/"},"modified":"2025-12-11T08:25:21","modified_gmt":"2025-12-11T08:25:21","slug":"nabokrangel-motorsag-85-aring-gikk-los-pa-naboens-garasje-med-motorsag","status":"publish","type":"post","link":"https:\/\/www.europesays.com\/no\/110109\/","title":{"rendered":"Nabokrangel, Motorsag | 85-\u00e5ring gikk l\u00f8s p\u00e5 naboens garasje med motorsag"},"content":{"rendered":"\n<p>(<a href=\"https:\/\/www.nordlys.no\/85-aring-gikk-los-pa-naboens-garasje-med-motorsag\/s\/5-34-2258567\" rel=\"Follow nofollow noopener\" target=\"_blank\">Nordlys<\/a>): Hendelsene skal ha funnet sted over en periode p\u00e5 nesten ett \u00e5r, fra h\u00f8sten 2024 til september 2025.<\/p>\n<p>H\u00f8sten 2024 skal han ha saget av deler av bordkledningen p\u00e5 garasjen med motorsag. I tillegg til \u00e5 ha pl\u00f8yd opp plenen like ved garasjen.<\/p>\n<p>  <a href=\"https:\/\/www.amta.no\/5-3-1932815\" class=\"related-teaser has-image default-story-teaser article--c-eRUmMG article--c-eRUmMG-jKCPdD-design-default\" wp_automatic_readability=\"1\" rel=\"nofollow noopener\" target=\"_blank\"><\/p>\n<p>    For abonnenter<\/p>\n<p>    <img decoding=\"async\" loading=\"lazy\"  src=\"https:\/\/www.europesays.com\/no\/wp-content\/uploads\/2025\/12\/IMG_1536.JPEG\" alt=\"\" class=\"brick-c-cFOWSL\" style=\"\"\/><\/p>\n<p>\n            Les ogs\u00e5<\/p>\n<p>  Marianne (66) raser mot politiet: \u2013 Kommer aldri til \u00e5 ringe dem igjen<\/p>\n<p>  <\/a><\/p>\n<p>Sommeren 2025 skal han knust en vindusrute i garasjen, f\u00f8r han deretter satt i gang med mototorsag igjen p\u00e5 bordkledningen.<\/p>\n<p>H\u00f8sten 2025: I dette tidsrommet skal han ha knust to vindusruter med et potetgrev. I tilleg til \u00e5 ha sagd i bordkledningen p\u00e5 garasjen med motorsag.<\/p>\n<p>  <a href=\"https:\/\/www.amta.no\/5-3-1933032\" class=\"related-teaser has-image default-story-teaser article--c-eRUmMG article--c-eRUmMG-jKCPdD-design-default\" wp_automatic_readability=\"1\" rel=\"nofollow noopener\" target=\"_blank\"><\/p>\n<p>    For abonnenter<\/p>\n<p>    <img decoding=\"async\" loading=\"lazy\"  src=\"https:\/\/www.europesays.com\/no\/wp-content\/uploads\/2025\/12\/IMG_2381.JPG\" alt=\"\" class=\"brick-c-cFOWSL\" style=\"\"\/><\/p>\n<p>\n            Les ogs\u00e5<\/p>\n<p>  Snart stopper de det popul\u00e6re lotteriet resten av \u00e5ret: \u2013 Veldig uheldig <\/p>\n<p>  <\/a><\/p>\n<p>  <a href=\"https:\/\/www.amta.no\/5-3-1932843\" class=\"related-teaser has-image default-story-teaser article--c-eRUmMG article--c-eRUmMG-jKCPdD-design-default\" wp_automatic_readability=\"1\" rel=\"nofollow noopener\" target=\"_blank\"><\/p>\n<p>    <img decoding=\"async\" loading=\"lazy\"  src=\"https:\/\/www.europesays.com\/no\/wp-content\/uploads\/2025\/12\/a7ab1949-abaa-46be-91aa-7eb4346d2386.jfif\" alt=\"\" class=\"brick-c-cFOWSL\" style=\"\"\/><\/p>\n<p>\n            Les ogs\u00e5<\/p>\n<p>  Flere reagerer p\u00e5 det nye navnet: \u2013 Hva er vitsen? <\/p>\n<p>  <\/a><\/p>\n","protected":false},"excerpt":{"rendered":"(Nordlys): Hendelsene skal ha funnet sted over en periode p\u00e5 nesten ett \u00e5r, fra h\u00f8sten 2024 til september&hellip;\n","protected":false},"author":2,"featured_media":15116,"comment_status":"","ping_status":"","sticky":false,"template":"","format":"standard","meta":{"footnotes":""},"categories":[12],"tags":[36,20,21,24,25,15,394,22,23,13522,11588,13,30,28,29,14,16,1510,26,27,42,43,44,45],"class_list":{"0":"post-110109","1":"post","2":"type-post","3":"status-publish","4":"format-standard","5":"has-post-thumbnail","7":"category-verden","8":"tag-art","9":"tag-breaking-news","10":"tag-breakingnews","11":"tag-featured-news","12":"tag-featurednews","13":"tag-headlines","14":"tag-konflikt","15":"tag-latest-news","16":"tag-latestnews","17":"tag-motorsag","18":"tag-nabokrangel","19":"tag-news","20":"tag-no","21":"tag-norge","22":"tag-norway","23":"tag-nyheter","24":"tag-overskrifter","25":"tag-story","26":"tag-top-stories","27":"tag-topstories","28":"tag-verden","29":"tag-world","30":"tag-world-news","31":"tag-worldnews"},"share_on_mastodon":{"url":"https:\/\/pubeurope.com\/@no\/115699982478089533","error":""},"_links":{"self":[{"href":"https:\/\/www.europesays.com\/no\/wp-json\/wp\/v2\/posts\/110109","targetHints":{"allow":["GET"]}}],"collection":[{"href":"https:\/\/www.europesays.com\/no\/wp-json\/wp\/v2\/posts"}],"about":[{"href":"https:\/\/www.europesays.com\/no\/wp-json\/wp\/v2\/types\/post"}],"author":[{"embeddable":true,"href":"https:\/\/www.europesays.com\/no\/wp-json\/wp\/v2\/users\/2"}],"replies":[{"embeddable":true,"href":"https:\/\/www.europesays.com\/no\/wp-json\/wp\/v2\/comments?post=110109"}],"version-history":[{"count":0,"href":"https:\/\/www.europesays.com\/no\/wp-json\/wp\/v2\/posts\/110109\/revisions"}],"wp:featuredmedia":[{"embeddable":true,"href":"https:\/\/www.europesays.com\/no\/wp-json\/wp\/v2\/media\/15116"}],"wp:attachment":[{"href":"https:\/\/www.europesays.com\/no\/wp-json\/wp\/v2\/media?parent=110109"}],"wp:term":[{"taxonomy":"category","embeddable":true,"href":"https:\/\/www.europesays.com\/no\/wp-json\/wp\/v2\/categories?post=110109"},{"taxonomy":"post_tag","embeddable":true,"href":"https:\/\/www.europesays.com\/no\/wp-json\/wp\/v2\/tags?post=110109"}],"curies":[{"name":"wp","href":"https:\/\/api.w.org\/{rel}","templated":true}]}}