{"id":110118,"date":"2025-12-11T08:33:11","date_gmt":"2025-12-11T08:33:11","guid":{"rendered":"https:\/\/www.europesays.com\/no\/110118\/"},"modified":"2025-12-11T08:33:11","modified_gmt":"2025-12-11T08:33:11","slug":"redningsaksjon-hidra-lastefartoy-har-problemer-i-stormen-tar-inn-vann","status":"publish","type":"post","link":"https:\/\/www.europesays.com\/no\/110118\/","title":{"rendered":"Redningsaksjon, Hidra | Lastefart\u00f8y har problemer i stormen \u2013 tar inn vann"},"content":{"rendered":"\n<p>(<a href=\"https:\/\/www.avisenagder.no\/lastefartoy-har-problemer-i-stormen\/s\/5-99-1468876\" rel=\"Follow nofollow noopener\" target=\"_blank\">Avisen Agder<\/a>): \u2013 Mannskapet er fortsatt om bord i skipet, men det er mye bevegelse og skipet har problemer. Derfor har vi ressurser i omr\u00e5det, forteller vakthavende p\u00e5 Hovedredningssentralen S\u00f8r til Agder ved 07-tiden.<\/p>\n<p>\u2013 Mannskapet er klar til \u00e5 g\u00e5 fra borde, og det er d\u00e5rlig v\u00e6r i omr\u00e5det, informerte han.<\/p>\n<p>I tillegg til redningshelikopter satte Hidra-ferja \u00abRosfjord\u00bb kurs mot lasteskipet. Hidraferja fulgte n\u00e5 lasteskipet inn Fedafjorden.<\/p>\n<p>Redningssk\u00f8yta \u00abErling Skjalgsson\u00bb rykket ut til lasteskipet som tok inn vann utenfor Lista. Lasteskipet satte kurs mot land og gikk inn Listafjorden.<\/p>\n<p>If\u00f8lge Hovedredningssentralen hardde skipet fremdeles motorkraft. Men det tok alts\u00e5 inn vann.<\/p>\n<p><b>Les ogs\u00e5: <a rel=\"Follow nofollow noopener\" href=\"https:\/\/www.nettavisen.no\/nyheter\/donald-trumps-ukraina-plan-ryster-europa-kansler-friedrich-merz-er-skeptisk\/s\/5-95-2773994\" target=\"_blank\">Rister p\u00e5 hodet av Trumps Ukraina-plan<\/a><\/b><\/p>\n<p>   <img decoding=\"async\" width=\"1170\" height=\"738\" fetchpriority=\"low\"  loading=\"lazy\"  src=\"https:\/\/www.europesays.com\/no\/wp-content\/uploads\/2025\/12\/IMG_9270.jpeg\" alt=\"\" class=\"brick-c-cFOWSL\" style=\"--brick-image-ratio: 1170 \/ 738;\"\/><\/p>\n<p>Det er lasteskipet \u00abStraumfrakt\u00bb som er i tr\u00f8bbel.<\/p>\n<p>Skipet var p\u00e5 vei fra Sl\u00f8v\u00e5g p\u00e5 Vestlandet til Kristiansand. Skipet er bygget i 1979.<\/p>\n<p>Til VG sier redningsleder Per Hognaland at det er snakk om et lasteskip p\u00e5 28 meter.<\/p>\n<p>\u2013 Mannskapet har v\u00e6rt klare til \u00e5 g\u00e5 fra borde, og det er veldig d\u00e5rlig v\u00e6r i omr\u00e5det, med mye vind og sj\u00f8, sier redningsleder Per Hognaland til VG.<\/p>\n<p>    Vil du se neste video?<\/p>\n<p>    <a href=\"https:\/\/www.nettavisen.no\/nyheter\/ukrainske-spesialstyrker-skal-ha-tatt-ut-russiske-mal-pa-krim-halvoya\/v\/5-95-2764466\" class=\"recommend-poster\" data-adp-clicklabel=\"video-recommend\" data-adp-clickvalue=\"poster\" rel=\"nofollow noopener\" target=\"_blank\"><br \/>\n      <img decoding=\"async\" width=\"200\" height=\"200\" loading=\"lazy\" src=\"https:\/\/www.europesays.com\/no\/wp-content\/uploads\/2025\/12\/KAMPFLY+BREDDE.jpg\" alt=\"\" class=\"brick-c-cFOWSL\" style=\"--brick-image-ratio: 200 \/ 200;\"\/><\/p>\n<p>Tar ut russisk kampfly p\u00e5 Krim0:24<\/p>\n<p>    <\/a><\/p>\n<p>Klokken 07.43 sier han at skipet har klart \u00e5 komme seg innaskj\u00e6rs og at det er p\u00e5 vei mot kai for egen maskin.<\/p>\n<p>Skipet er n\u00e5 i sikkerhet p\u00e5 Kleven-kaia i Kvinesdal.<\/p>\n","protected":false},"excerpt":{"rendered":"(Avisen Agder): \u2013 Mannskapet er fortsatt om bord i skipet, men det er mye bevegelse og skipet har&hellip;\n","protected":false},"author":2,"featured_media":110119,"comment_status":"","ping_status":"","sticky":false,"template":"","format":"standard","meta":{"footnotes":""},"categories":[10],"tags":[20,21,24,25,15,22,23,13,30,28,29,14,16,26,27],"class_list":{"0":"post-110118","1":"post","2":"type-post","3":"status-publish","4":"format-standard","5":"has-post-thumbnail","7":"category-norge","8":"tag-breaking-news","9":"tag-breakingnews","10":"tag-featured-news","11":"tag-featurednews","12":"tag-headlines","13":"tag-latest-news","14":"tag-latestnews","15":"tag-news","16":"tag-no","17":"tag-norge","18":"tag-norway","19":"tag-nyheter","20":"tag-overskrifter","21":"tag-top-stories","22":"tag-topstories"},"share_on_mastodon":{"url":"https:\/\/pubeurope.com\/@no\/115700014001235158","error":""},"_links":{"self":[{"href":"https:\/\/www.europesays.com\/no\/wp-json\/wp\/v2\/posts\/110118","targetHints":{"allow":["GET"]}}],"collection":[{"href":"https:\/\/www.europesays.com\/no\/wp-json\/wp\/v2\/posts"}],"about":[{"href":"https:\/\/www.europesays.com\/no\/wp-json\/wp\/v2\/types\/post"}],"author":[{"embeddable":true,"href":"https:\/\/www.europesays.com\/no\/wp-json\/wp\/v2\/users\/2"}],"replies":[{"embeddable":true,"href":"https:\/\/www.europesays.com\/no\/wp-json\/wp\/v2\/comments?post=110118"}],"version-history":[{"count":0,"href":"https:\/\/www.europesays.com\/no\/wp-json\/wp\/v2\/posts\/110118\/revisions"}],"wp:featuredmedia":[{"embeddable":true,"href":"https:\/\/www.europesays.com\/no\/wp-json\/wp\/v2\/media\/110119"}],"wp:attachment":[{"href":"https:\/\/www.europesays.com\/no\/wp-json\/wp\/v2\/media?parent=110118"}],"wp:term":[{"taxonomy":"category","embeddable":true,"href":"https:\/\/www.europesays.com\/no\/wp-json\/wp\/v2\/categories?post=110118"},{"taxonomy":"post_tag","embeddable":true,"href":"https:\/\/www.europesays.com\/no\/wp-json\/wp\/v2\/tags?post=110118"}],"curies":[{"name":"wp","href":"https:\/\/api.w.org\/{rel}","templated":true}]}}