{"id":110122,"date":"2025-12-11T08:40:18","date_gmt":"2025-12-11T08:40:18","guid":{"rendered":"https:\/\/www.europesays.com\/no\/110122\/"},"modified":"2025-12-11T08:40:18","modified_gmt":"2025-12-11T08:40:18","slug":"isak-dreyer-jakt-isak-dreyer-tiltalt-for-ulovlig-jakt-angrer-ikke-pa-noe","status":"publish","type":"post","link":"https:\/\/www.europesays.com\/no\/110122\/","title":{"rendered":"Isak Dreyer, Jakt | Isak Dreyer tiltalt for ulovlig jakt: \u2013 Angrer ikke p\u00e5 noe"},"content":{"rendered":"\n<p>I august ble det kjent at TV-profil og medprogramleder i \u00abNorges t\u00f8ffeste\u00bb p\u00e5 NRK, Isak Dreyer (30), er en av de seks mennene som <a href=\"https:\/\/www.nettavisen.no\/nyheter\/fem-nordmenn-tiltalt-for-grovt-brudd-pa-jaktlovene-i-sverige\/s\/5-95-2585452\" rel=\"Follow nofollow noopener\" target=\"_blank\">er tiltalt for ulovlig bj\u00f8rnejakt i Sverige<\/a>.<\/p>\n<p>\u2013 Da er dagen kommet hvor media skriver at jeg var med p\u00e5 ulovlig bj\u00f8rnejakt, s\u00e5 jeg vil forklare min situasjon. Det stemmer at jeg var med p\u00e5 bj\u00f8rnejakten, som er lovlig hvert \u00e5r, sa han den gang i en Instagram-video.<\/p>\n<p>    Vil du se neste video?<\/p>\n<p>    <a href=\"https:\/\/www.nettavisen.no\/nyheter\/ukrainske-spesialstyrker-skal-ha-tatt-ut-russiske-mal-pa-krim-halvoya\/v\/5-95-2764466\" class=\"recommend-poster\" data-adp-clicklabel=\"video-recommend\" data-adp-clickvalue=\"poster\" rel=\"nofollow noopener\" target=\"_blank\"><br \/>\n      <img decoding=\"async\" width=\"200\" height=\"200\" loading=\"lazy\" src=\"https:\/\/www.europesays.com\/no\/wp-content\/uploads\/2025\/12\/KAMPFLY+BREDDE.jpg\" alt=\"\" class=\"brick-c-cFOWSL\" style=\"--brick-image-ratio: 200 \/ 200;\"\/><\/p>\n<p>Tar ut russisk kampfly p\u00e5 Krim0:24<\/p>\n<p>    <\/a><\/p>\n<p>        Isak Dreyer snakker ut i et innlegg p\u00e5 Instagram etter \u00e5 ha blitt tilatakt for ulovlig bj\u00f8rnejakt i Sverige.<\/p>\n<p>Videre forklarte Dreyer at han var en del av et st\u00f8rre jaktlag, og at rettsvesenet skal belyse saken og oppklare hva som skjedde.<\/p>\n<p><b>Les ogs\u00e5: <a href=\"https:\/\/www.nettavisen.no\/kjendis\/jegertvilling-johanne-thybo-hansen-34-tar-isak-dreyer-i-forsvar-etter-jakt-tiltalen-haper-han-blir-frikjent\/s\/5-95-2587499\" rel=\"Follow nofollow noopener\" target=\"_blank\">Tar Isak i forsvar: \u2013 H\u00e5per han blir frikjent<\/a><\/b><\/p>\n<p>Overfor <a href=\"https:\/\/www.dagbladet.no\/kjendis\/angrer-ikke-pa-noe\/83966421\" rel=\"Follow nofollow noopener\" target=\"_blank\">Dagbladet<\/a> sier Dreyer n\u00e5 at han ikke angrer.<\/p>\n<p>\u2013 Lang og omfattende historie<\/p>\n<p>Dreyer sier videre at hele saken snart vil komme fram i lyset.<\/p>\n<p>\u2013 Det som skjedde er en lang og omfattende historie, og alt vil bli belyst i rettssaken. Men jeg angrer ikke p\u00e5 noe, sier han til Dagbladet og fortsetter:<\/p>\n<p>Dreyer blir spurt om han er forberedt p\u00e5 et eventuelt medietrykk rundt rettssaken, og til det svarer han f\u00f8lgende:<\/p>\n<p>\u2013 Jeg f\u00e5r satse p\u00e5 at den blir samtidig som H\u00f8iby-saken. For uansett hva som skjer s\u00e5 er det ikke verre enn situasjonen til kongehuset, avslutter han med et smil.<\/p>\n<p>Vedtak: Kunne ikke skytes<\/p>\n<p>Politiet har ogs\u00e5 funnet en rekke bilder som <a href=\"https:\/\/www.nettavisen.no\/kjendis\/isak-dreyers-jakttur-ferdig-etterforsket\/s\/5-95-2659974\" rel=\"Follow nofollow noopener\" target=\"_blank\">viser hvordan mennene poserer ved siden av den d\u00f8de binna.<\/a><\/p>\n<p>Jakten skal ha blitt fanget p\u00e5 film.<\/p>\n<p>I 2023 ble det fattet vedtak om at et visst antall bj\u00f8rner kunne jaktes p\u00e5 og felles i omr\u00e5det.<\/p>\n<p>I vedtaket fremgikk det imidlertid tydelig at binner som ble fulgt av \u00e9n eller flere unger, ikke fikk skytes. Det var heller ikke tillatt \u00e5 skyte bj\u00f8rnunger.<\/p>\n<p><b>Les ogs\u00e5: <a href=\"https:\/\/www.nettavisen.no\/kjendis\/dette-er-kongens-jaktlag-ma-finne-seg-noen-yngre-venner\/s\/5-95-2257505\" rel=\"Follow nofollow noopener\" target=\"_blank\">Kongens eksklusive jaktlag: \u2013 Tviler p\u00e5 at det er hans n\u00e6rmeste venner<\/a><\/b><\/p>\n<p>Men i de tiltaltes mobiler har politiet funnet en film som viser hvordan mennene jager en binne, som f\u00f8lges av to unger, med bil. I filmen kan man se hvordan binna l\u00f8per over en vei, mens de to ungene f\u00f8lger etter.<\/p>\n<p>Flere runder med kritikk<\/p>\n<p>Isak Dreyer er en ivrig jakter og fisker, noe TV-seerne fikk se i NRK-serien \u00abIsak og koia\u00bb, som ble sendt tidligere i \u00e5r.<\/p>\n<p>Serien fikk kritikk, <a href=\"https:\/\/www.nettavisen.no\/kjendis\/fikk-seerkritikk-dette-svarer-nrk\/s\/5-95-2410863\" rel=\"Follow nofollow noopener\" target=\"_blank\">b\u00e5de for banning og at Dreyer ikke brukte bilbelte<\/a> mens han kj\u00f8rte, noe Nettavisen omtalte i mai.<\/p>\n<p>30-\u00e5ringen har ogs\u00e5 deltatt i en rekke andre programmer p\u00e5 TV, blant annet \u00abFarmen kjendis\u00bb og \u00abNorges t\u00f8ffeste\u00bb. Sistnevnte program vant han i 2021, og senere ble han programleder i tospann med J\u00f8rgine Vasstrand (36).<\/p>\n<p><b>Les ogs\u00e5: <a href=\"https:\/\/www.nettavisen.no\/kjendis\/klagestorm-mot-nrk-etter-bilbeltebruk-og-banning-i-isak-og-koia-en-roverhistorie\/s\/5-95-2419284\" rel=\"Follow nofollow noopener\" target=\"_blank\">Klagene fortsetter \u00e5 renne inn mot Dreyer-serie: NRK jubler<\/a><\/b><\/p>\n<p>I 2022 fikk Dreyer kritikk for \u00e5 ha delt et Instagram-bilde hvor han tilsynelatende <a href=\"https:\/\/www.nettavisen.no\/livsstil\/skaper-storm-bildet-er-fra-en-ny-nrk-serie\/s\/5-95-501622\" rel=\"Follow nofollow noopener\" target=\"_blank\">jaktet en sel med en skarp v\u00e5pengjenstand<\/a> p\u00e5 Gr\u00f8nland, under opptakene til NRK-serien \u00abJens og Isak p\u00e5 tynn is\u00bb.<\/p>\n","protected":false},"excerpt":{"rendered":"I august ble det kjent at TV-profil og medprogramleder i \u00abNorges t\u00f8ffeste\u00bb p\u00e5 NRK, Isak Dreyer (30), er&hellip;\n","protected":false},"author":2,"featured_media":110123,"comment_status":"","ping_status":"","sticky":false,"template":"","format":"standard","meta":{"footnotes":""},"categories":[12],"tags":[20,21,24,25,15,22,23,13,30,28,29,14,16,26,27,42,43,44,45],"class_list":{"0":"post-110122","1":"post","2":"type-post","3":"status-publish","4":"format-standard","5":"has-post-thumbnail","7":"category-verden","8":"tag-breaking-news","9":"tag-breakingnews","10":"tag-featured-news","11":"tag-featurednews","12":"tag-headlines","13":"tag-latest-news","14":"tag-latestnews","15":"tag-news","16":"tag-no","17":"tag-norge","18":"tag-norway","19":"tag-nyheter","20":"tag-overskrifter","21":"tag-top-stories","22":"tag-topstories","23":"tag-verden","24":"tag-world","25":"tag-world-news","26":"tag-worldnews"},"share_on_mastodon":{"url":"https:\/\/pubeurope.com\/@no\/115700041368864574","error":""},"_links":{"self":[{"href":"https:\/\/www.europesays.com\/no\/wp-json\/wp\/v2\/posts\/110122","targetHints":{"allow":["GET"]}}],"collection":[{"href":"https:\/\/www.europesays.com\/no\/wp-json\/wp\/v2\/posts"}],"about":[{"href":"https:\/\/www.europesays.com\/no\/wp-json\/wp\/v2\/types\/post"}],"author":[{"embeddable":true,"href":"https:\/\/www.europesays.com\/no\/wp-json\/wp\/v2\/users\/2"}],"replies":[{"embeddable":true,"href":"https:\/\/www.europesays.com\/no\/wp-json\/wp\/v2\/comments?post=110122"}],"version-history":[{"count":0,"href":"https:\/\/www.europesays.com\/no\/wp-json\/wp\/v2\/posts\/110122\/revisions"}],"wp:featuredmedia":[{"embeddable":true,"href":"https:\/\/www.europesays.com\/no\/wp-json\/wp\/v2\/media\/110123"}],"wp:attachment":[{"href":"https:\/\/www.europesays.com\/no\/wp-json\/wp\/v2\/media?parent=110122"}],"wp:term":[{"taxonomy":"category","embeddable":true,"href":"https:\/\/www.europesays.com\/no\/wp-json\/wp\/v2\/categories?post=110122"},{"taxonomy":"post_tag","embeddable":true,"href":"https:\/\/www.europesays.com\/no\/wp-json\/wp\/v2\/tags?post=110122"}],"curies":[{"name":"wp","href":"https:\/\/api.w.org\/{rel}","templated":true}]}}