{"id":110126,"date":"2025-12-11T08:49:08","date_gmt":"2025-12-11T08:49:08","guid":{"rendered":"https:\/\/www.europesays.com\/no\/110126\/"},"modified":"2025-12-11T08:49:08","modified_gmt":"2025-12-11T08:49:08","slug":"google-planlegger-datasenter-i-ostfold-med-stromforbruk-tilsvarende-200-000-boliger","status":"publish","type":"post","link":"https:\/\/www.europesays.com\/no\/110126\/","title":{"rendered":"Google planlegger datasenter i \u00d8stfold med str\u00f8mforbruk tilsvarende 200.000 boliger"},"content":{"rendered":"\n<p class=\"_lead_o9xde_2 _lead_xtcu6_50 layout-component text-serif-m layout-normal text-serif-l layout-component layout-wide layout-padded _wide_17hqh_1 layout-padded\">Google bekrefter at selskapet planlegger for et datasenter i V\u00e5ler i \u00d8stfold og har s\u00f8kt om tilgang til like mye str\u00f8m som 200.000 boliger, skriver Digi.no.<\/p>\n<ul aria-hidden=\"true\" class=\"_images_ntbth_112\">\n<li><a class=\"_link_ntbth_117\" href=\"https:\/\/www.vg.no\/forfatter\/ntb\" style=\"z-index:1\" title=\"NTB\" rel=\"nofollow noopener\" target=\"_blank\"><img alt=\"Bilde av NTB\" class=\"_image_ntbth_93\" fetchpriority=\"low\" loading=\"lazy\" decoding=\"async\" itemprop=\"image\"  src=\"https:\/\/www.europesays.com\/no\/wp-content\/uploads\/2025\/12\/1765442948_831_c33980b0-5d07-4027-84a1-813f90a7c8d6\"  width=\"480\"\/><\/a><\/li>\n<\/ul>\n<p> Oppdatert torsdag 11. desember kl. 09:41     <\/p>\n<p class=\"_paragraph_o9xde_4 _paragraph_xtcu6_10 layout-component text-serif-m layout-normal text-serif-m layout-padded\"> Gjennom str\u00e5selskapet WS Computing AS har Google s\u00f8kt om 480 MW kapasitet i str\u00f8momr\u00e5de NO1, tilknyttet et prosjekt i Moss-regionen, skriver <a href=\"https:\/\/www.digi.no\/artikler\/google-star-bak-gigantplaner-i-ostfold\/565721\" class=\"_link_o9xde_39\" rel=\"nofollow noopener\" target=\"_blank\">Digi.no<\/a>.<\/p>\n<p class=\"_paragraph_o9xde_4 _paragraph_xtcu6_10 layout-component text-serif-m layout-normal text-serif-m layout-padded\">Sondre Ronander som er kommunikasjonssjef i Google Norge, bekrefter at selskapet har s\u00f8kt slik kapasitet, men fors\u00f8ker \u00e5 dempe forventningene om en snarlig byggestart.<\/p>\n<p>Str\u00f8mforbruket har \u00f8kt med 50 prosent<\/p>\n<p class=\"_paragraph_o9xde_4 _paragraph_xtcu6_10 layout-component text-serif-m layout-normal text-serif-m layout-padded\">Google er allerede i gang med \u00e5 etablere et stort <a href=\"https:\/\/www.vg.no\/i\/4oMJEg\" data-track-element-type=\"Link\" data-track-id=\"link:4oMJEg\" class=\"_link_o9xde_39\" rel=\"nofollow noopener\" target=\"_blank\">datasenter i Skien.<\/a><\/p>\n<p class=\"_paragraph_o9xde_4 _paragraph_xtcu6_10 layout-component text-serif-m layout-normal text-serif-m layout-padded\">Her skal Google n\u00e6rmere 6,8 milliarder kroner i senteret, som kan bli en av verdens st\u00f8rste.<\/p>\n<p class=\"_paragraph_o9xde_4 _paragraph_xtcu6_10 layout-component text-serif-m layout-normal text-serif-m layout-padded\">Datasentrenes str\u00f8mforbruk har \u00f8kt med 50 prosent p\u00e5 ett \u00e5r, if\u00f8lge en ny\u00a0<a href=\"https:\/\/www.nve.no\/\/nytt-fra-nve\/nyheter-energi\/samlet-energibruk-i-norge-gaar-ned\/\" class=\"_link_o9xde_39\" rel=\"nofollow noopener\" target=\"_blank\">energirapport<\/a>\u00a0fra NVE. Datasentre brukte 1,4 terawattimer f\u00f8rste halv\u00e5r i 2025, sammenlignet med 0,9 terawattimer i samme periode i fjor.<\/p>\n<p class=\"_paragraph_o9xde_4 _paragraph_xtcu6_10 layout-component text-serif-m layout-normal text-serif-m layout-padded\">I dag st\u00e5r bransjen for rundt 1 prosent av det samlede str\u00f8mforbruket i Norge.<\/p>\n<p class=\"_paragraph_o9xde_4 _paragraph_xtcu6_10 layout-component text-serif-m layout-normal text-serif-m layout-padded\">Senterpartiet vil \u00f8ke elavgiften med 10 \u00f8re per kilowattime for datasentre. Partiet f\u00e5r st\u00f8tte av SV og R\u00f8dt.<\/p>\n<p>Helgardering<\/p>\n<p class=\"_paragraph_o9xde_4 _paragraph_xtcu6_10 layout-component text-serif-m layout-normal text-serif-m layout-padded\">Ronander i Google beskriver s\u00f8knaden i \u00d8stfold som en n\u00f8dvendig helgardering i et internasjonalt spill.<\/p>\n<p class=\"_paragraph_o9xde_4 _paragraph_xtcu6_10 layout-component text-serif-m layout-normal text-serif-m layout-padded\">\u2013 Det som er essensielt \u00e5 vite her, er at \u00e5 s\u00f8ke om str\u00f8m er et av de aller f\u00f8rste stegene i en ekstremt lang beslutningsprosess. Vi planlegger alltid for potensielle fremtidige behov, sier Ronander til Digi.<\/p>\n<p class=\"_paragraph_o9xde_4 _paragraph_xtcu6_10 layout-component text-serif-m layout-normal text-serif-m layout-padded\">Han understreker at ingen endelig avgj\u00f8relse er tatt for planene i V\u00e5ler.<\/p>\n<p class=\"_paragraph_o9xde_4 _paragraph_xtcu6_10 layout-component text-serif-m layout-normal text-serif-m layout-padded\">\u2013 Vi har ikke tatt noen investeringsbeslutning enn\u00e5. Vi har ikke bestemt oss for om vi skal bygge datasenter der, det avhenger av om vi f\u00e5r tilgang p\u00e5 str\u00f8m. Vi m\u00e5 vite om vi f\u00e5r str\u00f8m f\u00f8rst.<\/p>\n","protected":false},"excerpt":{"rendered":"Google bekrefter at selskapet planlegger for et datasenter i V\u00e5ler i \u00d8stfold og har s\u00f8kt om tilgang til&hellip;\n","protected":false},"author":2,"featured_media":110127,"comment_status":"","ping_status":"","sticky":false,"template":"","format":"standard","meta":{"footnotes":""},"categories":[10],"tags":[20,21,24,25,15,22,23,13,30,28,29,14,16,26,27],"class_list":{"0":"post-110126","1":"post","2":"type-post","3":"status-publish","4":"format-standard","5":"has-post-thumbnail","7":"category-norge","8":"tag-breaking-news","9":"tag-breakingnews","10":"tag-featured-news","11":"tag-featurednews","12":"tag-headlines","13":"tag-latest-news","14":"tag-latestnews","15":"tag-news","16":"tag-no","17":"tag-norge","18":"tag-norway","19":"tag-nyheter","20":"tag-overskrifter","21":"tag-top-stories","22":"tag-topstories"},"share_on_mastodon":{"url":"https:\/\/pubeurope.com\/@no\/115700076646851189","error":""},"_links":{"self":[{"href":"https:\/\/www.europesays.com\/no\/wp-json\/wp\/v2\/posts\/110126","targetHints":{"allow":["GET"]}}],"collection":[{"href":"https:\/\/www.europesays.com\/no\/wp-json\/wp\/v2\/posts"}],"about":[{"href":"https:\/\/www.europesays.com\/no\/wp-json\/wp\/v2\/types\/post"}],"author":[{"embeddable":true,"href":"https:\/\/www.europesays.com\/no\/wp-json\/wp\/v2\/users\/2"}],"replies":[{"embeddable":true,"href":"https:\/\/www.europesays.com\/no\/wp-json\/wp\/v2\/comments?post=110126"}],"version-history":[{"count":0,"href":"https:\/\/www.europesays.com\/no\/wp-json\/wp\/v2\/posts\/110126\/revisions"}],"wp:featuredmedia":[{"embeddable":true,"href":"https:\/\/www.europesays.com\/no\/wp-json\/wp\/v2\/media\/110127"}],"wp:attachment":[{"href":"https:\/\/www.europesays.com\/no\/wp-json\/wp\/v2\/media?parent=110126"}],"wp:term":[{"taxonomy":"category","embeddable":true,"href":"https:\/\/www.europesays.com\/no\/wp-json\/wp\/v2\/categories?post=110126"},{"taxonomy":"post_tag","embeddable":true,"href":"https:\/\/www.europesays.com\/no\/wp-json\/wp\/v2\/tags?post=110126"}],"curies":[{"name":"wp","href":"https:\/\/api.w.org\/{rel}","templated":true}]}}