{"id":110128,"date":"2025-12-11T08:55:14","date_gmt":"2025-12-11T08:55:14","guid":{"rendered":"https:\/\/www.europesays.com\/no\/110128\/"},"modified":"2025-12-11T08:55:14","modified_gmt":"2025-12-11T08:55:14","slug":"nyheter-nav-bekrefter-nye-feilutbetalinger-fra-nav","status":"publish","type":"post","link":"https:\/\/www.europesays.com\/no\/110128\/","title":{"rendered":"Nyheter, Nav | Bekrefter nye feilutbetalinger fra Nav"},"content":{"rendered":"\n<p>Det skriver <a href=\"https:\/\/www.vg.no\/nyheter\/i\/pB6XMj\/feilutbetalinger-hos-nav-igjen\" rel=\"Follow nofollow noopener\" target=\"_blank\">VG.<\/a><\/p>\n<p>\u2013 N\u00e5 har jeg f\u00e5tt dobbel pensjon i nettbanken til DNB igjen. Det st\u00e5r inne rundt 80.000 kroner, utbetalt i to separate betalinger, sier en innringer til avisen.<\/p>\n<p>VG skal ha f\u00e5tt beskjed fra en rekke DNB-kunder som har f\u00e5tt for mye penger fra Nav.<\/p>\n<p>If\u00f8lge tipserne dreiser det seg om opp mot det dobbelte av det de egentlig skal ha.<\/p>\n<p>Det samme skjedde imidlertid i juni, da en halv million pensjonister og uf\u00f8retrygdede fikk for mye utbetalt av DNB. Da m\u00e5tte imidlertid pengene tilbakebetales.<\/p>\n<p>Pressevakt i Nav, Nafisa Zaheer, sier til Nettavisen at problemene ligger hos DNB, noe ogs\u00e5 banken bekrefter selv.<\/p>\n<p>\u2013 Vi har IT-problemer som har f\u00f8rt til at en del av v\u00e5re kunder f\u00e5r doble utbetalinger. Vi vet ikke omfanget helt enda, men vi jobber med \u00e5 rette opp saken, sier kommunikasjonsr\u00e5dgiver i DNB, Vidar Korsberg Dalsb\u00f8, til Nettavisen og fortsetter:<\/p>\n<p>\u2013 Beskjeden til kundene er at de ikke trenger \u00e5 foreta seg noe, det vil rettes opp automatisk. Pengene kan ikke brukes og vil bli trukket tilbake n\u00e5r feilen rettes.<\/p>\n<p>    Vil du se neste video?<\/p>\n<p>    <a href=\"https:\/\/www.an.no\/hvorfor-ma-butikkene-legge-ned\/v\/5-4-2291750\" class=\"recommend-poster\" data-adp-clicklabel=\"video-recommend\" data-adp-clickvalue=\"poster\" rel=\"nofollow noopener\" target=\"_blank\"><br \/>\n      <img decoding=\"async\" width=\"200\" height=\"200\" loading=\"lazy\" src=\"https:\/\/www.europesays.com\/no\/wp-content\/uploads\/2025\/12\/v-i-558ad515-9317-48a6-87ef-3489a9f60956-1.jpg\" alt=\"\" class=\"brick-c-cFOWSL\" style=\"--brick-image-ratio: 200 \/ 200;\"\/><\/p>\n<p>Hvorfor m\u00e5 butikkene legge ned?0:56<\/p>\n<p>    <\/a><\/p>\n","protected":false},"excerpt":{"rendered":"Det skriver VG. \u2013 N\u00e5 har jeg f\u00e5tt dobbel pensjon i nettbanken til DNB igjen. Det st\u00e5r inne&hellip;\n","protected":false},"author":2,"featured_media":110049,"comment_status":"","ping_status":"","sticky":false,"template":"","format":"standard","meta":{"footnotes":""},"categories":[12],"tags":[36,20,21,24,25,15,22,23,652,13,30,28,29,14,16,2008,1510,26,27,42,43,44,45],"class_list":{"0":"post-110128","1":"post","2":"type-post","3":"status-publish","4":"format-standard","5":"has-post-thumbnail","7":"category-verden","8":"tag-art","9":"tag-breaking-news","10":"tag-breakingnews","11":"tag-featured-news","12":"tag-featurednews","13":"tag-headlines","14":"tag-latest-news","15":"tag-latestnews","16":"tag-nav","17":"tag-news","18":"tag-no","19":"tag-norge","20":"tag-norway","21":"tag-nyheter","22":"tag-overskrifter","23":"tag-penger","24":"tag-story","25":"tag-top-stories","26":"tag-topstories","27":"tag-verden","28":"tag-world","29":"tag-world-news","30":"tag-worldnews"},"share_on_mastodon":{"url":"https:\/\/pubeurope.com\/@no\/115700100639766482","error":""},"_links":{"self":[{"href":"https:\/\/www.europesays.com\/no\/wp-json\/wp\/v2\/posts\/110128","targetHints":{"allow":["GET"]}}],"collection":[{"href":"https:\/\/www.europesays.com\/no\/wp-json\/wp\/v2\/posts"}],"about":[{"href":"https:\/\/www.europesays.com\/no\/wp-json\/wp\/v2\/types\/post"}],"author":[{"embeddable":true,"href":"https:\/\/www.europesays.com\/no\/wp-json\/wp\/v2\/users\/2"}],"replies":[{"embeddable":true,"href":"https:\/\/www.europesays.com\/no\/wp-json\/wp\/v2\/comments?post=110128"}],"version-history":[{"count":0,"href":"https:\/\/www.europesays.com\/no\/wp-json\/wp\/v2\/posts\/110128\/revisions"}],"wp:featuredmedia":[{"embeddable":true,"href":"https:\/\/www.europesays.com\/no\/wp-json\/wp\/v2\/media\/110049"}],"wp:attachment":[{"href":"https:\/\/www.europesays.com\/no\/wp-json\/wp\/v2\/media?parent=110128"}],"wp:term":[{"taxonomy":"category","embeddable":true,"href":"https:\/\/www.europesays.com\/no\/wp-json\/wp\/v2\/categories?post=110128"},{"taxonomy":"post_tag","embeddable":true,"href":"https:\/\/www.europesays.com\/no\/wp-json\/wp\/v2\/tags?post=110128"}],"curies":[{"name":"wp","href":"https:\/\/api.w.org\/{rel}","templated":true}]}}