{"id":110137,"date":"2025-12-11T09:02:39","date_gmt":"2025-12-11T09:02:39","guid":{"rendered":"https:\/\/www.europesays.com\/no\/110137\/"},"modified":"2025-12-11T09:02:39","modified_gmt":"2025-12-11T09:02:39","slug":"oyunn-krogh-svarer-pa-nissene-i-skjul-sammenligning-2","status":"publish","type":"post","link":"https:\/\/www.europesays.com\/no\/110137\/","title":{"rendered":"\u00d8yunn Krogh svarer p\u00e5 \u00abNissene i skjul\u00bb-sammenligning"},"content":{"rendered":"<p class=\"kicker \" style=\"\">\u00d8yunn Krogh:<\/p>\n<p>  Ryktene svirrer om at NRKs nye julekalender parodierer \u00abSommerhytta\u00bb-vinneren. N\u00e5 tar realityprofilen bladet fra munnen.<\/p>\n<p>\n    PARODI: Disse \u00abNissene i skjul\u00bb-karakterene minner seerne om en annen realityduo. N\u00e5 svarer \u00d8yunn Krogh p\u00e5 rykteflommen. Foto: NRK\n  <\/p>\n<p>Jula n\u00e6rmer seg med stormskritt, og selv om det mange steder fortsatt er bart p\u00e5 bakken, kan man sanke inn litt julestemning ved \u00e5 se p\u00e5 en av julekalenderene som i disse dager ruller over TV-skjermene.<\/p>\n<p>Blant de mest popul\u00e6re finner man klassikerne \u00abJul i Bl\u00e5fjell\u00bb og\u00a0\u00abJul i Svingen\u00bb, men de seinere \u00e5ra har ogs\u00e5 kanalene presentert nye konsept med realityfokuserte julekalendere.\u00a0<\/p>\n<p>    <a itemprop=\"url\" href=\"https:\/\/www.dagbladet.no\/kjendis\/jeg-var-fylt-av-angst\/83945620\" rel=\"nofollow noopener\" target=\"_blank\"><\/p>\n<p>        <img loading=\"lazy\" decoding=\"async\" src=\"https:\/\/www.europesays.com\/no\/wp-content\/uploads\/2025\/12\/1765443755_11_83946018.webp\" width=\"980\" height=\"441\" title=\"- Jeg var fylt av angst\" alt=\"\" class=\"lazyload\" style=\"--aspect-ratio-image: 2.22; \"\/><\/p>\n<p>        &#8211; Jeg var fylt av angst<\/p>\n<p>    <\/a><\/p>\n<p> Nesten \u00e9n million fikk med seg f\u00f8rste episode av NRKs nye julekalender\u00a0\u00abNissene i skjul\u00bb p\u00e5 under et d\u00f8gn, if\u00f8lge\u00a0<a href=\"https:\/\/www.kampanje.com\/medier\/nrk-knuser-tv-2-i-forste-runde-av-julekalender-kampen\/964726?utm_source=sdrn%3Avg%3Aarticle%3A43jMde\" rel=\"nofollow noopener\" target=\"_blank\">Kampanje<\/a>, og TV 2s \u00abRampenissen\u00bb samlet 593.000 seere til sin f\u00f8rste episode. <\/p>\n<p>Avkreftet rykter\t<\/p>\n<p>F\u00f8rstenevnte har ogs\u00e5 f\u00e5tt stor oppmerksomhet i sosiale medier, der flere p\u00e5peker at karakterene er inspirert av ekte norske profiler.\u00a0<\/p>\n<p>Karakteren \u00abFrederick\u00bb tror mange at er inspirert av treningsinfluenseren Scott Engh, som d\u00f8de i en fallulykke ved Gaustadtoppen i sommer, bare 22 \u00e5r gammel.<\/p>\n<p>        \u00abNISSENE I SKJUL\u00bb: Mikkel Niva fikk en makeover i julekalenderen. Video: \u00abNissene i skjul\u00bb\/NRK.<\/p>\n<p>B\u00e5de NRK og Herman Flesvig, som spiller karakteren, har derimot avvist overfor\u00a0<a href=\"https:\/\/www.vg.no\/rampelys\/i\/Gx1GM6\/nissene-i-skjul-er-frederick-inspirert-av-coach-engh\" rel=\"nofollow noopener\" target=\"_blank\">VG<\/a>\u00a0og <a href=\"https:\/\/www.tv2.no\/underholdning\/reagerer-pa-nrk-kalender-vis-litt-respekt\/18351230\/\" rel=\"nofollow noopener\" target=\"_blank\">TV 2<\/a> at karakteren bygger p\u00e5 den avd\u00f8de influenseren.<\/p>\n<p>Andre har bitt seg merke i at det er likheter mellom Amalie Stuves (24) Mette-karakter og realityprofil \u00d8yunn Krogh (30), og n\u00e5 tar sistnevnte bladet fra munnen n\u00e5r det kommer til parodi-ryktene.<\/p>\n<p>        <img loading=\"lazy\" decoding=\"async\" src=\"https:\/\/www.europesays.com\/no\/wp-content\/uploads\/2025\/12\/1765443756_629_83964341.webp\" width=\"686\" height=\"412\" title=\"VINNERE: I 202 klatret \u00d8yunn Krogh og Levi Try helt til topps i oppsussingsprogrammet \u00abSommerhytta\u00bb. Foto: Andreas Fadum\/Se og H\u00f8r\" alt=\"\" class=\"\" style=\"--aspect-ratio-image: 1.67; \"\/><\/p>\n<p>\n        VINNERE: I 202 klatret \u00d8yunn Krogh og Levi Try helt til topps i oppsussingsprogrammet \u00abSommerhytta\u00bb. Foto: Andreas Fadum\/Se og H\u00f8r\n    <\/p>\n<p>&#8211; Karakteren hennes kan kanskje virke som at er en smule inspirert av meg, og n\u00e5 vil jeg ikke\u00a0\u00abtoot my own horn\u00bb fordi denne karakteren er \u00e5penbart, i likhet med mange av de andre karakterene, inspirert av flere stereotypier og ikke enkeltindivider,\u00a0forteller hun i en video delt p\u00e5 Snapchat.<\/p>\n<p>    <a itemprop=\"url\" href=\"https:\/\/www.dagbladet.no\/kjendis\/avviser-parodi-ryktene\/83941239\" rel=\"nofollow noopener\" target=\"_blank\"><\/p>\n<p>        <img loading=\"lazy\" decoding=\"async\" src=\"https:\/\/www.europesays.com\/no\/wp-content\/uploads\/2025\/12\/1765443757_984_83941295.webp\" width=\"147\" height=\"98\" title=\"Avviser parodi-ryktene\" alt=\"\" class=\"lazyload\" style=\"--aspect-ratio-image: 1.50; \"\/><\/p>\n<p>        Avviser parodi-ryktene<\/p>\n<p>    <\/a><\/p>\n<p>&#8211; Helt overdreven\t<\/p>\n<p>I serien er karakteren Mette vinneren av den fiktive serien \u00abFjordhytta\u00bb som er et \u00e5penbart nikk til oppussingsprogrammet \u00abSommerhytta\u00bb &#8211; som Krogh vant i 2020.\u00a0<\/p>\n<p>Realityprofilen drar ogs\u00e5 koblinger mellom ekskj\u00e6resten, Levi Try (27), og Mettes kj\u00e6reste i programmet, Tarik, spilt av Javad Al Bakali (31).<\/p>\n<p>        INTIMT: Under en av konkurransene i TV2 sin julekalender \u00abRampenissen\u00bb m\u00e5tte alle deltakerne stille seg under mistelteinen. Reporter: Karolina Rusov-Hansen. Video: \u00abRampenissen\u00bb TV2.<\/p>\n<p> Try og Krogh gikk hver til sitt i 2022, og i dag er hun samboer med<a href=\"https:\/\/www.dagbladet.no\/kjendis\/vi-startet-med-det-jaevligste\/83456864\" rel=\"nofollow noopener\" target=\"_blank\">\u00a0\u00c5dne Birkeland (27)<\/a>.<\/p>\n<p>        <img loading=\"lazy\" decoding=\"async\" src=\"https:\/\/www.europesays.com\/no\/wp-content\/uploads\/2025\/12\/1765443758_383_83964367.webp\" width=\"686\" height=\"398\" title=\"PAR: \u00d8yunn tok med seg kj\u00e6resten \u00c5dne Birkeland p\u00e5 Reality Awards i fjor. Foto: Andreas Fadum \/ Se og H\u00f8r\" alt=\"\" class=\"\" style=\"--aspect-ratio-image: 1.72; \"\/><\/p>\n<p>\n        PAR: \u00d8yunn tok med seg kj\u00e6resten \u00c5dne Birkeland p\u00e5 Reality Awards i fjor. Foto: Andreas Fadum \/ Se og H\u00f8r\n    <\/p>\n<p>&#8211; Det er noen likhetstrekk som jeg beit meg merke i f\u00f8rst, og s\u00e5 sa jeg til \u00c5dne:\u00a0\u00abDet er ikke helt feil av meg \u00e5 tenke at hun er litt inspirert av meg\u00bb, sier hun.<\/p>\n<p>&#8211; S\u00e5 er selvf\u00f8lgelig denne karakteren helt overdreven, og s\u00e5 anti-rasist at hun ender opp med \u00e5 bli ganske rasistisk. Det h\u00e5per jeg jo at jeg ikke gj\u00f8r, men hvis det er s\u00e5nn at Amalie er litt inspirert av meg s\u00e5 tar jeg det som et enormt kompliment.\u00a0<\/p>\n<p>    <a itemprop=\"url\" href=\"https:\/\/www.dagbladet.no\/kjendis\/tilbake-pa-skjermen\/83956266\" rel=\"nofollow noopener\" target=\"_blank\"><\/p>\n<p>        <img loading=\"lazy\" decoding=\"async\" src=\"https:\/\/www.europesays.com\/no\/wp-content\/uploads\/2025\/12\/1765443759_258_83956277.webp\" width=\"147\" height=\"98\" title=\"Tilbake p\u00e5 skjermen\" alt=\"\" class=\"lazyload\" style=\"--aspect-ratio-image: 1.50; \"\/><\/p>\n<p>        Tilbake p\u00e5 skjermen<\/p>\n<p>    <\/a><\/p>\n<p class=\"italic m-italic\" data-lab-italic=\"italic\">\u00d8yunn Krogh har hittil ikke besvart Dagbladets henvendelse i saken.\u00a0<\/p>\n<p class=\"no_italic m-no_italic\" data-lab-italic=\"\">Produsent i Seefood,\u00a0Jenny Vuong, sier til Dagbladet at hun synes det er moro at Krogh engasjerer seg i serien, men understreker likevel at ingen av karakterene tar utgangspunkt i virkelige personer.\u00a0<\/p>\n<p class=\"no_italic m-no_italic\" data-lab-italic=\"\">&#8211; Ingen av karakterene i serien er basert p\u00e5 virkelige personer eller laget som parodier. Karakterene er sammensatte figurer inspirert av arketyper eller personlighetstrekk vi ser i samfunnet &#8211; s\u00e6rlig typer som finnes i offentligheten, p\u00e5 sosiale medier og i realityuniverset. <\/p>\n","protected":false},"excerpt":{"rendered":"\u00d8yunn Krogh: Ryktene svirrer om at NRKs nye julekalender parodierer \u00abSommerhytta\u00bb-vinneren. N\u00e5 tar realityprofilen bladet fra munnen. PARODI:&hellip;\n","protected":false},"author":2,"featured_media":110138,"comment_status":"","ping_status":"","sticky":false,"template":"","format":"standard","meta":{"footnotes":""},"categories":[12],"tags":[20,21,24,25,15,5721,479,22,23,13,12798,30,28,29,787,14,16,2496,13503,10862,26,27,42,43,44,45],"class_list":{"0":"post-110137","1":"post","2":"type-post","3":"status-publish","4":"format-standard","5":"has-post-thumbnail","7":"category-verden","8":"tag-breaking-news","9":"tag-breakingnews","10":"tag-featured-news","11":"tag-featurednews","12":"tag-headlines","13":"tag-julekalender","14":"tag-kjendis","15":"tag-latest-news","16":"tag-latestnews","17":"tag-news","18":"tag-nissene-i-skjul","19":"tag-no","20":"tag-norge","21":"tag-norway","22":"tag-nrk","23":"tag-nyheter","24":"tag-overskrifter","25":"tag-oyunn-krogh","26":"tag-parodi","27":"tag-sommerhytta","28":"tag-top-stories","29":"tag-topstories","30":"tag-verden","31":"tag-world","32":"tag-world-news","33":"tag-worldnews"},"share_on_mastodon":{"url":"https:\/\/pubeurope.com\/@no\/115700128267178085","error":""},"_links":{"self":[{"href":"https:\/\/www.europesays.com\/no\/wp-json\/wp\/v2\/posts\/110137","targetHints":{"allow":["GET"]}}],"collection":[{"href":"https:\/\/www.europesays.com\/no\/wp-json\/wp\/v2\/posts"}],"about":[{"href":"https:\/\/www.europesays.com\/no\/wp-json\/wp\/v2\/types\/post"}],"author":[{"embeddable":true,"href":"https:\/\/www.europesays.com\/no\/wp-json\/wp\/v2\/users\/2"}],"replies":[{"embeddable":true,"href":"https:\/\/www.europesays.com\/no\/wp-json\/wp\/v2\/comments?post=110137"}],"version-history":[{"count":0,"href":"https:\/\/www.europesays.com\/no\/wp-json\/wp\/v2\/posts\/110137\/revisions"}],"wp:featuredmedia":[{"embeddable":true,"href":"https:\/\/www.europesays.com\/no\/wp-json\/wp\/v2\/media\/110138"}],"wp:attachment":[{"href":"https:\/\/www.europesays.com\/no\/wp-json\/wp\/v2\/media?parent=110137"}],"wp:term":[{"taxonomy":"category","embeddable":true,"href":"https:\/\/www.europesays.com\/no\/wp-json\/wp\/v2\/categories?post=110137"},{"taxonomy":"post_tag","embeddable":true,"href":"https:\/\/www.europesays.com\/no\/wp-json\/wp\/v2\/tags?post=110137"}],"curies":[{"name":"wp","href":"https:\/\/api.w.org\/{rel}","templated":true}]}}