{"id":110149,"date":"2025-12-11T09:15:19","date_gmt":"2025-12-11T09:15:19","guid":{"rendered":"https:\/\/www.europesays.com\/no\/110149\/"},"modified":"2025-12-11T09:15:19","modified_gmt":"2025-12-11T09:15:19","slug":"dronning-marys-hemmelige-tur-er-avslort","status":"publish","type":"post","link":"https:\/\/www.europesays.com\/no\/110149\/","title":{"rendered":"Dronning Marys hemmelige tur er avsl\u00f8rt"},"content":{"rendered":"<p class=\"kicker \" style=\"\">Dronning Mary:<\/p>\n<p>  Nok en gang har dronning Mary forlatt landet i stillhet.<\/p>\n<p>\n    P\u00c5 REISEFOT: Dronning Mary er for tiden p\u00e5 reise, en reise som ikke er oppf\u00f8rt i kongehusets kalender. Her avbildet ved en annen anledning. Foto: NTB\n  <\/p>\n<p>Tidligere i \u00e5r tok den danske dronningen en tur til Nigeria i all hemmelighet. N\u00e5 har hun vendt snuten s\u00f8rover mot det afrikanske kontinentet igjen. Heller ikke denne turen var oppf\u00f8rt i kongehusets kalender, opplyser <a href=\"https:\/\/www.seoghoer.dk\/kongelige\/er-rejst-af-sted-i-al-hemmelighed-derfor-er-dronning-mary-i-afrika-igen\" target=\"_blank\" rel=\"nofollow noopener\">danske Se og H\u00f8r<\/a>.<\/p>\n<p>Mary ble tatt imot p\u00e5 Jomo Kenyatta International Airport av utenriksminister i Kenya Musalia Mudavadi.<\/p>\n<p>        <img loading=\"lazy\" decoding=\"async\" src=\"https:\/\/www.europesays.com\/no\/wp-content\/uploads\/2025\/12\/83965242.webp\" width=\"686\" height=\"1009\" title=\"ALLIERT: Under bes\u00f8ket i Nigeria kunngjorde dronningen sin st\u00f8tte i arbeidet med \u00e5 trygge f\u00f8dselsforhold og svangerskap p\u00e5 kontinentet. Foto: Det Danske Kongehuset\" alt=\"\" class=\"\" style=\"--aspect-ratio-image: 0.68; \"\/><\/p>\n<p>\n        ALLIERT: Under bes\u00f8ket i Nigeria kunngjorde dronningen sin st\u00f8tte i arbeidet med \u00e5 trygge f\u00f8dselsforhold og svangerskap p\u00e5 kontinentet. Foto: Det Danske Kongehuset\n    <\/p>\n<p>        <img loading=\"lazy\" decoding=\"async\" src=\"https:\/\/www.europesays.com\/no\/wp-content\/uploads\/2025\/12\/83965221.webp\" width=\"686\" height=\"680\" title=\"RETURNERER: Her er dronning Mary avbildet under sitt bes\u00f8k i Nigeria i sommer. N\u00e5 er hun tilbake i Afrika. Foto: Det Danske Kongehuset\" alt=\"\" class=\"\" style=\"--aspect-ratio-image: 1.01; \"\/><\/p>\n<p>\n        RETURNERER: Her er dronning Mary avbildet under sitt bes\u00f8k i Nigeria i sommer. N\u00e5 er hun tilbake i Afrika. Foto: Det Danske Kongehuset\n    <\/p>\n<p> Under bes\u00f8ket skal dronningen blant annet se p\u00e5 naturbevaringsprosjekter ved kysten og ta en n\u00e6rmere titt p\u00e5 en av hovedstadens st\u00f8rste utfordringer, nemlig avfallsh\u00e5ndtering, if\u00f8lge Kenyas utenriksdepartement.<\/p>\n<p>        NB! Se og H\u00f8r ble felt i PFU for denne saken. BLUSSET OPP: Mens etterforskningen rundt kronprinsesses\u00f8nnens p\u00e5st\u00e5tte seksuallovbrudd var i sin sluttfase, innledet Marius\u00a0en ny fl\u00f8rt\u00a0\u2013 til sin st\u00f8ttespillers datter. Foto: Getty Images \/ Tor Lindseth \/ Se og H\u00f8r \/\/ Video: Instagram \/ @princerehan27 \/\/ Reporter: H\u00e5vard Bj\u00f8rnerem<\/p>\n<p>Da dronning Mary tok turen til Nigeria i sommer, ble kong Frederik igjen hjemme i Danmark. Ogs\u00e5 dette Kenya-bes\u00f8ket ser ut til \u00e5 v\u00e6re en solo-reise.<\/p>\n<p>    <a itemprop=\"url\" href=\"https:\/\/www.seher.no\/kjendis\/kongehuset-bekrefter\/83960963\" rel=\"nofollow noopener\" target=\"_blank\"><\/p>\n<p>        <img loading=\"lazy\" decoding=\"async\" src=\"https:\/\/www.europesays.com\/no\/wp-content\/uploads\/2025\/12\/1765444518_121_83960932.webp\" width=\"980\" height=\"441\" title=\"Kongehuset bekrefter\" alt=\"\" class=\"lazyload\" style=\"--aspect-ratio-image: 2.22; \"\/><\/p>\n<p>        Kongehuset bekrefter<\/p>\n<p>    <\/a><\/p>\n<p>Under bes\u00f8ket i Nigeria ble det kunngjort at dronningen blir en st\u00f8ttespiller for \u00abThe 10 Million Safer Births Initiative\u00bb de neste tre \u00e5rene. Initiativet har som m\u00e5l \u00e5 fors\u00f8rge opptil 10 millioner kvinner s\u00f8r for Sahara tryggere f\u00f8dsler innen 2030, skrev <a href=\"https:\/\/www.hellomagazine.com\/royalty\/840464\/queen-mary-quietly-travels-abroad-without-king-frederik\/\" target=\"_blank\" rel=\"nofollow noopener\">Hello Magazine<\/a> i sommer.<\/p>\n<p>Selv om kong Frederik ikke ble med dronningen til Afrika, er han slett ikke fremmed for \u00e5 ta seg en ferie eller to &#8211; eller ni.<\/p>\n<p>        <img loading=\"lazy\" decoding=\"async\" src=\"https:\/\/www.europesays.com\/no\/wp-content\/uploads\/2025\/12\/83505386.webp\" width=\"686\" height=\"392\" title=\"FERIEGLAD: Kongen er tilsynelatende glad i \u00e5 ta seg ferie. Foto: NTB\" alt=\"\" class=\"\" style=\"--aspect-ratio-image: 1.75; \"\/><\/p>\n<p>\n        FERIEGLAD: Kongen er tilsynelatende glad i \u00e5 ta seg ferie. Foto: NTB\n    <\/p>\n<p>If\u00f8lge kalenderen til kongehuset hadde kongen hatt hele <a href=\"https:\/\/www.seher.no\/kongelig\/far-gjennomga-ma-passe-seg\/83762998\" target=\"_blank\" rel=\"nofollow noopener\">47 feriedager allerede i oktober i \u00e5r<\/a>. Dette tilsvarer alts\u00e5 syv uker med ferie for monarken.<\/p>\n","protected":false},"excerpt":{"rendered":"Dronning Mary: Nok en gang har dronning Mary forlatt landet i stillhet. P\u00c5 REISEFOT: Dronning Mary er for&hellip;\n","protected":false},"author":2,"featured_media":110150,"comment_status":"","ping_status":"","sticky":false,"template":"","format":"standard","meta":{"footnotes":""},"categories":[58],"tags":[5816,5818,71,479,2543,30,28,29,72],"class_list":{"0":"post-110149","1":"post","2":"type-post","3":"status-publish","4":"format-standard","5":"has-post-thumbnail","7":"category-underholdning","8":"tag-det-danske-kongehuset","9":"tag-dronning-mary","10":"tag-entertainment","11":"tag-kjendis","12":"tag-kjendisdesken","13":"tag-no","14":"tag-norge","15":"tag-norway","16":"tag-underholdning"},"share_on_mastodon":{"url":"https:\/\/pubeurope.com\/@no\/115700179201816203","error":""},"_links":{"self":[{"href":"https:\/\/www.europesays.com\/no\/wp-json\/wp\/v2\/posts\/110149","targetHints":{"allow":["GET"]}}],"collection":[{"href":"https:\/\/www.europesays.com\/no\/wp-json\/wp\/v2\/posts"}],"about":[{"href":"https:\/\/www.europesays.com\/no\/wp-json\/wp\/v2\/types\/post"}],"author":[{"embeddable":true,"href":"https:\/\/www.europesays.com\/no\/wp-json\/wp\/v2\/users\/2"}],"replies":[{"embeddable":true,"href":"https:\/\/www.europesays.com\/no\/wp-json\/wp\/v2\/comments?post=110149"}],"version-history":[{"count":0,"href":"https:\/\/www.europesays.com\/no\/wp-json\/wp\/v2\/posts\/110149\/revisions"}],"wp:featuredmedia":[{"embeddable":true,"href":"https:\/\/www.europesays.com\/no\/wp-json\/wp\/v2\/media\/110150"}],"wp:attachment":[{"href":"https:\/\/www.europesays.com\/no\/wp-json\/wp\/v2\/media?parent=110149"}],"wp:term":[{"taxonomy":"category","embeddable":true,"href":"https:\/\/www.europesays.com\/no\/wp-json\/wp\/v2\/categories?post=110149"},{"taxonomy":"post_tag","embeddable":true,"href":"https:\/\/www.europesays.com\/no\/wp-json\/wp\/v2\/tags?post=110149"}],"curies":[{"name":"wp","href":"https:\/\/api.w.org\/{rel}","templated":true}]}}