{"id":110153,"date":"2025-12-11T09:18:09","date_gmt":"2025-12-11T09:18:09","guid":{"rendered":"https:\/\/www.europesays.com\/no\/110153\/"},"modified":"2025-12-11T09:18:09","modified_gmt":"2025-12-11T09:18:09","slug":"jeg-vil-bare-fa-den-i-dag","status":"publish","type":"post","link":"https:\/\/www.europesays.com\/no\/110153\/","title":{"rendered":"\u2013 Jeg vil bare f\u00e5 den i dag"},"content":{"rendered":"\n<p class=\"_lead_o9xde_2 _lead_xtcu6_50 layout-component text-serif-m layout-normal text-serif-l layout-component layout-wide layout-padded _wide_17hqh_1 layout-padded\">Den norske TV-profilen (31) m\u00e5 m\u00f8te i \u00d6stersunds tingsr\u00e4tt, men datoen for rettssaken er enn\u00e5 ikke satt.<\/p>\n<p><img alt=\"Isak Dreyer er tiltalt for ulovlig bj\u00f8rnejakt i Sverige, men nekter straffskyld. Foto: Hallgeir V\u00e5genes \/ VG\" class=\"_image_qp4xg_65 layout-component layout-wide\" data-fullscreen- data-track-element-type=\"Article image fullscreen\" data-track-name=\"ImageFullscreen\" fetchpriority=\"high\" decoding=\"sync\" loading=\"eager\" height=\"4000\" itemprop=\"image\"  src=\"https:\/\/www.europesays.com\/no\/wp-content\/uploads\/2025\/12\/28e10bef-2ea3-4837-baf6-6e416abf57df\"  style=\"object-position:51.638633604993935% 49.375%\" width=\"5767\"\/>Isak Dreyer er tiltalt for ulovlig bj\u00f8rnejakt i Sverige, men nekter straffskyld. Foto: Hallgeir V\u00e5genes \/ VG Oppdatert torsdag 11. desember kl. 10:12     <\/p>\n<p class=\"_paragraph_o9xde_4 _paragraph_xtcu6_10 layout-component text-serif-m layout-normal text-serif-m layout-padded\">Det var i slutten av august at TV-kjendis <a href=\"https:\/\/www.vg.no\/tag\/isak-dreyer?utm_source=vg-article&amp;utm_medium=auto-tagger&amp;utm_campaign=jQ4EJz\" class=\"_link_o9xde_39\" rel=\"nofollow noopener\" target=\"_blank\">Isak Dreyer<\/a> \u2013 som p\u00e5 den tiden var aktuell i NRK-serien \u00abNorges t\u00f8ffeste\u00bb \u2013 og fem andre menn ble tiltalt av den svenske p\u00e5talemyndigheten for grov, ulovlig bj\u00f8rnejakt i Str\u00f6msund kommune i J\u00e4mtlands l\u00e4n i oktober 2023.<\/p>\n<p class=\"_paragraph_o9xde_4 _paragraph_xtcu6_10 layout-component text-serif-m layout-normal text-serif-m layout-padded\">Fem av de tiltalte er norske, mens den sjette er svensk statsborger.<\/p>\n<p class=\"_paragraph_o9xde_4 _paragraph_xtcu6_10 layout-component text-serif-m layout-normal text-serif-m layout-padded\">Isak Dreyer selv har hele tiden bedyret sin uskyld og kom med en forel\u00f8pig forklaring p\u00e5 Instagram kort tid etter at tiltalen ble offentliggjort.<\/p>\n<p class=\"_paragraph_o9xde_4 _paragraph_xtcu6_10 layout-component text-serif-m layout-normal text-serif-m layout-padded\">I innlegget innr\u00f8mmer Isak Dreyer \u00e5 ha v\u00e6rt p\u00e5 bj\u00f8rnejakt, men benekter \u00e5 ha skutt.<\/p>\n<p class=\"_paragraph_o9xde_4 _paragraph_xtcu6_10 layout-component text-serif-m layout-normal text-serif-m layout-padded\">\u2013 Det stemmer at jeg var med p\u00e5 bj\u00f8rnejakt som er lovlig hvert \u00e5r i Sverige. Det som ikke er lov er \u00e5 skyte unge eller binne. Jeg var ikke med p\u00e5 \u00e5 skyte noen unge eller binne den dagen, jeg skj\u00f8t ingenting som helst, sier Dreyer blant annet, og legger til at han ser frem at rettsvesenet f\u00e5r belyst saken og at han f\u00e5r sagt hva som faktisk skjedde.<\/p>\n<p class=\"_paragraph_o9xde_4 _paragraph_xtcu6_10 layout-component text-serif-m layout-normal text-serif-m layout-padded\">En bj\u00f8rnebinne og en bj\u00f8rnunge skal ha blitt skutt under den aktuelle jakten. Det ble ogs\u00e5 felt en hannbj\u00f8rn, men p\u00e5 lovlig vis.<\/p>\n<p> \u2013 Angrer ikke<\/p>\n<p class=\"_paragraph_o9xde_4 _paragraph_xtcu6_10 layout-component text-serif-m layout-normal text-serif-m layout-padded\">Onsdag var Dreyer p\u00e5 pressedag for TV 2-programmet \u00abVokteren\u00bb der han er <a href=\"https:\/\/www.vg.no\/i\/RjxGEO\" data-track-element-type=\"Link\" data-track-id=\"link:RjxGEO\" class=\"_link_o9xde_39\" rel=\"nofollow noopener\" target=\"_blank\">en av deltagerne<\/a>.<\/p>\n<p class=\"_paragraph_o9xde_4 _paragraph_xtcu6_10 layout-component text-serif-m layout-normal text-serif-m layout-padded\">Til <a href=\"https:\/\/www.dagbladet.no\/kjendis\/angrer-ikke-pa-noe\/83966421\" class=\"_link_o9xde_39\" rel=\"nofollow noopener\" target=\"_blank\">Dagbladet<\/a> fortalte han at han ikke angrer.<\/p>\n<p class=\"_paragraph_o9xde_4 _paragraph_xtcu6_10 layout-component text-serif-m layout-normal text-serif-m layout-padded\">\u2013 Det som skjedde er en lang og omfattende historie, og alt vil bli belyst i rettssaken. Men jeg angrer ikke p\u00e5 noe, sa han til avisen.<\/p>\n<p class=\"_paragraph_o9xde_4 _paragraph_xtcu6_10 layout-component text-serif-m layout-normal text-serif-m layout-padded\">Han legger ikke skjul p\u00e5 at han stiller seg kritisk til mediedekningen av saken. <\/p>\n<p class=\"_paragraph_o9xde_4 _paragraph_xtcu6_10 layout-component text-serif-m layout-normal text-serif-m layout-padded\">\u2013 Det blir aldri mer styr enn det mediene lager, sier han til VG.<\/p>\n<p class=\"_paragraph_o9xde_4 _paragraph_xtcu6_10 layout-component text-serif-m layout-normal text-serif-m layout-padded\">Han understreker at han mener mediene fremstiller saken feil, og stiller sp\u00f8rsm\u00e5l ved om noe av det som er skrevet om ham i det hele tatt stemmer.<\/p>\n<p class=\"_paragraph_o9xde_4 _paragraph_xtcu6_10 layout-component text-serif-m layout-normal text-serif-m layout-padded\">\u2013 Hva tenker du om \u00e5 v\u00e6re p\u00e5 TV samtidig som rettssaken g\u00e5r?<\/p>\n<p class=\"_paragraph_o9xde_4 _paragraph_xtcu6_10 layout-component text-serif-m layout-normal text-serif-m layout-padded\">\u2013 Jeg vil bare f\u00e5 den i dag.<\/p>\n<p class=\"_paragraph_o9xde_4 _paragraph_xtcu6_10 layout-component text-serif-m layout-normal text-serif-m layout-padded\">\u2013 Ja, f\u00e5 det unna?<\/p>\n<p class=\"_paragraph_o9xde_4 _paragraph_xtcu6_10 layout-component text-serif-m layout-normal text-serif-m layout-padded\">\u2013 Ja.<\/p>\n<p class=\"_paragraph_o9xde_4 _paragraph_xtcu6_10 layout-component text-serif-m layout-normal layout-padded\"><strong class=\"_strong_o9xde_25\">Les ogs\u00e5:<\/strong> <a href=\"https:\/\/www.vg.no\/i\/25rjLx\" data-track-element-type=\"Link\" data-track-id=\"link:25rjLx\" class=\"_link_o9xde_39\" rel=\"nofollow noopener\" target=\"_blank\">Dette er bevisene mot Isak Dreyer og jaktlaget<\/a><\/p>\n<p class=\"_paragraph_o9xde_4 _paragraph_xtcu6_10 layout-component text-serif-m layout-normal text-serif-m layout-padded\">Politiet mener TV-profilen ikke var til stede da hverken binnen eller ungen ble skutt, men kom til senere. Han har i avh\u00f8r forklart at han trodde ungen ble tatt av en hund, og at han <a href=\"https:\/\/www.vg.no\/rampelys\/i\/vgMn5p\/isak-dreyer-i-avhoer-jeg-hjalp-bare-til\" data-track-element-type=\"Link\" data-track-id=\"link:vgMn5p\" class=\"_link_o9xde_39\" rel=\"nofollow noopener\" target=\"_blank\">bare hjalp til <\/a>da han slepte bj\u00f8rnungen gjennom skogen til n\u00e6rmeste vei.<\/p>\n<p><img alt=\"Foto: Politiet\" class=\"_image_qp4xg_65 layout-component layout-normal\" data-fullscreen- data-track-element-type=\"Article image fullscreen\" data-track-name=\"ImageFullscreen\" decoding=\"async\" loading=\"lazy\" height=\"1518\" itemprop=\"image\"  src=\"https:\/\/www.europesays.com\/no\/wp-content\/uploads\/2025\/12\/41bfdc27-a7f2-44a3-905d-ce94fdd937d9\"  style=\"object-position:43.95656279508971% 30.533596837944664%\" width=\"1059\"\/>Foto: Politiet<\/p>\n<p class=\"_paragraph_o9xde_4 _paragraph_xtcu6_10 layout-component text-serif-m layout-normal text-serif-m layout-padded\">Tiltalen VG har f\u00e5tt innsyn, i viser at Dreyer og de fem andre st\u00e5r tiltalt for grovt jaktlovbrudd. Dreyer ogs\u00e5 for grovt helerilovbrudd. If\u00f8lge tiltalen skal jegerne i fellesskap og etter avtale bevisst ha jaktet p\u00e5 en bj\u00f8rnebinne og hennes bj\u00f8rnunger.<\/p>\n<p class=\"_paragraph_o9xde_4 _paragraph_xtcu6_10 layout-component text-serif-m layout-normal text-serif-m layout-padded\">I saksdokumentene st\u00e5r det at politiet har funnet en videofil som viser hvordan mennene forf\u00f8lger bj\u00f8rnefamilien med bil.<\/p>\n<p class=\"_paragraph_o9xde_4 _paragraph_xtcu6_10 layout-component text-serif-m layout-normal text-serif-m layout-padded\">Ingen av de tiltalte erkjenner straffskyld, men den svenske mannen har erkjent at han avfyrte skuddet som felte binnen \u00abi forbindelse med at bj\u00f8rnen sprang over en smal grusvei i skogen\u00bb, har hans advokat, Anders Cederberg, uttalt til\u00a0<a href=\"https:\/\/www.dagbladet.no\/kjendis\/tiltalt-i-sverige\/83506677\" class=\"_link_o9xde_39\" rel=\"nofollow noopener\" target=\"_blank\">Dagbladet<\/a>.<\/p>\n<p class=\"_paragraph_o9xde_4 _paragraph_xtcu6_10 layout-component text-serif-m layout-normal text-serif-m layout-padded\">Det er forel\u00f8pig ikke klart n\u00e5r rettssaken begynner, og hvor lang tid den vil ta.<\/p>\n<p class=\"_paragraph_o9xde_4 _paragraph_xtcu6_10 layout-component text-serif-m layout-normal text-serif-m layout-padded\">NRK har tidligere uttalt til VG at tiltalen mot Isak Dreyer <a href=\"https:\/\/www.vg.no\/rampelys\/i\/xmLOEG\/fem-norske-menn-tiltalt-for-grovt-brudd-paa-jaktlovene-i-stromsund\" data-track-element-type=\"Link\" data-track-id=\"link:xmLOEG\" class=\"_link_o9xde_39\" rel=\"nofollow noopener\" target=\"_blank\">forel\u00f8pig ikke vil f\u00e5 konsekvenser<\/a> for hans programlederrolle i \u00abNorges t\u00f8ffeste\u00bb.<\/p>\n","protected":false},"excerpt":{"rendered":"Den norske TV-profilen (31) m\u00e5 m\u00f8te i \u00d6stersunds tingsr\u00e4tt, men datoen for rettssaken er enn\u00e5 ikke satt. Isak&hellip;\n","protected":false},"author":2,"featured_media":110154,"comment_status":"","ping_status":"","sticky":false,"template":"","format":"standard","meta":{"footnotes":""},"categories":[12],"tags":[20,21,24,25,15,3316,1521,22,23,13,30,28,3012,29,14,16,26,27,42,43,44,45],"class_list":{"0":"post-110153","1":"post","2":"type-post","3":"status-publish","4":"format-standard","5":"has-post-thumbnail","7":"category-verden","8":"tag-breaking-news","9":"tag-breakingnews","10":"tag-featured-news","11":"tag-featurednews","12":"tag-headlines","13":"tag-isak-dreyer","14":"tag-jakt","15":"tag-latest-news","16":"tag-latestnews","17":"tag-news","18":"tag-no","19":"tag-norge","20":"tag-norges-toffeste","21":"tag-norway","22":"tag-nyheter","23":"tag-overskrifter","24":"tag-top-stories","25":"tag-topstories","26":"tag-verden","27":"tag-world","28":"tag-world-news","29":"tag-worldnews"},"share_on_mastodon":{"url":"https:\/\/pubeurope.com\/@no\/115700191216401430","error":""},"_links":{"self":[{"href":"https:\/\/www.europesays.com\/no\/wp-json\/wp\/v2\/posts\/110153","targetHints":{"allow":["GET"]}}],"collection":[{"href":"https:\/\/www.europesays.com\/no\/wp-json\/wp\/v2\/posts"}],"about":[{"href":"https:\/\/www.europesays.com\/no\/wp-json\/wp\/v2\/types\/post"}],"author":[{"embeddable":true,"href":"https:\/\/www.europesays.com\/no\/wp-json\/wp\/v2\/users\/2"}],"replies":[{"embeddable":true,"href":"https:\/\/www.europesays.com\/no\/wp-json\/wp\/v2\/comments?post=110153"}],"version-history":[{"count":0,"href":"https:\/\/www.europesays.com\/no\/wp-json\/wp\/v2\/posts\/110153\/revisions"}],"wp:featuredmedia":[{"embeddable":true,"href":"https:\/\/www.europesays.com\/no\/wp-json\/wp\/v2\/media\/110154"}],"wp:attachment":[{"href":"https:\/\/www.europesays.com\/no\/wp-json\/wp\/v2\/media?parent=110153"}],"wp:term":[{"taxonomy":"category","embeddable":true,"href":"https:\/\/www.europesays.com\/no\/wp-json\/wp\/v2\/categories?post=110153"},{"taxonomy":"post_tag","embeddable":true,"href":"https:\/\/www.europesays.com\/no\/wp-json\/wp\/v2\/tags?post=110153"}],"curies":[{"name":"wp","href":"https:\/\/api.w.org\/{rel}","templated":true}]}}