{"id":110157,"date":"2025-12-11T09:21:17","date_gmt":"2025-12-11T09:21:17","guid":{"rendered":"https:\/\/www.europesays.com\/no\/110157\/"},"modified":"2025-12-11T09:21:17","modified_gmt":"2025-12-11T09:21:17","slug":"glimt-champions-league-bragd-for-sykdomsrammet-bodo-glimt-stjal-poeng-fra-borussia-dortmund","status":"publish","type":"post","link":"https:\/\/www.europesays.com\/no\/110157\/","title":{"rendered":"Glimt, Champions League | Bragd for sykdomsrammet Bod\u00f8\/Glimt \u2013 stjal poeng fra Borussia Dortmund"},"content":{"rendered":"\n<p>Jens Petter Hauge fikk Glimt-fansen til \u00e5 eksplodere da han satte inn 2-2 et kvarter f\u00f8r slutt i den gule og svarte fotballfesten i Dortmund.<\/p>\n<p>\u2013 Han er mannen for de virkelig store anledninger. Han er iskald n\u00e5r muligheten f\u00f8rst kommer, sa TV 2-ekspert Jesper Mathisen.<\/p>\n<p>Hauge kunne ta imot hyllesten fra nesten 5000 Glimt-fans. P\u00e5 motsatt kortside hadde omkring det femdobbelte av Dortmund-supportere holdt det g\u00e5ende gjennom hele kampen.<\/p>\n<p>P\u00e5 tampen kunne Glimt gjort det helt store. Fredrik Sj\u00f8vold la inn fra h\u00f8yre, og Dortmunds Daniel Svensson holdt p\u00e5 \u00e5 sette ballen i eget nett, men en kjemperedning fra Gregor Kobel hindret 3-2.<\/p>\n<p>Etter 2-2-scoringen kom Julian Ryerson inn, og begge lags supportere var i fyr og flamme. Ogs\u00e5 Dortmund-trener Niko Kovac fyrte seg opp p\u00e5 sidelinjen, for han \u00f8nsket \u00e5 gj\u00f8re et bytte f\u00f8r Hauges utligning..<\/p>\n<p>2-2 gj\u00f8r at Glimt tar med seg sin tredje uavgjort i Champions League. H\u00e5pet om avansement er tynt.<\/p>\n<p>Kaotisk<\/p>\n<p>Like f\u00f8r kampstart m\u00e5tte landslagsspiller Fredrik Bj\u00f8rkan kaste inn h\u00e5ndkleet. Dagen i forveien snakket trener Kjetil Knutsen om \u00ablitt sykdom i laget\u00bb.<\/p>\n<p>NTB f\u00e5r opplyst at det er flere som startet kampen i Dortmund, som fortsatt sliter med sykdom. Mye kan tyde p\u00e5 det er smitte som har spredt seg i troppen.<\/p>\n<p>Haitam Aleesami misset p\u00e5 en pasning som ga Borussia Dortmund en kontring og det f\u00f8rste m\u00e5let ved Julian Brandt etter 17 minutter.<\/p>\n<p>\u2013 En stygg, stygg feil, konkluderte TV 2-ekspert Mathisen.<\/p>\n<p>Deretter stanget han inn utligningen foran Dortmund-fansen.<\/p>\n<p>Aleesami l\u00f8p seg fri i boksen p\u00e5 en corner og headet inn utligningen fra kort hold. Innlegget fra landslagsprofilen Patrick Berg var str\u00f8kent.<\/p>\n<p>Slapp med skrekken<\/p>\n<p>Etter Dortmunds 1-0-scoring var hjemmelaget framp\u00e5 med to headinger, men Glimt slapp med skrekken.<\/p>\n<p>Fem minutter etter hvilen fikk Brandt sin andre scoring. Nikita Haikin m\u00e5tte gi retur p\u00e5 en avslutning fra kloss hold, og 29-\u00e5ringen kontrollerte inn 2\u20131.<\/p>\n<p>Deretter fulgte et enormt Dortmund-trykk med fire-fem gode muligheter, og Glimt var heldige som fortsatt var med i kampen. En enorm Haikin-redning m\u00e5tte ogs\u00e5 til.<\/p>\n<p>S\u00e5 kom Hauges utrolige utligning som s\u00f8rget for full jubel for de nesten 5000 tilreisende nordlendingene i Dortmund.<\/p>\n<p>N\u00e5 kan Glimt-troppen ta ferie etter en lang sesong. De to siste Champions League-kampene i gruppespillet er i januar og ikke mot hvem som helst: Manchester City (h) og Atl\u00e9tico Madrid (b).<\/p>\n","protected":false},"excerpt":{"rendered":"Jens Petter Hauge fikk Glimt-fansen til \u00e5 eksplodere da han satte inn 2-2 et kvarter f\u00f8r slutt i&hellip;\n","protected":false},"author":2,"featured_media":110158,"comment_status":"","ping_status":"","sticky":false,"template":"","format":"standard","meta":{"footnotes":""},"categories":[59],"tags":[36,706,799,30,28,29,83,82,1510],"class_list":{"0":"post-110157","1":"post","2":"type-post","3":"status-publish","4":"format-standard","5":"has-post-thumbnail","7":"category-sport","8":"tag-art","9":"tag-champions-league","10":"tag-glimt","11":"tag-no","12":"tag-norge","13":"tag-norway","14":"tag-sport","15":"tag-sports","16":"tag-story"},"share_on_mastodon":{"url":"https:\/\/pubeurope.com\/@no\/115700202508586096","error":""},"_links":{"self":[{"href":"https:\/\/www.europesays.com\/no\/wp-json\/wp\/v2\/posts\/110157","targetHints":{"allow":["GET"]}}],"collection":[{"href":"https:\/\/www.europesays.com\/no\/wp-json\/wp\/v2\/posts"}],"about":[{"href":"https:\/\/www.europesays.com\/no\/wp-json\/wp\/v2\/types\/post"}],"author":[{"embeddable":true,"href":"https:\/\/www.europesays.com\/no\/wp-json\/wp\/v2\/users\/2"}],"replies":[{"embeddable":true,"href":"https:\/\/www.europesays.com\/no\/wp-json\/wp\/v2\/comments?post=110157"}],"version-history":[{"count":0,"href":"https:\/\/www.europesays.com\/no\/wp-json\/wp\/v2\/posts\/110157\/revisions"}],"wp:featuredmedia":[{"embeddable":true,"href":"https:\/\/www.europesays.com\/no\/wp-json\/wp\/v2\/media\/110158"}],"wp:attachment":[{"href":"https:\/\/www.europesays.com\/no\/wp-json\/wp\/v2\/media?parent=110157"}],"wp:term":[{"taxonomy":"category","embeddable":true,"href":"https:\/\/www.europesays.com\/no\/wp-json\/wp\/v2\/categories?post=110157"},{"taxonomy":"post_tag","embeddable":true,"href":"https:\/\/www.europesays.com\/no\/wp-json\/wp\/v2\/tags?post=110157"}],"curies":[{"name":"wp","href":"https:\/\/api.w.org\/{rel}","templated":true}]}}