{"id":110159,"date":"2025-12-11T09:22:44","date_gmt":"2025-12-11T09:22:44","guid":{"rendered":"https:\/\/www.europesays.com\/no\/110159\/"},"modified":"2025-12-11T09:22:44","modified_gmt":"2025-12-11T09:22:44","slug":"mat-paul-mccartney-na-vurderer-eu-forbud-mot-burger-og-biff","status":"publish","type":"post","link":"https:\/\/www.europesays.com\/no\/110159\/","title":{"rendered":"Mat, Paul McCartney | N\u00e5 vurderer EU forbud mot \u00abburger\u00bb og \u00abbiff\u00bb"},"content":{"rendered":"\n<p>Mange av Europas husdyrb\u00f8nder ser p\u00e5 plantebasert mat som etterligner kj\u00f8ttprodukter, som potensielt villedende for forbrukere og en trussel mot en allerede truet sektor.<\/p>\n<p>Lovgivere i EU-parlamentet ga i oktober st\u00f8tte til et forslag om \u00e5 reservere en liste av varenavn, deriblant burger og p\u00f8lse, for produkter som inneholder kj\u00f8tt. Lista er lang.<\/p>\n<p>  <a href=\"https:\/\/www.nationen.no\/5-148-823323\" class=\"related-teaser has-image default-story-teaser article--c-eRUmMG article--c-eRUmMG-jKCPdD-design-default\" rel=\"nofollow noopener\" target=\"_blank\"><\/p>\n<p>    <img decoding=\"async\" loading=\"lazy\"  src=\"https:\/\/www.europesays.com\/no\/wp-content\/uploads\/2025\/12\/tMBbQPBk-nE37ydW23Z7v_SOqog.jpg\" alt=\"\" class=\"brick-c-cFOWSL\" style=\"\"\/><\/p>\n<p>\n            Les ogs\u00e5<\/p>\n<p>              Sier nei til \u00abveggisburger\u00bb-forbud\n        <\/p>\n<p>  <\/a><\/p>\n<p><b>EUs 27 medlemsland skal n\u00e5 diskutere forslaget som en del av en st\u00f8rre pakke for beskytte det europeiske jordbruket.<\/b><\/p>\n<p>Noen land er if\u00f8lge AFP skeptiske, og det ventes if\u00f8lge deres kilder at det kan v\u00e6re behov for flere forhandlingsrunder f\u00f8r det blir enighet.<\/p>\n<p>Kritikerne av forslaget er mange. Tyske matbutikker, forbrukerrettighetsforkjempere og milj\u00f8forkjempere har alle uttrykt motstand.<\/p>\n<p>  <a href=\"https:\/\/www.nationen.no\/5-148-829540\" class=\"related-teaser has-image default-story-teaser article--c-eRUmMG article--c-eRUmMG-jKCPdD-design-default\" rel=\"nofollow noopener\" target=\"_blank\"><\/p>\n<p>    <img decoding=\"async\" loading=\"lazy\"  src=\"https:\/\/www.europesays.com\/no\/wp-content\/uploads\/2025\/12\/yunn+Krogh.bin\" alt=\"\" class=\"brick-c-cFOWSL\" style=\"\"\/><\/p>\n<p>\n            Les ogs\u00e5<\/p>\n<p>              Tar oppgj\u00f8r med matkjedene: \u2013 Det f\u00f8les som en lang \u00abfuck you-finger\u00bb\n        <\/p>\n<p>  <\/a><\/p>\n<p>Ogs\u00e5 tidligere Beatles-vokalist og vegetarianer Paul McCartney er imot og har undertegnet et brev som ble sendt til EUs ledelse.<\/p>\n<p>\u2013 Vi ber dere om \u00e5 ikke innf\u00f8re disse restriksjonene, og vi er dypt bekymret for den betydelige globale effekten de kan ha, het det i brevet.<\/p>\n<p>   <img decoding=\"async\" width=\"2000\" height=\"1460\" fetchpriority=\"low\"  loading=\"lazy\"  src=\"https:\/\/www.europesays.com\/no\/wp-content\/uploads\/2025\/12\/NTB_eArpwzlHaKI.jpg\" alt=\"FILE - Paul McCartney and Nancy Shevell pose for photographers upon arrival for the premiere of the film 'If These Walls Could Sing' in London, Monday, Dec. 12, 2022. (Photo by Scott Garfitt\/Invision\/AP, File)\" class=\"brick-c-cFOWSL\" style=\"--brick-image-ratio: 2000 \/ 1460;\"\/><\/p>\n<p>      Beatles-legende Paul McCartney har sendt brev til EU-ledelsen.<br \/>\n      Foto: Scott Garfitt \/ Ap \/ NTB\n    <\/p>\n<p>I EU-parlamentet var lyden en annen:<\/p>\n<p>\u2013 Ikke er det p\u00f8lse, og ikke er det biff, enkelt og greit. La oss kalle en spade for en spade, sa EU-parlamentariker Celine Imart fra det franske h\u00f8yrepartiet Republikanerne da forslaget ble diskutert der i oktober.<\/p>\n<p>(\u00a9NTB)<\/p>\n","protected":false},"excerpt":{"rendered":"Mange av Europas husdyrb\u00f8nder ser p\u00e5 plantebasert mat som etterligner kj\u00f8ttprodukter, som potensielt villedende for forbrukere og en&hellip;\n","protected":false},"author":2,"featured_media":110160,"comment_status":"","ping_status":"","sticky":false,"template":"","format":"standard","meta":{"footnotes":""},"categories":[58],"tags":[36,71,279,737,30,28,29,10911,1510,72,13584],"class_list":{"0":"post-110159","1":"post","2":"type-post","3":"status-publish","4":"format-standard","5":"has-post-thumbnail","7":"category-underholdning","8":"tag-art","9":"tag-entertainment","10":"tag-eu","11":"tag-mat","12":"tag-no","13":"tag-norge","14":"tag-norway","15":"tag-paul-mccartney","16":"tag-story","17":"tag-underholdning","18":"tag-veganere"},"share_on_mastodon":{"url":"https:\/\/pubeurope.com\/@no\/115700206569519838","error":""},"_links":{"self":[{"href":"https:\/\/www.europesays.com\/no\/wp-json\/wp\/v2\/posts\/110159","targetHints":{"allow":["GET"]}}],"collection":[{"href":"https:\/\/www.europesays.com\/no\/wp-json\/wp\/v2\/posts"}],"about":[{"href":"https:\/\/www.europesays.com\/no\/wp-json\/wp\/v2\/types\/post"}],"author":[{"embeddable":true,"href":"https:\/\/www.europesays.com\/no\/wp-json\/wp\/v2\/users\/2"}],"replies":[{"embeddable":true,"href":"https:\/\/www.europesays.com\/no\/wp-json\/wp\/v2\/comments?post=110159"}],"version-history":[{"count":0,"href":"https:\/\/www.europesays.com\/no\/wp-json\/wp\/v2\/posts\/110159\/revisions"}],"wp:featuredmedia":[{"embeddable":true,"href":"https:\/\/www.europesays.com\/no\/wp-json\/wp\/v2\/media\/110160"}],"wp:attachment":[{"href":"https:\/\/www.europesays.com\/no\/wp-json\/wp\/v2\/media?parent=110159"}],"wp:term":[{"taxonomy":"category","embeddable":true,"href":"https:\/\/www.europesays.com\/no\/wp-json\/wp\/v2\/categories?post=110159"},{"taxonomy":"post_tag","embeddable":true,"href":"https:\/\/www.europesays.com\/no\/wp-json\/wp\/v2\/tags?post=110159"}],"curies":[{"name":"wp","href":"https:\/\/api.w.org\/{rel}","templated":true}]}}