{"id":110209,"date":"2025-12-11T10:16:11","date_gmt":"2025-12-11T10:16:11","guid":{"rendered":"https:\/\/www.europesays.com\/no\/110209\/"},"modified":"2025-12-11T10:16:11","modified_gmt":"2025-12-11T10:16:11","slug":"ingen-ble-skremt","status":"publish","type":"post","link":"https:\/\/www.europesays.com\/no\/110209\/","title":{"rendered":"&#8211; Ingen ble skremt"},"content":{"rendered":"<p class=\"kicker \" style=\"\">Plutselig tilbake:<\/p>\n<p>  F\u00e5 dager f\u00f8r verdenscup\u00e5pningen var Johannes Thingnes B\u00f8 (32) tilbake med rifla p\u00e5 ryggen.<\/p>\n<p>\n    NEI, MEN ER DET IKKE?: Jo, det er Johannes Thingnes B\u00f8 med b\u00f8rse p\u00e5 standplass. Foto: Instagram \/ johannesbo\n  <\/p>\n<p>    Kort fortalt<\/p>\n<ul lang=\"nb-NO\">\n<li>Johannes Thingnes B\u00f8 delte et bilde p\u00e5 Instagram fra en trenings\u00f8kt p\u00e5 Sjusj\u00f8en.<\/li>\n<li>Han deltok i en mellomhard intervall\u00f8kt med landslagsl\u00f8perne Johannes Dale-Skjevdal og Martin Uldal.<\/li>\n<li>Thingnes B\u00f8 uttrykte at han savner sporten, men understreket at treningen var for moro skyld.<\/li>\n<li>Innlegget fikk over 15.000 likerklikk, og mange oppfordret ham til \u00e5 gj\u00f8re comeback.<\/li>\n<\/ul>\n<p class=\"italic ai-disclaimer\" data-lab-italic=\"italic\">Sammendraget er laget av ChatGPT og godkjent av Dagbladet.<\/p>\n<p>      Vis mer<br \/>\n      Vis mindre<\/p>\n<p>Her st\u00e5r mannen som av mange regnes som tidenes beste skiskytter &#8211; med ski p\u00e5 beina og b\u00f8rsa i h\u00e5nda.\u00a0<\/p>\n<p><a href=\"https:\/\/www.instagram.com\/p\/DRU3_OMDB3c\/\" rel=\"nofollow noopener\" target=\"_blank\">Innlegget <\/a>delte han for tre uker siden med sine over 300 000 f\u00f8lgere p\u00e5 Instagram.<\/p>\n<p>    <a itemprop=\"url\" href=\"https:\/\/www.dagbladet.no\/sport\/skal-jobbe-sammen\/83914183\" rel=\"nofollow noopener\" target=\"_blank\"><\/p>\n<p>        <img loading=\"lazy\" decoding=\"async\" src=\"https:\/\/www.europesays.com\/no\/wp-content\/uploads\/2025\/12\/83914200.webp\" width=\"980\" height=\"441\" title=\"Skal jobbe sammen\" alt=\"\" class=\"lazyload\" style=\"--aspect-ratio-image: 2.22; \"\/><\/p>\n<p>        Skal jobbe sammen<\/p>\n<p>    <\/a><\/p>\n<p>Stedet er Sjusj\u00f8en.<\/p>\n<p>Her gjennomf\u00f8rte Thingnes B\u00f8 en \u00f8kt sammen med blant andre navnebror Johannes Dale-Skjevdal.<\/p>\n<p>&#8211; Et lite mini-comeback. Det kan hende jeg savner det mer enn jeg vil gi uttrykk for, sier Thingnes B\u00f8 til Dagbladet.<\/p>\n<p>        <img loading=\"lazy\" decoding=\"async\" src=\"https:\/\/www.europesays.com\/no\/wp-content\/uploads\/2025\/12\/83905148.webp\" width=\"980\" height=\"559\" title=\"SJOKKERTE ALLE: P\u00e5 en hasteinnkalt pressekonferanse i Ruhpolding i januar fortalte Johannes Thingnes B\u00f8 at det ble hans siste sesong. Foto: Thomas Bachun \/ BILDBYR\u00c5N\" alt=\"\" class=\"\" style=\"--aspect-ratio-image: 1.75; \"\/><\/p>\n<p>\n        SJOKKERTE ALLE: P\u00e5 en hasteinnkalt pressekonferanse i Ruhpolding i januar fortalte Johannes Thingnes B\u00f8 at det ble hans siste sesong. Foto: Thomas Bachun \/ BILDBYR\u00c5N\n    <\/p>\n<p>Forrige sesong <a href=\"https:\/\/www.dagbladet.no\/sport\/knakk-fullstendig-sammen\/82537359\" rel=\"nofollow noopener\" target=\"_blank\">sjokkerte han alle ved \u00e5 legge opp<\/a>. Planen hadde hele tiden v\u00e6rt \u00e5 fullf\u00f8re OL i 2026, men plutselig satte han punktum.<\/p>\n<p>Stryningen forteller at han var p\u00e5 hytta p\u00e5 Sjusj\u00f8en da han spurte landslagstrener Egil Kristiansen om de hadde noe treningsopplegg der. Svaret var at flere av landslagsl\u00f8perne Dale-Skjevdal og Martin Uldal skulle gjennomf\u00f8re en mellomhard intervall\u00f8kt.<\/p>\n<p>    <a itemprop=\"url\" href=\"https:\/\/www.dagbladet.no\/sport\/ukjent-mote-emosjonelt\/82872400\" rel=\"nofollow noopener\" target=\"_blank\"><\/p>\n<p>        <img loading=\"lazy\" decoding=\"async\" src=\"https:\/\/www.europesays.com\/no\/wp-content\/uploads\/2025\/12\/82872428.webp\" width=\"980\" height=\"441\" title=\"Ukjent m\u00f8te: - Emosjonelt\" alt=\"\" class=\"lazyload\" style=\"--aspect-ratio-image: 2.22; \"\/><\/p>\n<p>        Ukjent m\u00f8te: &#8211; Emosjonelt<\/p>\n<p>    <\/a><\/p>\n<p data-lab-italic=\"italic\" class=\"italic m-italic\">&#8211; Hvordan vil du oppsummere l\u00f8pet?<\/p>\n<p>&#8211; Jeg trodde det skulle g\u00e5 greit \u00e5 henge p\u00e5, men jeg ble frag\u00e5tt. Det var ingen som ble skremt p\u00e5 Sjusj\u00f8en, det kan jeg love deg. Det er f\u00f8rst n\u00e5 jeg skj\u00f8nner hvor god jeg faktisk var, sier en lattermild Thingnes B\u00f8, som med glimt i \u00f8yet skylder p\u00e5 d\u00e5rlige ski.<\/p>\n<p>        Her gratulerer Johannes Thingnes B\u00f8 sin franske rival i sisterunden av skiskyting-stafetten. Reporter: Helena Ringheim \/ Stian With. Video: NRK \/ Stian With.<\/p>\n<p>Hva s\u00e5 med skytingen?<\/p>\n<p>&#8211; Det var fire serier. Jeg skj\u00f8t meg fint inn i det: 2-1-0-0.<\/p>\n<p data-lab-italic=\"italic\" class=\"italic m-italic font-weight-bold m-font-weight-bold\" data-lab-font_weight=\"font-weight-bold\">&#8211; Og siste st\u00e5?<\/p>\n<p>&#8211; Jeg avsluttet selvf\u00f8lgelig med fullt hus. Den mentale styrken er der fortsatt.<\/p>\n<p data-lab-italic=\"italic\" class=\"italic m-italic font-weight-bold m-font-weight-bold\" data-lab-font_weight=\"font-weight-bold\">&#8211; Ble det noen duell p\u00e5 siste st\u00e5ende?<\/p>\n<p>&#8211; P\u00e5 ingen m\u00e5te. De var ferdige for lenge siden. Men det var sikkert g\u00f8y for dem \u00e5 se pensjonisten tilbake i sitt rette element.<\/p>\n<p>Innlegget p\u00e5 Instagram har f\u00e5tt over 18 000 likerklikk. I kommentarfeltet f\u00e5r han klar beskjed om \u00e5 gj\u00f8re comeback.<\/p>\n<p>&#8211; Jeg tror nok de fleste skj\u00f8nner at det bare var en morsom \u00f8kt. Men det er g\u00f8y \u00e5 ha kapasitet til \u00e5 v\u00e6re med.<\/p>\n<p data-lab-font_weight=\"font-weight-bold\" class=\"font-weight-bold m-font-weight-bold\">Verdenscupen er for alvor i gang. For f\u00f8rste gang p\u00e5 over 13 \u00e5r har Thingnes B\u00f8 tid til \u00e5 gj\u00f8re andre ting enn \u00e5 spisse formen inn mot \u00e5pningen.<\/p>\n<p>&#8211; Jeg kjenner det n\u00e5 som det n\u00e6rmer seg. N\u00e5 kjenner jeg p\u00e5 de nervene l\u00f8perne kjenner p\u00e5. Jeg gleder meg ufattelig til \u00e5 f\u00f8lge med i \u00e5r, og det blir veldig spennende \u00e5 se hvilke fire som skal f\u00e5 g\u00e5 OL.<\/p>\n<p><script async src=\"\/\/www.instagram.com\/embed.js\"><\/script><\/p>\n","protected":false},"excerpt":{"rendered":"Plutselig tilbake: F\u00e5 dager f\u00f8r verdenscup\u00e5pningen var Johannes Thingnes B\u00f8 (32) tilbake med rifla p\u00e5 ryggen. NEI, MEN&hellip;\n","protected":false},"author":2,"featured_media":110210,"comment_status":"","ping_status":"","sticky":false,"template":"","format":"standard","meta":{"footnotes":""},"categories":[59],"tags":[767,30,28,29,769,83,82],"class_list":{"0":"post-110209","1":"post","2":"type-post","3":"status-publish","4":"format-standard","5":"has-post-thumbnail","7":"category-sport","8":"tag-johannes-thingnes-bo","9":"tag-no","10":"tag-norge","11":"tag-norway","12":"tag-skiskyting","13":"tag-sport","14":"tag-sports"},"share_on_mastodon":{"url":"https:\/\/pubeurope.com\/@no\/115700418851141748","error":""},"_links":{"self":[{"href":"https:\/\/www.europesays.com\/no\/wp-json\/wp\/v2\/posts\/110209","targetHints":{"allow":["GET"]}}],"collection":[{"href":"https:\/\/www.europesays.com\/no\/wp-json\/wp\/v2\/posts"}],"about":[{"href":"https:\/\/www.europesays.com\/no\/wp-json\/wp\/v2\/types\/post"}],"author":[{"embeddable":true,"href":"https:\/\/www.europesays.com\/no\/wp-json\/wp\/v2\/users\/2"}],"replies":[{"embeddable":true,"href":"https:\/\/www.europesays.com\/no\/wp-json\/wp\/v2\/comments?post=110209"}],"version-history":[{"count":0,"href":"https:\/\/www.europesays.com\/no\/wp-json\/wp\/v2\/posts\/110209\/revisions"}],"wp:featuredmedia":[{"embeddable":true,"href":"https:\/\/www.europesays.com\/no\/wp-json\/wp\/v2\/media\/110210"}],"wp:attachment":[{"href":"https:\/\/www.europesays.com\/no\/wp-json\/wp\/v2\/media?parent=110209"}],"wp:term":[{"taxonomy":"category","embeddable":true,"href":"https:\/\/www.europesays.com\/no\/wp-json\/wp\/v2\/categories?post=110209"},{"taxonomy":"post_tag","embeddable":true,"href":"https:\/\/www.europesays.com\/no\/wp-json\/wp\/v2\/tags?post=110209"}],"curies":[{"name":"wp","href":"https:\/\/api.w.org\/{rel}","templated":true}]}}