{"id":110229,"date":"2025-12-11T10:37:08","date_gmt":"2025-12-11T10:37:08","guid":{"rendered":"https:\/\/www.europesays.com\/no\/110229\/"},"modified":"2025-12-11T10:37:08","modified_gmt":"2025-12-11T10:37:08","slug":"nyheter-trafikk-utforkjoring-pa-e6-nord-for-mosjoen","status":"publish","type":"post","link":"https:\/\/www.europesays.com\/no\/110229\/","title":{"rendered":"Nyheter, Trafikk | Utforkj\u00f8ring p\u00e5 E6 nord for Mosj\u00f8en"},"content":{"rendered":"\n<p>N\u00f8detatene har rykket ut til en ulykke p\u00e5 E6 ved \u00c5snevtunnelen rett nord Skotsmyra\/Marka-krysset, opplyser Morten Aleksander S\u00f8rensen ved operasjonssentralen til politiet i Nordland klokken 10.22.<\/p>\n<p>Det er en bil med to personer som har havnet utenfor veien.<\/p>\n<p>\u2013 Begge i bilen fremst\u00e5r som uskadd. Politiet er p\u00e5 tur til stedet og veien er stengt, opplyser S\u00f8rensen.<\/p>\n<p>Det er lang k\u00f8 for s\u00f8rg\u00e5ende trafikk. Det er omkj\u00f8ring via gamle E6.<\/p>\n<p>Klokken 11.07 opplyser operasjonsleder Ina Kristin Selfors at bergingsbil har ankommet ulykkesstedet. Det er en bil med henger som har kj\u00f8rt utfor veien, og det er litt problemer med \u00e5 f\u00e5 hengeren opp. Det er uklart hvor lenge E6 blir stengt.<\/p>\n<p>Det er ikke mistanke om promillekj\u00f8ring.<\/p>\n<p>\u2013 Det er sv\u00e6rt glatt p\u00e5 stedet, sier Selfors. Hun bekrefter at det ikke er snakk om alvorlig personskade.<\/p>\n<p>Politiet skal avh\u00f8re de involverte s\u00e5 snart bergingsarbeidet p\u00e5 stedet er avsluttet.<\/p>\n<p>Klokken 11.35 melder politiet at bilberger har tatt med seg bilen.<\/p>\n<p>\u2013 Hengeren st\u00e5r fortsatt utenfor veien og vil bli berget senere. Vi forlater mens entrepren\u00f8r gj\u00f8r seg ferdig p\u00e5 stedet f\u00f8r veien kan \u00e5pnes, opplyser Selfors.<\/p>\n<p>Rettelse: Politiet oppga f\u00f8rst at ulykka skjedde ved \u00c5sbergtunnelen, som riktig nok er ved Fustvatnet. Det er imidlertid snakk om \u00c5snevtunnelen, som er mye n\u00e6rmere Mosj\u00f8en.<\/p>\n","protected":false},"excerpt":{"rendered":"N\u00f8detatene har rykket ut til en ulykke p\u00e5 E6 ved \u00c5snevtunnelen rett nord Skotsmyra\/Marka-krysset, opplyser Morten Aleksander S\u00f8rensen&hellip;\n","protected":false},"author":2,"featured_media":110230,"comment_status":"","ping_status":"","sticky":false,"template":"","format":"standard","meta":{"footnotes":""},"categories":[5],"tags":[36,20,21,24,25,15,19,22,23,17,18,13,30,28,29,14,16,1510,26,27,224,1203],"class_list":{"0":"post-110229","1":"post","2":"type-post","3":"status-publish","4":"format-standard","5":"has-post-thumbnail","7":"category-overskrifter","8":"tag-art","9":"tag-breaking-news","10":"tag-breakingnews","11":"tag-featured-news","12":"tag-featurednews","13":"tag-headlines","14":"tag-hovedoppslag","15":"tag-latest-news","16":"tag-latestnews","17":"tag-main-news","18":"tag-mainnews","19":"tag-news","20":"tag-no","21":"tag-norge","22":"tag-norway","23":"tag-nyheter","24":"tag-overskrifter","25":"tag-story","26":"tag-top-stories","27":"tag-topstories","28":"tag-trafikk","29":"tag-vefsn"},"share_on_mastodon":{"url":"https:\/\/pubeurope.com\/@no\/115700501380018010","error":""},"_links":{"self":[{"href":"https:\/\/www.europesays.com\/no\/wp-json\/wp\/v2\/posts\/110229","targetHints":{"allow":["GET"]}}],"collection":[{"href":"https:\/\/www.europesays.com\/no\/wp-json\/wp\/v2\/posts"}],"about":[{"href":"https:\/\/www.europesays.com\/no\/wp-json\/wp\/v2\/types\/post"}],"author":[{"embeddable":true,"href":"https:\/\/www.europesays.com\/no\/wp-json\/wp\/v2\/users\/2"}],"replies":[{"embeddable":true,"href":"https:\/\/www.europesays.com\/no\/wp-json\/wp\/v2\/comments?post=110229"}],"version-history":[{"count":0,"href":"https:\/\/www.europesays.com\/no\/wp-json\/wp\/v2\/posts\/110229\/revisions"}],"wp:featuredmedia":[{"embeddable":true,"href":"https:\/\/www.europesays.com\/no\/wp-json\/wp\/v2\/media\/110230"}],"wp:attachment":[{"href":"https:\/\/www.europesays.com\/no\/wp-json\/wp\/v2\/media?parent=110229"}],"wp:term":[{"taxonomy":"category","embeddable":true,"href":"https:\/\/www.europesays.com\/no\/wp-json\/wp\/v2\/categories?post=110229"},{"taxonomy":"post_tag","embeddable":true,"href":"https:\/\/www.europesays.com\/no\/wp-json\/wp\/v2\/tags?post=110229"}],"curies":[{"name":"wp","href":"https:\/\/api.w.org\/{rel}","templated":true}]}}