{"id":110275,"date":"2025-12-11T11:28:18","date_gmt":"2025-12-11T11:28:18","guid":{"rendered":"https:\/\/www.europesays.com\/no\/110275\/"},"modified":"2025-12-11T11:28:18","modified_gmt":"2025-12-11T11:28:18","slug":"ny-hoyre-ledelse-klar","status":"publish","type":"post","link":"https:\/\/www.europesays.com\/no\/110275\/","title":{"rendered":"Ny H\u00f8yre-ledelse klar"},"content":{"rendered":"<p class=\"kicker \" style=\"\">JD Vance:<\/p>\n<p>  JD Vance kaster seg inn i rykteflommen etter et p\u00e5st\u00e5tt kranglebilde.<\/p>\n<p>\n    KLAR TALE: JD Vance snakker med Breitbart-journalist Matthew Boyle i Washington 20. november i \u00e5r. Foto: Julia Demaree Nikhinson \/ AP \/ Shutterstock.\n  <\/p>\n<p>    Kort fortalt<\/p>\n<ul lang=\"nb-NO\">\n<li>USAs visepresident JD Vance kommenterer et bilde som viser ham i en krangel med kona Usha, som har spredt seg p\u00e5 sosiale medier.<\/li>\n<li>Vance svarer ironisk p\u00e5 ryktene om ekteskapsproblemer, og innlegget hans har f\u00e5tt stor oppmerksomhet.<\/li>\n<li>Bildet ble tatt av Thomas Clay Jr., som hevder at Vance er en notorisk l\u00f8gner, og at kona hans har blitt sett uten giftering.<\/li>\n<li>Usha Vance forklarer de ringl\u00f8se bildene med at hun ofte glemmer ringen i sm\u00e5barnskaoset, mens JD Vance sier ekteskapet deres er sterkt.<\/li>\n<\/ul>\n<p class=\"italic ai-disclaimer\" data-lab-italic=\"italic\">Sammendraget er laget av ChatGPT og godkjent av Dagbladet.<\/p>\n<p>      Vis mer<br \/>\n      Vis mindre<\/p>\n<p>USAs visepresident JD Vance tar bladet fra munnen etter at et kornete bilde, som hevdes \u00e5 vise ham i en krangel med kona Usha, har spredt seg i sosiale medier, skriver <a href=\"https:\/\/www.newsweek.com\/jd-vance-wife-usha-restaurant-photo-marriage-11183830\" rel=\"nofollow noopener\" target=\"_blank\">Newsweek<\/a>.\u00a0<\/p>\n<p>Bildet viser Vance i t-skjorte og med et tilsynelatende irritert uttrykk, mens Usha sitter med hodet i hendene.<\/p>\n<p>        <img loading=\"lazy\" decoding=\"async\" src=\"https:\/\/www.europesays.com\/no\/wp-content\/uploads\/2025\/12\/82872752.webp\" width=\"686\" height=\"460\" title=\"KJ\u00c6RLIGHETEN BLOMSTRER: USAs visepresident JD Vance og kona Usha ankommer Elys\u00e9epalasset i Paris i forbindelse med AI-toppm\u00f8tet i februar i \u00e5r. Foto: J E E \/ SIPA \/ Shutterstock\" alt=\"\" class=\"\" style=\"--aspect-ratio-image: 1.49; \"\/><\/p>\n<p>\n        KJ\u00c6RLIGHETEN BLOMSTRER: USAs visepresident JD Vance og kona Usha ankommer Elys\u00e9epalasset i Paris i forbindelse med AI-toppm\u00f8tet i februar i \u00e5r. Foto: J E E \/ SIPA \/ Shutterstock\n    <\/p>\n<p>Sett over sju millioner ganger<\/p>\n<p>Paret har v\u00e6rt gift siden 2014, alts\u00e5 i over 11 \u00e5r. De m\u00f8ttes mens de begge studerte p\u00e5 Yale, og har tre barn sammen<\/p>\n<p>I et innlegg p\u00e5 X svarer Vance ironisk p\u00e5 ryktene om at ekteskapet er i fare:<\/p>\n<p class=\"font-weight-bold m-font-weight-bold\" data-lab-font_weight=\"font-weight-bold\">&#8211; Jeg har alltid p\u00e5 meg t-skjorte n\u00e5r jeg g\u00e5r ut offentlig for \u00e5 ha en h\u00f8ylytt krangel med kona mi.<\/p>\n<p>    <a itemprop=\"url\" href=\"https:\/\/dinside.dagbladet.no\/fritid\/nytt-funn-aldri-sett-for\/82668554\" rel=\"nofollow noopener\" target=\"_blank\"><\/p>\n<p>        <img loading=\"lazy\" decoding=\"async\" src=\"https:\/\/www.europesays.com\/no\/wp-content\/uploads\/2025\/12\/1765452497_551_82668650.webp\" width=\"147\" height=\"98\" title=\"Ekspertene m\u00e5per: Aldri sett f\u00f8r\" alt=\"\" class=\"lazyload\" style=\"--aspect-ratio-image: 1.50; \"\/><\/p>\n<p>        Ekspertene m\u00e5per: Aldri sett f\u00f8r<\/p>\n<p>    <\/a><\/p>\n<p> Innlegget er sett over sju millioner ganger, og har f\u00e5tt n\u00e6rmere 200 000 reaksjoner. <\/p>\n<p>&#8211; Han er ulven  <\/p>\n<p>Kranglebildet skal ha blitt tatt av amerikanske Thomas Clay Jr., som delte det p\u00e5 Facebook f\u00f8r det spredte seg som ild i t\u00f8rt gress. <\/p>\n<p><a href=\"https:\/\/www.facebook.com\/permalink.php?story_fbid=pfbid0rTkoTzMredsy22DhE2WRqVgFBGQ5zMTbqUR4PN4aH3GQ5asj7mgYcwZS6JyssxUhl&amp;id=61575238960715\" rel=\"nofollow noopener\" target=\"_blank\">I et Facebook-innlegg onsdag<\/a>\u00a0skriver han at han ikke har lyst til \u00e5 spre rykter, men &#8230;<\/p>\n<p>&#8211; JD Vance er n\u00e5, og har alltid v\u00e6rt, en notorisk l\u00f8gner. Kona hans har blitt sett offentlig uten gifteringen sin siden Erica Kirk-skandalen. Det er umulig \u00e5 vite n\u00e5r gutten som ropte ulv lyver eller snakker sant. Jeg lagde selvsagt ikke bildet. H\u00e5pet hans er alltid \u00e5 skape spekulasjoner rundt alt som f\u00e5r ham til \u00e5 framst\u00e5 som noe annet enn den perfekte ektemannen. Jeg trenger ikke at han roper ulv; han er ulven.<\/p>\n<p>    <a itemprop=\"url\" href=\"https:\/\/www.dagbladet.no\/nyheter\/dode-etter-33-drinker\/83964918\" rel=\"nofollow noopener\" target=\"_blank\"><\/p>\n<p>        <img loading=\"lazy\" decoding=\"async\" src=\"https:\/\/www.europesays.com\/no\/wp-content\/uploads\/2025\/12\/83964967.webp\" width=\"147\" height=\"98\" title=\"D\u00f8de etter 33 drinker\" alt=\"\" class=\"lazyload\" style=\"--aspect-ratio-image: 1.50; \"\/><\/p>\n<p>        D\u00f8de etter 33 drinker<\/p>\n<p>    <\/a><\/p>\n<p>        <img loading=\"lazy\" decoding=\"async\" src=\"https:\/\/www.europesays.com\/no\/wp-content\/uploads\/2025\/12\/83890551.webp\" width=\"980\" height=\"559\" title=\"KLINER TIL: JD og kona Usha kysser under en valgkampmarkering i Flint, Michigan, 4. november 2024. Foto: Paul Sancya \/ AP Photo \/ Shutterstock\" alt=\"\" class=\"\" style=\"--aspect-ratio-image: 1.75; \"\/><\/p>\n<p>\n        KLINER TIL: JD og kona Usha kysser under en valgkampmarkering i Flint, Michigan, 4. november 2024. Foto: Paul Sancya \/ AP Photo \/ Shutterstock\n    <\/p>\n<p>Har eskalert  <\/p>\n<p>Bruddryktene sammenfaller med romanseryktene som har omgitt visepresidenten og enka til den avd\u00f8de politiske aktivisten\u00a0<a href=\"https:\/\/www.dagbladet.no\/kjendis\/min-bestevenn\/83576970\" rel=\"nofollow noopener\" target=\"_blank\">Charlie Kirk<\/a>, Erika Kirk.<\/p>\n<p>De siste ukene har Usha Vance ved to offentlige anledninger <a href=\"https:\/\/www.dagbladet.no\/kjendis\/sett-uten-giftering-na-svarer-hun\/83888791\" rel=\"nofollow noopener\" target=\"_blank\">dukket opp uten giftering.<\/a>\u00a0<\/p>\n<p>    <a itemprop=\"url\" href=\"https:\/\/www.dagbladet.no\/kjendis\/sett-uten-giftering-na-svarer-hun\/83888791\" rel=\"nofollow noopener\" target=\"_blank\"><\/p>\n<p>        <img loading=\"lazy\" decoding=\"async\" src=\"https:\/\/www.europesays.com\/no\/wp-content\/uploads\/2025\/12\/83890532.webp\" width=\"980\" height=\"441\" title=\"Sett uten giftering: N\u00e5 svarer hun\" alt=\"\" class=\"lazyload\" style=\"--aspect-ratio-image: 2.22; \"\/><\/p>\n<p>        Sett uten giftering: N\u00e5 svarer hun<\/p>\n<p>    <\/a><\/p>\n<p>En talsperson for andredamen kommenterte nylig saken overfor\u00a0<a href=\"https:\/\/people.com\/usha-vance-seen-without-wedding-ring-addresses-split-rumors-11855222\" rel=\"nofollow noopener\" target=\"_blank\">People<\/a>\u00a0og forklarte hva som hadde skjedd med ringen.\u00a0<\/p>\n<p class=\"font-weight-bold m-font-weight-bold\" data-lab-font_weight=\"font-weight-bold\">&#8211; Usha er en trebarnsmor i sm\u00e5barnskaoset, som stadig st\u00e5r ved oppvasken, gir kveldsbad og innimellom glemmer \u00e5 f\u00e5 p\u00e5 seg ringen.\u00a0<\/p>\n<p>I et intervju med <a href=\"https:\/\/www.nbcnews.com\/politics\/jd-vance\/jd-vance-marriage-usha-strong-rcna247419\" rel=\"nofollow noopener\" target=\"_blank\">NBC News<\/a>\u00a0forrige uke sa JD Vance at \u00abekteskapet v\u00e5rt er sterkere enn noen gang\u00bb.\u00a0<\/p>\n","protected":false},"excerpt":{"rendered":"JD Vance: JD Vance kaster seg inn i rykteflommen etter et p\u00e5st\u00e5tt kranglebilde. KLAR TALE: JD Vance snakker&hellip;\n","protected":false},"author":2,"featured_media":110276,"comment_status":"","ping_status":"","sticky":false,"template":"","format":"standard","meta":{"footnotes":""},"categories":[10],"tags":[20,21,24,25,15,762,2539,22,23,3992,13,30,28,29,14,16,26,27],"class_list":{"0":"post-110275","1":"post","2":"type-post","3":"status-publish","4":"format-standard","5":"has-post-thumbnail","7":"category-norge","8":"tag-breaking-news","9":"tag-breakingnews","10":"tag-featured-news","11":"tag-featurednews","12":"tag-headlines","13":"tag-hoyre","14":"tag-innenriks","15":"tag-latest-news","16":"tag-latestnews","17":"tag-ledelse","18":"tag-news","19":"tag-no","20":"tag-norge","21":"tag-norway","22":"tag-nyheter","23":"tag-overskrifter","24":"tag-top-stories","25":"tag-topstories"},"share_on_mastodon":{"url":"https:\/\/pubeurope.com\/@no\/115700702005132381","error":""},"_links":{"self":[{"href":"https:\/\/www.europesays.com\/no\/wp-json\/wp\/v2\/posts\/110275","targetHints":{"allow":["GET"]}}],"collection":[{"href":"https:\/\/www.europesays.com\/no\/wp-json\/wp\/v2\/posts"}],"about":[{"href":"https:\/\/www.europesays.com\/no\/wp-json\/wp\/v2\/types\/post"}],"author":[{"embeddable":true,"href":"https:\/\/www.europesays.com\/no\/wp-json\/wp\/v2\/users\/2"}],"replies":[{"embeddable":true,"href":"https:\/\/www.europesays.com\/no\/wp-json\/wp\/v2\/comments?post=110275"}],"version-history":[{"count":0,"href":"https:\/\/www.europesays.com\/no\/wp-json\/wp\/v2\/posts\/110275\/revisions"}],"wp:featuredmedia":[{"embeddable":true,"href":"https:\/\/www.europesays.com\/no\/wp-json\/wp\/v2\/media\/110276"}],"wp:attachment":[{"href":"https:\/\/www.europesays.com\/no\/wp-json\/wp\/v2\/media?parent=110275"}],"wp:term":[{"taxonomy":"category","embeddable":true,"href":"https:\/\/www.europesays.com\/no\/wp-json\/wp\/v2\/categories?post=110275"},{"taxonomy":"post_tag","embeddable":true,"href":"https:\/\/www.europesays.com\/no\/wp-json\/wp\/v2\/tags?post=110275"}],"curies":[{"name":"wp","href":"https:\/\/api.w.org\/{rel}","templated":true}]}}