{"id":110330,"date":"2025-12-11T12:25:11","date_gmt":"2025-12-11T12:25:11","guid":{"rendered":"https:\/\/www.europesays.com\/no\/110330\/"},"modified":"2025-12-11T12:25:11","modified_gmt":"2025-12-11T12:25:11","slug":"kraftig-kritikk-mot-justisdepartementet-svak-og-utydelig","status":"publish","type":"post","link":"https:\/\/www.europesays.com\/no\/110330\/","title":{"rendered":"Kraftig kritikk mot justis\u00addepartementet: \u2013 Svak og utydelig"},"content":{"rendered":"\n<p class=\"_paragraph_o9xde_4 _paragraph_xtcu6_10 layout-component text-serif-m layout-normal text-serif-m layout-padded\">Det sl\u00e5r Riksrevisjonen fast i sin ferske rapport.<\/p>\n<p class=\"_paragraph_o9xde_4 _paragraph_xtcu6_10 layout-component text-serif-m layout-normal text-serif-m layout-padded\"><strong class=\"_strong_o9xde_25\">\u2013 Vi mener det er sterkt kritikkverdig at Justis\u00addepartementet ikke har tatt grep tidligere, sier riksrevisor Karl Eirik Schj\u00f8tt Pedersen.<\/strong><\/p>\n<p class=\"_paragraph_o9xde_4 _paragraph_xtcu6_10 layout-component text-serif-m layout-normal text-serif-m layout-padded\">Riksrevisjonen har unders\u00f8kt ressursbruken og effektiviteten i Politiets sikkerhets\u00adtjeneste (<a href=\"https:\/\/www.vg.no\/tag\/pst?utm_source=vg-article&amp;utm_medium=auto-tagger&amp;utm_campaign=8pwzRr\" class=\"_link_o9xde_39\" rel=\"nofollow noopener\" target=\"_blank\">PST<\/a>), og hvordan ulike justisministere har styrt sikkerhets\u00adtjenesten i \u00e5rene fra 2019 til 2024. <\/p>\n<p class=\"_paragraph_o9xde_4 _paragraph_xtcu6_10 layout-component text-serif-m layout-normal text-serif-m layout-padded\">\u2013 Justis- og beredskapsdepartementets styring av PST er svak og utydelig, heter det i konklusjonen fra revisjonen.<\/p>\n<p class=\"_paragraph_o9xde_4 _paragraph_xtcu6_10 layout-component text-serif-m layout-normal text-serif-m layout-padded\">De skriver at det er<strong class=\"_strong_o9xde_25\"> sterkt kritikkverdig <\/strong>at departementet ikke har bidratt tilstrekkelig til at PST har n\u00f8dvendige virkemidler til \u00e5 fylle rollen som innenlands etterretnings- og sikkerhetstjeneste, gitt de senere \u00e5rs endringer i trusselsituasjonen.<\/p>\n<p class=\"_paragraph_o9xde_4 _paragraph_xtcu6_10 layout-component text-serif-m layout-normal text-serif-m layout-padded\"><strong class=\"_strong_o9xde_25\">\u00abSterkt kritikkverdig\u00bb er den mest alvorlige karakteristikken som brukes av  Riksrevisjonen.<\/strong> <\/p>\n<p class=\"_paragraph_o9xde_4 _paragraph_xtcu6_10 layout-component text-serif-m layout-normal text-serif-m layout-padded\">\u2013 Sterkt kritikkverdig er en kritikkform som Riksrevisjonen bruker sv\u00e6rt sjelden. Kun n\u00e5r vi finner alvorlige svakheter, feil og mangler. Som vil kunne f\u00e5 store konsekvenser, sv\u00e6rt\u00a0 store konsekvenser, for enkeltmennesker eller samfunn, sier riksrevisoren, og fortsetter:<\/p>\n<p class=\"_paragraph_o9xde_4 _paragraph_xtcu6_10 layout-component text-serif-m layout-normal text-serif-m layout-padded\">\u2013 Det sier noe om sakens alvor.<\/p>\n<p class=\"_paragraph_o9xde_4 _paragraph_xtcu6_10 layout-component text-serif-m layout-normal text-serif-m layout-padded\">Riksrevisjonen oppsummerer rapporten om situasjonen i PST slik:<\/p>\n<ul class=\"_list_o9xde_3 _list_xtcu6_9 _unordered_o9xde_106 layout-component text-serif-m layout-normal text-serif-m layout-padded\">\n<li class=\"_item_o9xde_30\"> Uforutsigbar og stor oppdragsmengde for beskyttelse av myndighetspersoner har hatt negative konsekvenser for de andre kjerneoppgavene.<\/li>\n<li class=\"_item_o9xde_30\">Justis- og beredskapsdepartementets styring av PST er svak og utydelig.<\/li>\n<li class=\"_item_o9xde_30\">Utfordringer med IT-ressurser reduserer PSTs effektivitet og begrenser etatens evne til \u00e5 fylle mandatet.<\/li>\n<\/ul>\n<p>\u2013 Vesentlige begrensinger<\/p>\n<p class=\"_paragraph_o9xde_4 _paragraph_xtcu6_10 layout-component text-serif-m layout-normal text-serif-m layout-padded\">I konklusjonen fra Riksrevisjonen st\u00e5r det at selv om PST har f\u00e5tt noe \u00f8kte ressurser i perioden, st\u00e5r det ikke i forhold til et vesentlig forverret trusselbilde og radikalt \u00f8kte oppgaver.<\/p>\n<p class=\"_paragraph_o9xde_4 _paragraph_xtcu6_10 layout-component text-serif-m layout-normal text-serif-m layout-padded\">Det st\u00e5r ogs\u00e5 at en stor og uforutsigbar oppdragsmengde knyttet til livvakts\u00adtjenesten har g\u00e5tt negativt utover de andre kjerneoppgavene til PST.<\/p>\n<p class=\"_paragraph_o9xde_4 _paragraph_xtcu6_10 layout-component text-serif-m layout-normal text-serif-m layout-padded\">Riksrevisjonen har funnet at PSTs kapasitet som nasjonal etterretnings- og sikkerhetstjeneste har vesentlige begrensninger, og PSTs organisering og ressursbruk er ikke tilstrekkelig m\u00e5lrettet og effektiv.<\/p>\n<p class=\"_paragraph_o9xde_4 _paragraph_xtcu6_10 layout-component text-serif-m layout-normal text-serif-m layout-padded\">De peker ogs\u00e5 p\u00e5 begrensede ressurser til informasjonsinnhenting, utfordringer med IT-ressurser, og at selv om samarbeidet mellom PST og E-tjenesten er vesentlig forbedret, blir samhandlingen og effektiviteten p\u00e5virket av ulike ressurser p\u00e5virker begge tjenester.<\/p>\n<p class=\"_paragraph_o9xde_4 _paragraph_xtcu6_10 layout-component text-serif-m layout-normal text-serif-m layout-padded\">Riksrevisor Schj\u00f8tt Pedersen peker p\u00e5 at unders\u00f8kelsen viser at aktivitetsniv\u00e5et i PST har g\u00e5tt vesentlig opp:<\/p>\n<ul class=\"_list_o9xde_3 _list_xtcu6_9 _unordered_o9xde_106 layout-component text-serif-m layout-normal text-serif-m layout-padded\">\n<li class=\"_item_o9xde_30\">Antall registrerte etterretningsobjekter har \u00f8kt vesentlig. <\/li>\n<li class=\"_item_o9xde_30\">Antall tipssaker og antall tips som krever oppf\u00f8lging, har \u00f8kt. <\/li>\n<li class=\"_item_o9xde_30\">Det samme har antall forebyggende saker og etterforskningssaker. <\/li>\n<li class=\"_item_o9xde_30\">I l\u00f8pet av perioden har PST ogs\u00e5 avsluttet sakene raskere.<\/li>\n<li class=\"_item_o9xde_30\">Produksjonen av etterretnings\u00adrapporter per \u00e5r har \u00f8kt betydelig. Det samme har etatens samlede dokument\u00adproduksjon.<\/li>\n<li class=\"_item_o9xde_30\">Det har ogs\u00e5 v\u00e6rt et h\u00f8yt trykk p\u00e5 livvakt\u00adtjenesten, og det har v\u00e6rt en sterk \u00f8kning i den tilflytende informasjonen og endringer i trusse\u00adlbildet. <\/li>\n<\/ul>\n<p class=\"_paragraph_o9xde_4 _paragraph_xtcu6_10 layout-component text-serif-m layout-normal text-serif-m layout-padded\">\u2013 Alt dette skjer alts\u00e5 parallelt. Unders\u00f8kelsen avdekker derfor at det er begrensninger i PSTs kapasitet til \u00e5 h\u00e5ndtere dette krevende trusselbildet, et trusselbilde som alts\u00e5 ber\u00f8rer alle PSTs kjerneoppgaver.<\/p>\n<p>Dette er Riksrevisjonens anbefalinger<\/p>\n<p class=\"_paragraph_o9xde_4 _paragraph_xtcu6_10 _paragraph_16v91_10 layout-component text-serif-m layout-normal text-sans-m layout-padded\">De anbefaler at Justis- og beredskapsdepartementet<\/p>\n<ul class=\"_list_o9xde_3 _list_xtcu6_9 _list_16v91_9 _unordered_o9xde_106 layout-component text-serif-m layout-normal text-sans-m layout-padded\">\n<li class=\"_item_o9xde_30\">sikrer at PSTs \u00f8konomiske ressurser, kapasitet, verkt\u00f8y og virkemidler er i tr\u00e5d med PSTs mandat og trusselbildet, og s\u00f8rger for at PST bruker ressursene effektivt<\/li>\n<li class=\"_item_o9xde_30\">etablerer tiltak for \u00e5 sikre at PSTs oppgavel\u00f8sning innenfor beskyttelse av myndighetspersoner ikke g\u00e5r p\u00e5 bekostning av andre kjerneoppgaver som kontraterror og kontraetterretning, for eksempel ved et organisatorisk skille, samt vurderer ytterligere tiltak for \u00e5 begrense PSTs kostnader ved myndighetspersoners reiser til h\u00f8yrisikoland<\/li>\n<li class=\"_item_o9xde_30\">tar initiativ overfor PST for mer effektiv samhandling mellom distriktsenhetene og Den sentrale enhet og for bedre utnyttelse av ressursene ved distriktsenhetene<\/li>\n<li class=\"_item_o9xde_30\">s\u00f8rger for at PST har informasjons- og kommunikasjonsteknologi for mer effektiv drift og for \u00e5 fylle sin rolle som innenlands etterretningstjeneste<\/li>\n<\/ul>\n<p class=\"_paragraph_o9xde_4 _paragraph_xtcu6_10 _paragraph_16v91_10 layout-component text-serif-m layout-normal text-sans-m layout-padded\">De anbefaler ogs\u00e5 at departementet<\/p>\n<ul class=\"_list_o9xde_3 _list_xtcu6_9 _list_16v91_9 _unordered_o9xde_106 layout-component text-serif-m layout-normal text-sans-m layout-padded\">\n<li class=\"_item_o9xde_30\">tar initiativ til \u00e5 styrke samarbeidet mellom PST og E-tjenesten ytterligere slik at deres samlede kapasitet utnyttes best mulig<\/li>\n<li class=\"_item_o9xde_30\">i dialog med PST videreutvikler mer presise kvalitative og kvantitative styringsparametere som gir departementet bedre og mer systematisk innsikt i PSTs m\u00e5loppn\u00e5else og ressursbruk<\/li>\n<li class=\"_item_o9xde_30\">legger til rette for en vesentlig raskere regelverksutvikling der det er n\u00f8dvendig<\/li>\n<\/ul>\n<p>Vis merVil fordele livvakt\u00adkostnader<\/p>\n<p class=\"_paragraph_o9xde_4 _paragraph_xtcu6_10 layout-component text-serif-m layout-normal text-serif-m layout-padded\">PST har f\u00e5tt overf\u00f8rt ansvaret for \u00e5 beskytte myndighets\u00adpersoner og kongefamilien. Riksrevisoren sier torsdag at unders\u00f8kelsen viser at PST har brukt mye ressurser p\u00e5 dette, s\u00e6rlig i 2022 og 2023. <\/p>\n<p class=\"_paragraph_o9xde_4 _paragraph_xtcu6_10 layout-component text-serif-m layout-normal text-serif-m layout-padded\">\u2013 Det er selvf\u00f8lgelig en viktig oppgave, men selv om PST fikk overf\u00f8rt ekstra midler, viser unders\u00f8kelsen at den h\u00f8ye belastningen og overtidsbruken at disse oppgavene har hatt negative konsekvenser for andre kjerneoppgaver.<\/p>\n<p class=\"_paragraph_o9xde_4 _paragraph_xtcu6_10 layout-component text-serif-m layout-normal text-serif-m layout-padded\">Russlands full\u00adskala\u00adinvasjon av Ukraina skjedde i 2022. Riksrevisoren sier at kostnadene for turer dit, er det PST som har m\u00e5ttet st\u00e5 for. <\/p>\n<p class=\"_paragraph_o9xde_4 _paragraph_xtcu6_10 layout-component text-serif-m layout-normal text-serif-m layout-padded\">Riksrevisjonens anbefaling er at departementet m\u00e5 vurdere hvordan man kan redusere PSTs kostnader for myndighets\u00adpersoners reiser til h\u00f8yrisikoland. <\/p>\n<p class=\"_paragraph_o9xde_4 _paragraph_xtcu6_10 layout-component text-serif-m layout-normal text-serif-m layout-padded\">\u2013 I dagens ordning b\u00e6rer virksomhetene som myndighets\u00adpersonen tilh\u00f8rer, ingen kostnader. PST betaler hele regningen. Vi anbefaler at departementet setter i gang tiltak for \u00e5 sikre at livvakttjenestene ikke g\u00e5r p\u00e5 bekostning av andre kjerneoppgaver, som  kontraterror og kontraetterretning, for eksempel ved \u00e5 skille ut disse funksjonene organisatorisk. <\/p>\n<p>Skal kommentere<\/p>\n<p class=\"_paragraph_o9xde_4 _paragraph_xtcu6_10 layout-component text-serif-m layout-normal text-serif-m layout-padded\">Justisminister Astri Aas-Hansen (Ap) og PST-sjef Beate Gang\u00e5s har invitert til pressem\u00f8te klokken 14.30 torsdag for \u00e5 kommentere kritikken fra Riksrevisjonen.<\/p>\n<p><img alt=\"Justisminister Astri Aas-Hansen (Ap) og PST-sjef Beate Gang\u00e5s  m\u00f8tte VG til et intervju tidligere denne uken.  Foto: Helge Mikalsen \/ VG\" class=\"_image_qp4xg_65 layout-component layout-normal\" data-fullscreen- data-track-element-type=\"Article image fullscreen\" data-track-name=\"ImageFullscreen\" decoding=\"async\" loading=\"lazy\" height=\"5378\" itemprop=\"image\"  src=\"https:\/\/www.europesays.com\/no\/wp-content\/uploads\/2025\/12\/2d0efa08-df0f-479e-84f2-417bf2a83f7d\"  style=\"object-position:0% 0%\" width=\"7242\"\/>Justisminister Astri Aas-Hansen (Ap) og PST-sjef Beate Gang\u00e5s  m\u00f8tte VG til et intervju tidligere denne uken.  Foto: Helge Mikalsen \/ VG<\/p>\n<p class=\"_paragraph_o9xde_4 _paragraph_xtcu6_10 layout-component text-serif-m layout-normal text-serif-m layout-padded\">Gang\u00e5s sa til VG onsdag at utviklingen av <a href=\"https:\/\/www.vg.no\/nyheter\/i\/9pmoR5\/pst-trenger-nye-verktoey-gaar-for-sakte\" data-track-element-type=\"Link\" data-track-id=\"link:9pmoR5\" class=\"_link_o9xde_39\" rel=\"nofollow noopener\" target=\"_blank\">nye verkt\u00f8y for PST g\u00e5r for sakte<\/a> i forhold til forverringen av det store sikkerhetspolitiske situasjonen, og etterretningstrykket mot Norge:<\/p>\n<p class=\"_paragraph_o9xde_4 _paragraph_xtcu6_10 layout-component text-serif-m layout-normal text-serif-m layout-padded\">\u2013<strong class=\"_strong_o9xde_25\">  Vi er n\u00f8dt til \u00e5 si fra n\u00e5r vi mener at reglene ikke passer med situasjonen slik den er i dag, sa Gang\u00e5s.<\/strong><\/p>\n<p class=\"_paragraph_o9xde_4 _paragraph_xtcu6_10 layout-component text-serif-m layout-normal text-serif-m layout-padded\">\u2013 Det er viktig at PST har et regelverk som passer med den tiden vi lever i, sa justisministeren i den samme artikkelen.<\/p>\n<p class=\"_paragraph_o9xde_4 _paragraph_xtcu6_10 layout-component text-serif-m layout-normal text-serif-m layout-padded\">PST (Politiets sikkerhets\u00adtjeneste) er ansvarlige for \u00e5 forebygge og etterforske kriminalitet som g\u00e5r utover rikets sikkerhet.<\/p>\n<p class=\"_paragraph_o9xde_4 _paragraph_xtcu6_10 layout-component text-serif-m layout-normal text-serif-m layout-padded\">Blant kjerne\u00adoppgavene er beskyttelse av myndighetspersoner, og kontraetterretning og kontraterror.<\/p>\n<p class=\"_paragraph_o9xde_4 _paragraph_xtcu6_10 layout-component text-serif-m layout-normal text-serif-m layout-padded\">Hvor godt har PST gjort jobben sin?<\/p>\n<p class=\"_paragraph_o9xde_4 _paragraph_xtcu6_10 layout-component text-serif-m layout-normal text-serif-m layout-padded\">Riks\u00adrevisjonen har blant annet sett p\u00e5 om PST er organisert og innrettet for \u00e5 n\u00e5 m\u00e5lene, hvordan ressursene er fordelt og brukt, og i hvilken grad Justisdepartementets bidrar til at PST driver en effektiv tjeneste.<\/p>\n<p>Dette har Riksrevisjonen unders\u00f8kt:<\/p>\n<ul class=\"_list_o9xde_3 _list_xtcu6_9 _list_16v91_9 _unordered_o9xde_106 layout-component text-serif-m layout-normal text-sans-m layout-padded\">\n<li class=\"_item_o9xde_30\">Hvordan har utviklingen i PSTs ressurser v\u00e6rt og hvordan har ressursbruken fordelt seg p\u00e5 PSTs ulike kjerneoppgaver?<\/li>\n<li class=\"_item_o9xde_30\">I hvor stor grad er PSTs arbeid med kjerneoppgavene, beskyttelse av myndighetspersoner, kontraetterretning og kontraterror, organisert og innrettet slik at m\u00e5loppn\u00e5elsen blir best mulig?<\/li>\n<li class=\"_item_o9xde_30\">I hvilken grad bidrar Justis- og beredskapsdepartementets styring til at PST er en m\u00e5lrettet og effektiv etterretnings- og sikkerhetstjeneste?<\/li>\n<\/ul>\n<p class=\"_paragraph_o9xde_4 _paragraph_xtcu6_10 _paragraph_16v91_10 layout-component text-serif-m layout-normal text-sans-m layout-padded\">Unders\u00f8kelsen dekker perioden 2019\u20132024. Den omfatter Justis- og beredskaps\u00addepartementet og PST.<\/p>\n<p>Vis mer    <img decoding=\"async\" alt=\"Tips oss illustrasjon\" src=\"https:\/\/www.europesays.com\/no\/wp-content\/uploads\/2025\/10\/pssst-small.webp.webp\"\/>    <\/p>\n<p class=\"title-serif-s\">Har du tips?<\/p>\n<p class=\"text-sans-m\">Send oss informasjon, bilder eller video.<\/p>\n<p>  <a href=\"https:\/\/www.vg.no\/tips-oss\" rel=\"nofollow noopener\" target=\"_blank\"> Tips oss <\/a>      <\/p>\n","protected":false},"excerpt":{"rendered":"Det sl\u00e5r Riksrevisjonen fast i sin ferske rapport. \u2013 Vi mener det er sterkt kritikkverdig at Justis\u00addepartementet ikke&hellip;\n","protected":false},"author":2,"featured_media":110331,"comment_status":"","ping_status":"","sticky":false,"template":"","format":"standard","meta":{"footnotes":""},"categories":[10],"tags":[31,20,21,24,25,15,22,23,13,30,28,281,29,14,16,1190,3327,26,27],"class_list":{"0":"post-110330","1":"post","2":"type-post","3":"status-publish","4":"format-standard","5":"has-post-thumbnail","7":"category-norge","8":"tag-breaking","9":"tag-breaking-news","10":"tag-breakingnews","11":"tag-featured-news","12":"tag-featurednews","13":"tag-headlines","14":"tag-latest-news","15":"tag-latestnews","16":"tag-news","17":"tag-no","18":"tag-norge","19":"tag-norsk-politikk","20":"tag-norway","21":"tag-nyheter","22":"tag-overskrifter","23":"tag-pst","24":"tag-riksrevisjonen","25":"tag-top-stories","26":"tag-topstories"},"share_on_mastodon":{"url":"https:\/\/pubeurope.com\/@no\/115700926281172958","error":""},"_links":{"self":[{"href":"https:\/\/www.europesays.com\/no\/wp-json\/wp\/v2\/posts\/110330","targetHints":{"allow":["GET"]}}],"collection":[{"href":"https:\/\/www.europesays.com\/no\/wp-json\/wp\/v2\/posts"}],"about":[{"href":"https:\/\/www.europesays.com\/no\/wp-json\/wp\/v2\/types\/post"}],"author":[{"embeddable":true,"href":"https:\/\/www.europesays.com\/no\/wp-json\/wp\/v2\/users\/2"}],"replies":[{"embeddable":true,"href":"https:\/\/www.europesays.com\/no\/wp-json\/wp\/v2\/comments?post=110330"}],"version-history":[{"count":0,"href":"https:\/\/www.europesays.com\/no\/wp-json\/wp\/v2\/posts\/110330\/revisions"}],"wp:featuredmedia":[{"embeddable":true,"href":"https:\/\/www.europesays.com\/no\/wp-json\/wp\/v2\/media\/110331"}],"wp:attachment":[{"href":"https:\/\/www.europesays.com\/no\/wp-json\/wp\/v2\/media?parent=110330"}],"wp:term":[{"taxonomy":"category","embeddable":true,"href":"https:\/\/www.europesays.com\/no\/wp-json\/wp\/v2\/categories?post=110330"},{"taxonomy":"post_tag","embeddable":true,"href":"https:\/\/www.europesays.com\/no\/wp-json\/wp\/v2\/tags?post=110330"}],"curies":[{"name":"wp","href":"https:\/\/api.w.org\/{rel}","templated":true}]}}