{"id":110332,"date":"2025-12-11T12:26:14","date_gmt":"2025-12-11T12:26:14","guid":{"rendered":"https:\/\/www.europesays.com\/no\/110332\/"},"modified":"2025-12-11T12:26:14","modified_gmt":"2025-12-11T12:26:14","slug":"politiet-kartlegger-barn-og-unge-for-a-forhindre-voldsoppdrag","status":"publish","type":"post","link":"https:\/\/www.europesays.com\/no\/110332\/","title":{"rendered":"Politiet kartlegger barn og unge for \u00e5 forhindre voldsoppdrag"},"content":{"rendered":"\n<ul class=\"_list_o9xde_3 _list_64s2r_85 _unordered_o9xde_106 text-sans-m\">\n<li class=\"_item_o9xde_30\">Politiet i Oslo \u00f8st kartlegger barn og unge som kan bli rekruttert til voldsoppdrag.<\/li>\n<li class=\"_item_o9xde_30\">Nesten 100 mindre\u00e5rige er identifisert som i risikosonen.<\/li>\n<li class=\"_item_o9xde_30\">Dette arbeidet ble intensivert etter granatangrepet i Pilestredet med deltakelse av to 13-\u00e5ringer.<\/li>\n<\/ul>\n<p>Vis mer <\/p>\n<p class=\"_paragraph_o9xde_4 _paragraph_xtcu6_10 layout-component text-serif-m layout-normal text-serif-m layout-padded\">Denne h\u00f8sten har v\u00e6rt preget av et nytt kriminalitetsbilde i Norge. <a href=\"https:\/\/www.vg.no\/nyheter\/i\/jQojBA\/pilestredet-eksplosjonen-politiet-mener-at-guttene-hadde-granatene-med-seg-paa-bussen\" data-track-element-type=\"Link\" data-track-id=\"link:jQojBA\" class=\"_link_o9xde_39\" rel=\"nofollow noopener\" target=\"_blank\">13-\u00e5ringer er tatt for granatkasting<\/a>, barn helt ned i 12-\u00e5rsalderen er <a href=\"https:\/\/www.vg.no\/nyheter\/i\/Gy4k94\/skytingen-i-sarpsborg-svaert-skremmende\" data-track-element-type=\"Link\" data-track-id=\"link:Gy4k94\" class=\"_link_o9xde_39\" rel=\"nofollow noopener\" target=\"_blank\">tatt for skyting mot et hus<\/a> og <a href=\"https:\/\/www.vg.no\/nyheter\/i\/Gy4k94\/skytingen-i-sarpsborg-svaert-skremmende\" data-track-element-type=\"Link\" data-track-id=\"link:Gy4k94\" class=\"_link_o9xde_39\" rel=\"nofollow noopener\" target=\"_blank\">restauranter er angrepet<\/a>.<\/p>\n<p class=\"_paragraph_o9xde_4 _paragraph_xtcu6_10 layout-component text-serif-m layout-normal text-serif-m layout-padded\">I november ble to 17-\u00e5ringer p\u00e5grepet etter <a href=\"https:\/\/www.vg.no\/nyheter\/i\/LMyPEQ\/politiet-melding-om-skudd-paa-hoeybraaten\" data-track-element-type=\"Link\" data-track-id=\"link:LMyPEQ\" class=\"_link_o9xde_39\" rel=\"nofollow noopener\" target=\"_blank\">skyting mot en bolig p\u00e5 H\u00f8ybr\u00e5ten<\/a> i <a href=\"https:\/\/www.vg.no\/tag\/oslo?utm_source=vg-article&amp;utm_medium=auto-tagger&amp;utm_campaign=m0gool\" class=\"_link_o9xde_39\" rel=\"nofollow noopener\" target=\"_blank\">Oslo<\/a>. <\/p>\n<p class=\"_paragraph_o9xde_4 _paragraph_xtcu6_10 layout-component text-serif-m layout-normal text-serif-m layout-padded\">I likhet med de \u00f8vrige hendelsene, mener politiet at dette var et voldsoppdrag bestilt av kriminelle nettverk.<\/p>\n<p class=\"_paragraph_o9xde_4 _paragraph_xtcu6_10 layout-component text-serif-m layout-normal text-serif-m layout-padded\">I denne type saker ser man at det ofte er s\u00e5rbare barn og unge som tar p\u00e5 seg slike oppdrag. .<\/p>\n<p class=\"_paragraph_o9xde_4 _paragraph_xtcu6_10 layout-component text-serif-m layout-normal layout-padded\"><strong class=\"_strong_o9xde_25\">Les ogs\u00e5:<\/strong> <a href=\"https:\/\/www.vg.no\/i\/e71We4\" data-track-element-type=\"Link\" data-track-id=\"link:e71We4\" class=\"_link_o9xde_39\" rel=\"nofollow noopener\" target=\"_blank\">Kripos: Har avdekket 400 voldsoppdrag hittil i \u00e5r<\/a><\/p>\n<p>\u2013 I underkant av hundre<\/p>\n<p class=\"_paragraph_o9xde_4 _paragraph_xtcu6_10 layout-component text-serif-m layout-normal text-serif-m layout-padded\">Enheten dekker syv bydeler fra Groruddalen i nord til S\u00f8ndre Nordstrand i s\u00f8r. <\/p>\n<p class=\"_paragraph_o9xde_4 _paragraph_xtcu6_10 layout-component text-serif-m layout-normal text-serif-m layout-padded\">Innenfor enheten bor det om lag 300.000 innbyggere, hvorav cirka 48.000 er i alderen 10\u201322 \u00e5r, if\u00f8lge en omr\u00e5deanalyse fra politiet. <\/p>\n<p class=\"_paragraph_o9xde_4 _paragraph_xtcu6_10 layout-component text-serif-m layout-normal text-serif-m layout-padded\">Kriminalitetsbildet i omr\u00e5det er komplekst, og det finnes store sosio\u00f8konomiske ulikheter. <\/p>\n<p class=\"_paragraph_o9xde_4 _paragraph_xtcu6_10 layout-component text-serif-m layout-normal text-serif-m layout-padded\">\u2013 I Oslo \u00f8st har vi kartlagt litt i underkant av hundre mindre\u00e5rige som vi mener er i risikosonen for \u00e5 bli rekruttert til den type kriminalitet, sier Olav Verpe, som er avsnittsleder p\u00e5 n\u00e6rpolitiseksjonen.<\/p>\n<p><img decoding=\"async\" alt=\"Bilde av Olav Verpe\" class=\"_image_ygndg_42\" height=\"27\" itemprop=\"image\" loading=\"lazy\"  src=\"https:\/\/www.europesays.com\/no\/wp-content\/uploads\/2025\/12\/006be576-2778-4c5f-907b-299ab141c26d\"  width=\"40\"\/><strong class=\"_name_ygndg_51 title-serif-xs\">Olav Verpe<\/strong><\/p>\n<p class=\"_paragraph_o9xde_4 text-sans-m _description_ygndg_56\">Avsnittsleder<\/p>\n<p class=\"_paragraph_o9xde_4 _paragraph_xtcu6_10 layout-component text-serif-m layout-normal text-serif-m layout-padded\">Dette arbeidet ble intensivert etter granatangrepet i Pilestredet. Saken skapte stor oppmerksomhet da det ble kjent at to 13-\u00e5ringer var tatt.<\/p>\n<p class=\"_paragraph_o9xde_4 _paragraph_xtcu6_10 layout-component text-serif-m layout-normal text-serif-m layout-padded\">\u2013 Da satte vi fart p\u00e5 arbeidet og hadde stort trykk p\u00e5 kartleggingsarbeidet, sier Verpe.<\/p>\n<p class=\"_paragraph_o9xde_4 _paragraph_xtcu6_10 layout-component text-serif-m layout-normal text-serif-m layout-padded\">\u2013 Ble listen lengre?<\/p>\n<p class=\"_paragraph_o9xde_4 _paragraph_xtcu6_10 layout-component text-serif-m layout-normal text-serif-m layout-padded\">\u2013 Vi opplever at vi ganske raskt fikk en oversikt over de personene vi mener befinner seg i risikosonen, men det har ikke v\u00e6rt noe stort tilfang av nye etter det.<\/p>\n<p class=\"_paragraph_o9xde_4 _paragraph_xtcu6_10 layout-component text-serif-m layout-normal text-serif-m layout-padded\">Han understreker at tallene er dynamiske.<\/p>\n<p class=\"_paragraph_o9xde_4 _paragraph_xtcu6_10 layout-component text-serif-m layout-normal text-serif-m layout-padded\">\u2013 Vi jobber med dette hver uke. Det vil v\u00e6re personer vi kvitterer ut der vi ser at bekymringen er tatt ned, og s\u00e5 vil det v\u00e6re nye som kommer inn.<\/p>\n<p class=\"_paragraph_o9xde_4 _paragraph_xtcu6_10 layout-component text-serif-m layout-normal layout-padded\"><strong class=\"_strong_o9xde_25\">Les ogs\u00e5:<\/strong> <a href=\"https:\/\/www.vg.no\/i\/j09knw\" data-track-element-type=\"Link\" data-track-id=\"link:j09knw\" class=\"_link_o9xde_39\" rel=\"nofollow noopener\" target=\"_blank\">\u00abOg de blir stadig yngre\u00bb<\/a><\/p>\n<p>Bekymringssamtaler<\/p>\n<p class=\"_paragraph_o9xde_4 _paragraph_xtcu6_10 layout-component text-serif-m layout-normal text-serif-m layout-padded\">I denne kartleggingen f\u00f8lger politiet en instruks og et rammeverk som gjelder for all type kriminalitet.<\/p>\n<p class=\"_paragraph_o9xde_4 _paragraph_xtcu6_10 layout-component text-serif-m layout-normal text-serif-m layout-padded\">\u2013 Slik vi opplever det, er det mange av de samme risikofaktorene hos de som blir rekruttert til kriminalitet i digitale medier som hos de som ville blitt rekruttert til kriminalitet i den virkelige verden, sier Verpe.<\/p>\n<p class=\"_paragraph_o9xde_4 _paragraph_xtcu6_10 layout-component text-serif-m layout-normal layout-padded\"><strong class=\"_strong_o9xde_25\">Les ogs\u00e5:<\/strong> <a href=\"https:\/\/www.vg.no\/i\/L406QP\" data-track-element-type=\"Link\" data-track-id=\"link:L406QP\" class=\"_link_o9xde_39\" rel=\"nofollow noopener\" target=\"_blank\">Politimesteren advarer innbyggerne<\/a><\/p>\n<p class=\"_paragraph_o9xde_4 _paragraph_xtcu6_10 layout-component text-serif-m layout-normal text-serif-m layout-padded\">Viktige risikofaktorer er om barnet selv har v\u00e6rt utsatt for kriminalitet eller v\u00e6rt plassert p\u00e5 barnevernsinstitusjon. <\/p>\n<p class=\"_paragraph_o9xde_4 _paragraph_xtcu6_10 layout-component text-serif-m layout-normal text-serif-m layout-padded\">Andre eksempler p\u00e5 s\u00e5rbarhetsfaktorer er at man kommer fra et omr\u00e5de med lav sosio\u00f8konomisk status eller har v\u00e6rt registrert av politiet tidligere.<\/p>\n<p><img alt=\"VG var nylig med politiet p\u00e5 jobb en fredagskveld.   Foto: J\u00f8rgen Braastad \/ VG\" class=\"_image_qp4xg_65 layout-component layout-normal\" data-fullscreen- data-track-element-type=\"Article image fullscreen\" data-track-name=\"ImageFullscreen\" decoding=\"async\" loading=\"lazy\" height=\"5464\" itemprop=\"image\"  src=\"https:\/\/www.europesays.com\/no\/wp-content\/uploads\/2025\/12\/51f51f7a-f672-4f2c-9eed-bbb6abcec69f\"  style=\"object-position:0% 0%\" width=\"8192\"\/>VG var nylig med politiet p\u00e5 jobb en fredagskveld.   Foto: J\u00f8rgen Braastad \/ VG<\/p>\n<p class=\"_paragraph_o9xde_4 _paragraph_xtcu6_10 layout-component text-serif-m layout-normal text-serif-m layout-padded\">N\u00e5r det gjelder risikoen for \u00e5 bli rekruttert til voldsoppdrag gjennom sosiale medier, legges et ekstra indikatorsett til:<\/p>\n<ul class=\"_list_o9xde_3 _list_xtcu6_9 _unordered_o9xde_106 layout-component text-serif-m layout-normal text-serif-m layout-padded\">\n<li class=\"_item_o9xde_30\">Har barnet krypterte apper?<\/li>\n<li class=\"_item_o9xde_30\">Har barnet tatt bilde av passet sitt? I mange tilfeller av voldsoppdrag er det et krav.<\/li>\n<li class=\"_item_o9xde_30\">Har barnet snakket om svenske kriminelle nettverk?<\/li>\n<\/ul>\n<p class=\"_paragraph_o9xde_4 _paragraph_xtcu6_10 layout-component text-serif-m layout-normal text-serif-m layout-padded\">\u2013 Vi f\u00e5r ogs\u00e5 inn bekymringsmeldinger, i tillegg til at vi finner en del ting i v\u00e5re egne systemer som vi bruker som utgangspunkt for \u00e5 vurdere hvem vi skal kalle inn til bekymringssamtaler, sier Verpe.<\/p>\n<p>Ringer foreldre<\/p>\n<p class=\"_paragraph_o9xde_4 _paragraph_xtcu6_10 layout-component text-serif-m layout-normal text-serif-m layout-padded\">Havner barnet p\u00e5 denne listen, vil mor og far f\u00e5 en telefon fra politiet. Eller vergen dersom barnet er i barnevernet.<\/p>\n<p class=\"_paragraph_o9xde_4 _paragraph_xtcu6_10 layout-component text-serif-m layout-normal text-serif-m layout-padded\">\u2013 Vi vil alltid involvere de som har foreldreansvaret, sier Verpe.<\/p>\n<p class=\"_paragraph_o9xde_4 _paragraph_xtcu6_10 layout-component text-serif-m layout-normal text-serif-m layout-padded\">Tiltakene som gj\u00f8res, kan v\u00e6re utf\u00f8rt av politiet. <\/p>\n<p class=\"_paragraph_o9xde_4 _paragraph_xtcu6_10 layout-component text-serif-m layout-normal text-serif-m layout-padded\">For eksempel kan det i enkelte saker bli iverksatt etterforskning slik at barnets telefon kan unders\u00f8kes for \u00e5 avdekke hvorvidt det har blitt, eller st\u00e5r i fare for \u00e5 bli, rekruttert til kriminalitet.<\/p>\n<p class=\"_paragraph_o9xde_4 _paragraph_xtcu6_10 layout-component text-serif-m layout-normal text-serif-m layout-padded\">\u2013 Parallelt vil det ogs\u00e5 v\u00e6re tverrfaglige tiltak for \u00e5 kunne f\u00f8lge opp barna og forhindre at de blir dratt ytterligere inn.<\/p>\n<p><img alt=\"Avsnittsleder Olav Verpe.  Foto: J\u00f8rgen Braastad \/ VG\" class=\"_image_qp4xg_65 layout-component layout-normal\" data-fullscreen- data-track-element-type=\"Article image fullscreen\" data-track-name=\"ImageFullscreen\" decoding=\"async\" loading=\"lazy\" height=\"5464\" itemprop=\"image\"  src=\"https:\/\/www.europesays.com\/no\/wp-content\/uploads\/2025\/12\/e5b998c9-bdf1-4b1c-bce5-556d6df9a906\"  style=\"object-position:0% 0%\" width=\"8192\"\/>Avsnittsleder Olav Verpe.  Foto: J\u00f8rgen Braastad \/ VG<\/p>\n<p class=\"_paragraph_o9xde_4 _paragraph_xtcu6_10 layout-component text-serif-m layout-normal text-serif-m layout-padded\">Slike tiltak kan v\u00e6re 1:1-oppf\u00f8lging eller annen oppf\u00f8lging i samarbeid med barnevernstjenesten, skolen og kommunen.<\/p>\n<p class=\"_paragraph_o9xde_4 _paragraph_xtcu6_10 layout-component text-serif-m layout-normal text-serif-m layout-padded\">Politiet i Enhet \u00d8st f\u00f8lger ogs\u00e5 opp flere skoler i omr\u00e5det, der elever kan v\u00e6re s\u00e5rbare for denne type rekruttering.<\/p>\n<p class=\"_paragraph_o9xde_4 _paragraph_xtcu6_10 layout-component text-serif-m layout-normal text-serif-m layout-padded\">\u2013 Vi ser at mindre\u00e5rige er mest interessant for disse nettverkene fordi de har d\u00e5rlig impulskontroll, er lette \u00e5 rekruttere og fordi de ikke kan straffes, sier Verpe.<\/p>\n<p class=\"_paragraph_o9xde_4 _paragraph_xtcu6_10 layout-component text-serif-m layout-normal text-serif-m layout-padded\">Samtidig understreker han at ogs\u00e5 unge over 18 \u00e5r ogs\u00e5 kan v\u00e6re s\u00e5rbare for en slik rekruttering.<\/p>\n<p class=\"_paragraph_o9xde_4 _paragraph_xtcu6_10 layout-component text-serif-m layout-normal text-serif-m layout-padded\">\u2013 Disse ser vi ofte har en tilretteleggerrolle i slike saker.<\/p>\n<p>Les ogs\u00e5<br \/>\n    <img decoding=\"async\" alt=\"Tips oss illustrasjon\" src=\"https:\/\/www.europesays.com\/no\/wp-content\/uploads\/2025\/10\/pssst-small.webp.webp\"\/>    <\/p>\n<p class=\"title-serif-s\">Har du tips?<\/p>\n<p class=\"text-sans-m\">Send oss informasjon, bilder eller video.<\/p>\n<p>  <a href=\"https:\/\/www.vg.no\/tips-oss\" rel=\"nofollow noopener\" target=\"_blank\"> Tips oss <\/a>      <\/p>\n","protected":false},"excerpt":{"rendered":"Politiet i Oslo \u00f8st kartlegger barn og unge som kan bli rekruttert til voldsoppdrag. Nesten 100 mindre\u00e5rige er&hellip;\n","protected":false},"author":2,"featured_media":110333,"comment_status":"","ping_status":"","sticky":false,"template":"","format":"standard","meta":{"footnotes":""},"categories":[5],"tags":[20,21,24,25,15,19,3881,22,23,17,18,13,30,28,29,14,636,16,1123,26,27,3739],"class_list":{"0":"post-110332","1":"post","2":"type-post","3":"status-publish","4":"format-standard","5":"has-post-thumbnail","7":"category-overskrifter","8":"tag-breaking-news","9":"tag-breakingnews","10":"tag-featured-news","11":"tag-featurednews","12":"tag-headlines","13":"tag-hovedoppslag","14":"tag-kriminelle-nettverk","15":"tag-latest-news","16":"tag-latestnews","17":"tag-main-news","18":"tag-mainnews","19":"tag-news","20":"tag-no","21":"tag-norge","22":"tag-norway","23":"tag-nyheter","24":"tag-oslo","25":"tag-overskrifter","26":"tag-rekruttering","27":"tag-top-stories","28":"tag-topstories","29":"tag-vgkrimgruppa"},"share_on_mastodon":{"url":"https:\/\/pubeurope.com\/@no\/115700930296093500","error":""},"_links":{"self":[{"href":"https:\/\/www.europesays.com\/no\/wp-json\/wp\/v2\/posts\/110332","targetHints":{"allow":["GET"]}}],"collection":[{"href":"https:\/\/www.europesays.com\/no\/wp-json\/wp\/v2\/posts"}],"about":[{"href":"https:\/\/www.europesays.com\/no\/wp-json\/wp\/v2\/types\/post"}],"author":[{"embeddable":true,"href":"https:\/\/www.europesays.com\/no\/wp-json\/wp\/v2\/users\/2"}],"replies":[{"embeddable":true,"href":"https:\/\/www.europesays.com\/no\/wp-json\/wp\/v2\/comments?post=110332"}],"version-history":[{"count":0,"href":"https:\/\/www.europesays.com\/no\/wp-json\/wp\/v2\/posts\/110332\/revisions"}],"wp:featuredmedia":[{"embeddable":true,"href":"https:\/\/www.europesays.com\/no\/wp-json\/wp\/v2\/media\/110333"}],"wp:attachment":[{"href":"https:\/\/www.europesays.com\/no\/wp-json\/wp\/v2\/media?parent=110332"}],"wp:term":[{"taxonomy":"category","embeddable":true,"href":"https:\/\/www.europesays.com\/no\/wp-json\/wp\/v2\/categories?post=110332"},{"taxonomy":"post_tag","embeddable":true,"href":"https:\/\/www.europesays.com\/no\/wp-json\/wp\/v2\/tags?post=110332"}],"curies":[{"name":"wp","href":"https:\/\/api.w.org\/{rel}","templated":true}]}}