{"id":110387,"date":"2025-12-11T13:29:10","date_gmt":"2025-12-11T13:29:10","guid":{"rendered":"https:\/\/www.europesays.com\/no\/110387\/"},"modified":"2025-12-11T13:29:10","modified_gmt":"2025-12-11T13:29:10","slug":"trekkfugl-miljo-utryddet-som-folge-av-mer-intensivt-jordbruk","status":"publish","type":"post","link":"https:\/\/www.europesays.com\/no\/110387\/","title":{"rendered":"Trekkfugl, Milj\u00f8 | Utryddet som f\u00f8lge av mer intensivt jordbruk"},"content":{"rendered":"\n<p>For andre \u00e5r p\u00e5 rad er det kun observert to hanner av trekkfuglen hortulan. Fuglen, som er en n\u00e6r slektning av gulspurven, var tidligere et vanlig syn i Norge.<\/p>\n<p>\u2013 Det er bekymringsfullt n\u00e5r en fugl som hortulan forsvinner. Det et tydelig signal om at leveomr\u00e5dene, og insektbestandene den lever av, er i stor endring. Dette kan skje med flere fuglearter framover, n\u00e5r vi ser at nedgangen i antall trekkfugler i Norge fortsetter, sier Hilde Singsaas, direkt\u00f8r for Milj\u00f8direktoratet.<\/p>\n<p>  <a href=\"https:\/\/www.nationen.no\/5-148-833247\" class=\"related-teaser has-image default-opinion-teaser article--c-eRUmMG article--c-eRUmMG-jKCPdD-design-default\" rel=\"nofollow noopener\" target=\"_blank\"><\/p>\n<p>    <img decoding=\"async\" loading=\"lazy\"  src=\"https:\/\/www.europesays.com\/no\/wp-content\/uploads\/2025\/12\/mp51396534-working-forwarder-with-logs-hanging-in-the-crane-in-the.jpg\" alt=\"\" class=\"brick-c-cFOWSL\" style=\"\"\/><\/p>\n<p>\n            Les ogs\u00e5<\/p>\n<p>              Det er n\u00f8dvendig med endring av skogpolitikken\n        <\/p>\n<p>  <\/a><br \/>\n  99 prosent nedgang<\/p>\n<p>For 20 \u00e5r siden var det p\u00e5vist 115 hanner av fuglearten med fast territorier. N\u00e5 er det nede i kun \u00e9n i 2024 og 2025.<\/p>\n<p>Det er statsforvalteren i Innlandet som har overv\u00e5ket bestanden av fuglen. De siste to \u00e5rene har det kun v\u00e6rt observert to syngende hanner p\u00e5 trekket \u2013 uten respons fra en potensiell partner.<\/p>\n<p>Siden 1950-tallet har mange av hortulanens hekkeomr\u00e5der i Norge blitt mindre attraktive som f\u00f8lge av intensiveringen av jordbruket, med stadig f\u00e6rre omr\u00e5der som egner seg for den, if\u00f8lge direktoratet. Samtidig er det blitt mindre tilgjengelig mat og f\u00e6rre insekter.<\/p>\n<p>I en ny \u00e5rsrapport for 2025 fra trekkfugloverv\u00e5kingen p\u00e5 Jomfruland og Lista kommer det fram at tendensen vi har sett de siste \u00e5rene med synkende antall trekkfugler fortsetter. Trekkfuglene kommer tilbake i mindre antall enn f\u00f8r. Artene som trekker til og fra landet v\u00e5rt hver v\u00e5r og h\u00f8st er ujevnt fordelt i antall. Noen arter er blitt s\u00e5 f\u00e5tallige at de n\u00e6rmest kommer tilbake hit som enkeltindivider uten \u00e5 treffe en partner p\u00e5 veien, slik som de siste gjenlevende hortulanene i Norge.<\/p>\n<p>  <a href=\"https:\/\/www.nationen.no\/5-148-834596\" class=\"related-teaser has-image default-story-teaser article--c-eRUmMG article--c-eRUmMG-jKCPdD-design-default\" rel=\"nofollow noopener\" target=\"_blank\"><\/p>\n<p>    <img decoding=\"async\" loading=\"lazy\"  src=\"https:\/\/www.europesays.com\/no\/wp-content\/uploads\/2025\/12\/cueres_scp-mangler_navn_ZRNxYb8EAHU.jpg\" alt=\"\" class=\"brick-c-cFOWSL\" style=\"\"\/><\/p>\n<p>\n            Les ogs\u00e5<\/p>\n<p>              Ett steg n\u00e6rmere torv-forbud: \u2013 Et giftig kinderegg\n        <\/p>\n<p>  <\/a><br \/>\n  Insektene forsvinner<\/p>\n<p>Myr og insekter spiller en viktig rolle i det hele. V\u00e5tmarker i Norge er negativt p\u00e5virket av mange \u00e5rs nedbygging av myrer og drenering for jordbrukslandskap. Intensiveringen av landbruket har ogs\u00e5 p\u00e5virket kjerneomr\u00e5dene til hortulan, som foretrekker mer tradisjonelt kulturlandskap med innslag av myr.<\/p>\n<p>Nedgangen i de globale insektpopulasjonene er en viktig medvirkende faktor som bidrar til den drastiske nedgangen av fugler som trekker mellom Nord-Europa og Afrika. Nedgangen kan ogs\u00e5 spores i v\u00e5re naboland og langs trekkveiene for hortulan<\/p>\n<p>\u2013 Det er en alvorlig situasjon for trekkfuglene internasjonalt. Siden de trekker fra Norge, gjennom Europa og helt ned til Afrika, er vi helt avhengig av godt samarbeid p\u00e5 tvers av landegrenser for \u00e5 hindre at situasjonen blir enda verre for trekkfuglene, sier milj\u00f8direkt\u00f8r Singsaas.<\/p>\n<p>  <a href=\"https:\/\/www.nationen.no\/5-148-831968\" class=\"related-teaser has-image default-story-teaser article--c-eRUmMG article--c-eRUmMG-jKCPdD-design-default\" rel=\"nofollow noopener\" target=\"_blank\"><\/p>\n<p>    <img decoding=\"async\" loading=\"lazy\"  src=\"https:\/\/www.europesays.com\/no\/wp-content\/uploads\/2025\/12\/T%C3%B8mmer+og+veier14.jpg\" alt=\"\" class=\"brick-c-cFOWSL\" style=\"\"\/><\/p>\n<p>\n            Les ogs\u00e5<\/p>\n<p>              Gjennombrudd for skogbruket etter flere \u00e5rs kamp\n        <\/p>\n<p>  <\/a><\/p>\n","protected":false},"excerpt":{"rendered":"For andre \u00e5r p\u00e5 rad er det kun observert to hanner av trekkfuglen hortulan. Fuglen, som er en&hellip;\n","protected":false},"author":2,"featured_media":110388,"comment_status":"","ping_status":"","sticky":false,"template":"","format":"standard","meta":{"footnotes":""},"categories":[10],"tags":[36,20,21,24,25,15,2453,22,23,2540,650,13,30,28,29,14,16,1510,26,27,13591],"class_list":{"0":"post-110387","1":"post","2":"type-post","3":"status-publish","4":"format-standard","5":"has-post-thumbnail","7":"category-norge","8":"tag-art","9":"tag-breaking-news","10":"tag-breakingnews","11":"tag-featured-news","12":"tag-featurednews","13":"tag-headlines","14":"tag-jordbruk","15":"tag-latest-news","16":"tag-latestnews","17":"tag-miljo","18":"tag-natur","19":"tag-news","20":"tag-no","21":"tag-norge","22":"tag-norway","23":"tag-nyheter","24":"tag-overskrifter","25":"tag-story","26":"tag-top-stories","27":"tag-topstories","28":"tag-trekkfugl"},"share_on_mastodon":{"url":"https:\/\/pubeurope.com\/@no\/115701177912960997","error":""},"_links":{"self":[{"href":"https:\/\/www.europesays.com\/no\/wp-json\/wp\/v2\/posts\/110387","targetHints":{"allow":["GET"]}}],"collection":[{"href":"https:\/\/www.europesays.com\/no\/wp-json\/wp\/v2\/posts"}],"about":[{"href":"https:\/\/www.europesays.com\/no\/wp-json\/wp\/v2\/types\/post"}],"author":[{"embeddable":true,"href":"https:\/\/www.europesays.com\/no\/wp-json\/wp\/v2\/users\/2"}],"replies":[{"embeddable":true,"href":"https:\/\/www.europesays.com\/no\/wp-json\/wp\/v2\/comments?post=110387"}],"version-history":[{"count":0,"href":"https:\/\/www.europesays.com\/no\/wp-json\/wp\/v2\/posts\/110387\/revisions"}],"wp:featuredmedia":[{"embeddable":true,"href":"https:\/\/www.europesays.com\/no\/wp-json\/wp\/v2\/media\/110388"}],"wp:attachment":[{"href":"https:\/\/www.europesays.com\/no\/wp-json\/wp\/v2\/media?parent=110387"}],"wp:term":[{"taxonomy":"category","embeddable":true,"href":"https:\/\/www.europesays.com\/no\/wp-json\/wp\/v2\/categories?post=110387"},{"taxonomy":"post_tag","embeddable":true,"href":"https:\/\/www.europesays.com\/no\/wp-json\/wp\/v2\/tags?post=110387"}],"curies":[{"name":"wp","href":"https:\/\/api.w.org\/{rel}","templated":true}]}}