{"id":110410,"date":"2025-12-11T14:02:08","date_gmt":"2025-12-11T14:02:08","guid":{"rendered":"https:\/\/www.europesays.com\/no\/110410\/"},"modified":"2025-12-11T14:02:08","modified_gmt":"2025-12-11T14:02:08","slug":"siste-sel-selskapet-til-saudi-arabia-smp-no","status":"publish","type":"post","link":"https:\/\/www.europesays.com\/no\/110410\/","title":{"rendered":"SISTE: Sel selskapet til Saudi-Arabia &#8211; smp.no"},"content":{"rendered":"<ol>\n<li><a href=\"https:\/\/news.google.com\/rss\/articles\/CBMiekFVX3lxTE1VVDV3RTBfZGNEYXNGV0RzV0Vlb3NCVU05QnhxWktFUmZ5dGJ1QzJUeXFOOWhoZDk5V2daaWVLMEt4all5NERyQ2V2M3JuMEFETUdYTy1kNXZjN2ZhN1NFN19tWlN2VWRJSGFPckZ5WTRsT2tKaFJDNHZR?oc=5\" target=\"_blank\" rel=\"nofollow noopener\">SISTE: Sel selskapet til Saudi-Arabia<\/a>&nbsp;&nbsp;smp.no<\/li>\n<li><a href=\"https:\/\/news.google.com\/rss\/articles\/CBMimgFBVV95cUxQNm1KY0R2YXhYSDA2RFFWVDQ1aDl5TTk1cDlkUUlabnNQS1FfUmRNZW1aOUZzSVRJUmZRRnAwRlg0Rm9WSGlsVE5WNExmejBFUm53OGpjYnRfRGRpYTVMZVowbmdMOGVkMGFqVWVHZ3kzd2lxQkNBMXhpMTZORHV2VDRXWW9BUHVQNjB6cEJ2UmNCTFJnZlJWeFRn?oc=5\" target=\"_blank\" rel=\"nofollow noopener\">Rem\u00f8y Shipping selges til saudiarabere<\/a>&nbsp;&nbsp;Finansavisen<\/li>\n<li><a href=\"https:\/\/news.google.com\/rss\/articles\/CBMikwFBVV95cUxPWnNzX2tYSHdaSWd3dzV4V1cxR1Q1akpFRTJhLXdJbG1KR3cwejd6cmYzWVhmR205Um1RV1ZFaUVjaVdDOHQwRWNyVFJXTWdhT3cxTGNJdzk2VTVpZ2FPN0hoUWZKbHp5U2NmSkgtTTlIVElOdmNMNnRvaFpuNTJ2MncwUlc4c3RudS1FM3dzelZKRjg?oc=5\" target=\"_blank\" rel=\"nofollow noopener\">Siste: Lokalt reiarlag f\u00e5r arabiske eigarar<\/a>&nbsp;&nbsp;vestlandsnytt.no<\/li>\n<li><a href=\"https:\/\/news.google.com\/rss\/articles\/CBMib0FVX3lxTE13RTNMNXBXMTM0NE9LOXBzc2NLeVREMW1YTHNCaW9Ic1ROMktJQ3FONG9ldmJTaExqQ3ZEZHpCMzlFeU13cGs5YWRNWGFWUFNWY0pxWFFEUU4wMW9oOW1ZclFtYmM3dUlkNFpYRXJqYw?oc=5\" target=\"_blank\" rel=\"nofollow noopener\">Sel Rem\u00f8y Shipping til Saudi-Arabia<\/a>&nbsp;&nbsp;vikebladet.no<\/li>\n<li><a href=\"https:\/\/news.google.com\/rss\/articles\/CBMijgFBVV95cUxPLWo2QTFjSzRaN3RrN2w2OXlpcTVEMGJEdXRueDUza1pQWGxvM0ZoTjlpaUlyOFc3QWVfNmt3UTlWTkZwTk01c3RiYUpYM25ZMGd5bndSWDBTSGJWOGlxeUlhQ0N5TGM0bndXUEtIdHEwaThIeVJvcHczV29mZkhqRzVTbW04bFJFbGlKMEZ3?oc=5\" target=\"_blank\" rel=\"nofollow noopener\">Saudiarabisk selskap kj\u00f8per Rem\u00f8y Shipping (+)<\/a>&nbsp;&nbsp;Kystens N\u00e6ringsliv<\/li>\n<\/ol>\n","protected":false},"excerpt":{"rendered":"SISTE: Sel selskapet til Saudi-Arabia&nbsp;&nbsp;smp.no Rem\u00f8y Shipping selges til saudiarabere&nbsp;&nbsp;Finansavisen Siste: Lokalt reiarlag f\u00e5r arabiske eigarar&nbsp;&nbsp;vestlandsnytt.no Sel Rem\u00f8y&hellip;\n","protected":false},"author":2,"featured_media":110411,"comment_status":"","ping_status":"","sticky":false,"template":"","format":"standard","meta":{"footnotes":""},"categories":[12],"tags":[20,21,24,25,15,22,23,13,30,28,29,14,16,26,27,42,43,44,45],"class_list":{"0":"post-110410","1":"post","2":"type-post","3":"status-publish","4":"format-standard","5":"has-post-thumbnail","7":"category-verden","8":"tag-breaking-news","9":"tag-breakingnews","10":"tag-featured-news","11":"tag-featurednews","12":"tag-headlines","13":"tag-latest-news","14":"tag-latestnews","15":"tag-news","16":"tag-no","17":"tag-norge","18":"tag-norway","19":"tag-nyheter","20":"tag-overskrifter","21":"tag-top-stories","22":"tag-topstories","23":"tag-verden","24":"tag-world","25":"tag-world-news","26":"tag-worldnews"},"share_on_mastodon":{"url":"https:\/\/pubeurope.com\/@no\/115701307426921117","error":""},"_links":{"self":[{"href":"https:\/\/www.europesays.com\/no\/wp-json\/wp\/v2\/posts\/110410","targetHints":{"allow":["GET"]}}],"collection":[{"href":"https:\/\/www.europesays.com\/no\/wp-json\/wp\/v2\/posts"}],"about":[{"href":"https:\/\/www.europesays.com\/no\/wp-json\/wp\/v2\/types\/post"}],"author":[{"embeddable":true,"href":"https:\/\/www.europesays.com\/no\/wp-json\/wp\/v2\/users\/2"}],"replies":[{"embeddable":true,"href":"https:\/\/www.europesays.com\/no\/wp-json\/wp\/v2\/comments?post=110410"}],"version-history":[{"count":0,"href":"https:\/\/www.europesays.com\/no\/wp-json\/wp\/v2\/posts\/110410\/revisions"}],"wp:featuredmedia":[{"embeddable":true,"href":"https:\/\/www.europesays.com\/no\/wp-json\/wp\/v2\/media\/110411"}],"wp:attachment":[{"href":"https:\/\/www.europesays.com\/no\/wp-json\/wp\/v2\/media?parent=110410"}],"wp:term":[{"taxonomy":"category","embeddable":true,"href":"https:\/\/www.europesays.com\/no\/wp-json\/wp\/v2\/categories?post=110410"},{"taxonomy":"post_tag","embeddable":true,"href":"https:\/\/www.europesays.com\/no\/wp-json\/wp\/v2\/tags?post=110410"}],"curies":[{"name":"wp","href":"https:\/\/api.w.org\/{rel}","templated":true}]}}