{"id":110468,"date":"2025-12-11T15:09:09","date_gmt":"2025-12-11T15:09:09","guid":{"rendered":"https:\/\/www.europesays.com\/no\/110468\/"},"modified":"2025-12-11T15:09:09","modified_gmt":"2025-12-11T15:09:09","slug":"fis-godkjente-fem-nye-noytrale-russiske-langrennslopere-far-med-seg-leder-i-davos","status":"publish","type":"post","link":"https:\/\/www.europesays.com\/no\/110468\/","title":{"rendered":"FIS godkjente fem nye n\u00f8ytrale \u2013 russiske langrennsl\u00f8pere f\u00e5r med seg leder i Davos"},"content":{"rendered":"\n<p class=\"_lead_o9xde_2 _lead_xtcu6_50 layout-component text-serif-m layout-normal text-serif-l layout-component layout-wide layout-padded _wide_17hqh_1 layout-padded\">To nye ut\u00f8vere og tre ledere fra Russland og Belarus er innvilget n\u00f8ytral status av Det internasjonale skiforbundet foran kommende verdenscuprenn og vinterens OL.<\/p>\n<p><img alt=\"Savelij Korostelev er gjennom n\u00e5l\u00f8yet til FIS.  Foto: Terje Pedersen \/ NTB\" class=\"_image_qp4xg_65 layout-component layout-wide\" data-fullscreen- data-track-element-type=\"Article image fullscreen\" data-track-name=\"ImageFullscreen\" fetchpriority=\"high\" decoding=\"sync\" loading=\"eager\" height=\"2933\" itemprop=\"image\"  src=\"https:\/\/www.europesays.com\/no\/wp-content\/uploads\/2025\/12\/a2fe05f0-af06-4779-be7c-0c99d238d0c4\"  style=\"object-position:0% 0%\" width=\"4400\"\/>Savelij Korostelev er gjennom n\u00e5l\u00f8yet til FIS.  Foto: Terje Pedersen \/ NTB<\/p>\n<ul aria-hidden=\"true\" class=\"_images_ntbth_112\">\n<li><a class=\"_link_ntbth_117\" href=\"https:\/\/www.vg.no\/forfatter\/ntb\" style=\"z-index:1\" title=\"NTB\" rel=\"nofollow noopener\" target=\"_blank\"><img alt=\"Bilde av NTB\" class=\"_image_ntbth_93\" fetchpriority=\"low\" loading=\"lazy\" decoding=\"async\" itemprop=\"image\"  src=\"https:\/\/www.europesays.com\/no\/wp-content\/uploads\/2025\/12\/1765465749_999_c33980b0-5d07-4027-84a1-813f90a7c8d6\"  width=\"480\"\/><\/a><\/li>\n<\/ul>\n<p> Oppdatert torsdag 11. desember kl. 15:08     <\/p>\n<p class=\"_paragraph_o9xde_4 _paragraph_xtcu6_10 layout-component text-serif-m layout-normal text-serif-m layout-padded\">Det fremg\u00e5r av en pressemelding fra <a href=\"https:\/\/www.vg.no\/tag\/fis?utm_source=vg-article&amp;utm_medium=auto-tagger&amp;utm_campaign=m06xgO\" class=\"_link_o9xde_39\" rel=\"nofollow noopener\" target=\"_blank\">FIS<\/a> torsdag.<\/p>\n<p class=\"_paragraph_o9xde_4 _paragraph_xtcu6_10 layout-component text-serif-m layout-normal text-serif-m layout-padded\">Seks belarusiske og tre russiske ut\u00f8vere fikk onsdag klarsignal til \u00e5 delta i konkurranser som n\u00f8ytrale. Dagen derp\u00e5 ble alts\u00e5 listen utvidet med i alt fem nye navn.<\/p>\n<p class=\"_paragraph_o9xde_4 _paragraph_xtcu6_10 layout-component text-serif-m layout-normal text-serif-m layout-padded\">To av dem er de belarusiske langrennsl\u00f8perne Hanna Matsjakhina og Hanna Karaliova. I tillegg er de belarusiske langrennslederne Aleh Bykauskikh og ilja Ramanenka innvilget n\u00f8ytral status.<\/p>\n<p class=\"_paragraph_o9xde_4 _paragraph_xtcu6_10 layout-component text-serif-m layout-normal text-serif-m layout-padded\">Russeren som ogs\u00e5 har f\u00e5tt sin s\u00f8knad godkjent er langrennslederen Jevgenij Uftikov.<\/p>\n<p class=\"_paragraph_o9xde_4 _paragraph_xtcu6_10 layout-component text-serif-m layout-normal text-serif-m layout-padded\">Dermed er de russiske langrennsl\u00f8perne Savelij Korostelev og Darija Neprjaeva sikret \u00e5 ha med seg st\u00f8ttepersonell under helgens verdenscuprenn i Davos.<\/p>\n<p>Strenge krav<\/p>\n<p class=\"_paragraph_o9xde_4 _paragraph_xtcu6_10 layout-component text-serif-m layout-normal text-serif-m layout-padded\">Den ni navn lange listen som ble offentliggjort onsdag besto av i alt to langrennsl\u00f8pere, seks fristilkj\u00f8rere og en alpinist. Langrennsl\u00f8perne var alts\u00e5 det russiske supertalentet Korostelev og Neprjajeva.<\/p>\n<p class=\"_paragraph_o9xde_4 _paragraph_xtcu6_10 layout-component text-serif-m layout-normal text-serif-m layout-padded\">FIS har varslet at listen vil bli l\u00f8pende oppdatert de kommende dagene og ukene etter hvert som flere unders\u00f8kelser gjennomf\u00f8res rundt innkomne s\u00f8knader.<\/p>\n<p class=\"_paragraph_o9xde_4 _paragraph_xtcu6_10 layout-component text-serif-m layout-normal text-serif-m layout-padded\">Bakgrunnen for jobben FIS n\u00e5 har igangsatt er at Idrettens Voldgiftsrett (CAS) i forrige uke satte til side FIS-styrets beslutning om \u00e5 nekte russiske og belarusiske ut\u00f8vere \u00e5 delta i konkurranser og OL-kvalifiseringer.<\/p>\n<p class=\"_paragraph_o9xde_4 _paragraph_xtcu6_10 layout-component text-serif-m layout-normal text-serif-m layout-padded\">CAS slo fast at FIS m\u00e5 tillate deltakelse for ut\u00f8vere som oppfyller de strenge n\u00f8ytralitetskriteriene til Den internasjonale olympiske komit\u00e9 (IOC).<\/p>\n<p class=\"_paragraph_o9xde_4 _paragraph_xtcu6_10 layout-component text-serif-m layout-normal text-serif-m layout-padded\">I kriteriene heter det blant annet at de aktuelle ut\u00f8verne ikke kan ha noen frivillig forbindelse med det russiske eller belarusiske milit\u00e6ret \u2013 eller med noen annen nasjonal sikkerhetsorganisasjon.<\/p>\n<p>M\u00e5 s\u00f8ke<\/p>\n<p class=\"_paragraph_o9xde_4 _paragraph_xtcu6_10 layout-component text-serif-m layout-normal text-serif-m layout-padded\">Ut\u00f8vere som mener de er aktuelle for \u00e5 bli tildelt status som n\u00f8ytrale, er blitt bedt om \u00e5 sende inn en s\u00f8knad til skitoppene i FIS.<\/p>\n<p class=\"_paragraph_o9xde_4 _paragraph_xtcu6_10 layout-component text-serif-m layout-normal text-serif-m layout-padded\">Hver ut\u00f8ver er s\u00e5 gjenstand for en bakgrunnssjekk utf\u00f8rt av en tredjepart. FIS-toppen Sandra Spitz sa tirsdag til svenske SVT at det her blant annet vurderes om innhold lagt ut p\u00e5 sosiale medier kan v\u00e6re i strid med n\u00f8ytralitetsprinsippene.<\/p>\n<p class=\"_paragraph_o9xde_4 _paragraph_xtcu6_10 layout-component text-serif-m layout-normal text-serif-m layout-padded\">I Russland har det v\u00e6rt ansett som sv\u00e6rt sannsynlig at langrennsl\u00f8peren Korostelev ville oppfylle vilk\u00e5rene. Han reiste allerede til Europa for flere dager siden for \u00e5 ha kort vei til Davos dersom det gr\u00f8nne lyset skulle komme. Onsdag skjedde nettopp det.<\/p>\n<p class=\"_paragraph_o9xde_4 _paragraph_xtcu6_10 layout-component text-serif-m layout-normal text-serif-m layout-padded\">N\u00e5 f\u00e5r han ogs\u00e5 hjelp av Uftikov. Han har tidligere v\u00e6rt sm\u00f8rer for det russiske landslaget.<\/p>\n<p class=\"_paragraph_o9xde_4 _paragraph_xtcu6_10 layout-component text-serif-m layout-normal text-serif-m layout-padded\">Davos-rennene kommende helg innledes med lagsprint. Der kan russerne uansett ikke delta. Dermed er l\u00f8rdagens sprint i fri teknikk f\u00f8rste mulighet. Videre er det 10 kilometer fri teknikk i Sveits s\u00f8ndag.<\/p>\n","protected":false},"excerpt":{"rendered":"To nye ut\u00f8vere og tre ledere fra Russland og Belarus er innvilget n\u00f8ytral status av Det internasjonale skiforbundet&hellip;\n","protected":false},"author":2,"featured_media":110469,"comment_status":"","ping_status":"","sticky":false,"template":"","format":"standard","meta":{"footnotes":""},"categories":[59],"tags":[772,398,30,28,29,83,82],"class_list":{"0":"post-110468","1":"post","2":"type-post","3":"status-publish","4":"format-standard","5":"has-post-thumbnail","7":"category-sport","8":"tag-fis","9":"tag-langrenn","10":"tag-no","11":"tag-norge","12":"tag-norway","13":"tag-sport","14":"tag-sports"},"share_on_mastodon":{"url":"https:\/\/pubeurope.com\/@no\/115701571267661909","error":""},"_links":{"self":[{"href":"https:\/\/www.europesays.com\/no\/wp-json\/wp\/v2\/posts\/110468","targetHints":{"allow":["GET"]}}],"collection":[{"href":"https:\/\/www.europesays.com\/no\/wp-json\/wp\/v2\/posts"}],"about":[{"href":"https:\/\/www.europesays.com\/no\/wp-json\/wp\/v2\/types\/post"}],"author":[{"embeddable":true,"href":"https:\/\/www.europesays.com\/no\/wp-json\/wp\/v2\/users\/2"}],"replies":[{"embeddable":true,"href":"https:\/\/www.europesays.com\/no\/wp-json\/wp\/v2\/comments?post=110468"}],"version-history":[{"count":0,"href":"https:\/\/www.europesays.com\/no\/wp-json\/wp\/v2\/posts\/110468\/revisions"}],"wp:featuredmedia":[{"embeddable":true,"href":"https:\/\/www.europesays.com\/no\/wp-json\/wp\/v2\/media\/110469"}],"wp:attachment":[{"href":"https:\/\/www.europesays.com\/no\/wp-json\/wp\/v2\/media?parent=110468"}],"wp:term":[{"taxonomy":"category","embeddable":true,"href":"https:\/\/www.europesays.com\/no\/wp-json\/wp\/v2\/categories?post=110468"},{"taxonomy":"post_tag","embeddable":true,"href":"https:\/\/www.europesays.com\/no\/wp-json\/wp\/v2\/tags?post=110468"}],"curies":[{"name":"wp","href":"https:\/\/api.w.org\/{rel}","templated":true}]}}