{"id":110535,"date":"2025-12-11T16:39:09","date_gmt":"2025-12-11T16:39:09","guid":{"rendered":"https:\/\/www.europesays.com\/no\/110535\/"},"modified":"2025-12-11T16:39:09","modified_gmt":"2025-12-11T16:39:09","slug":"krever-svar-om-alkoholservering-under-norges-vm-kamper","status":"publish","type":"post","link":"https:\/\/www.europesays.com\/no\/110535\/","title":{"rendered":"Krever svar om alkoholservering under Norges VM-kamper"},"content":{"rendered":"\n<ul class=\"_list_o9xde_3 _list_64s2r_85 _unordered_o9xde_106 text-sans-m\">\n<li class=\"_item_o9xde_30\">Politikere og utelivsbransje krever svar fra statsminister St\u00f8re om \u00e5 endre skjenkereglene for VM<\/li>\n<li class=\"_item_o9xde_30\">Mange VM-kamper starter n\u00e5r det er alkoholsalgsforbud i Norge<\/li>\n<li class=\"_item_o9xde_30\">Fremskrittspartiet og H\u00f8yre presser for midlertidige endringer<\/li>\n<li class=\"_item_o9xde_30\">NHO peker p\u00e5 viktigheten av endret regelverk for utesteders \u00f8konomi<\/li>\n<\/ul>\n<p>Vis mer <\/p>\n<p class=\"_paragraph_o9xde_4 _paragraph_xtcu6_10 layout-component text-serif-m layout-normal text-serif-m layout-padded\">\u2013 Jeg vil utfordre statsministeren direkte p\u00e5 om han mener at man skal se p\u00e5 skjenkereglene eller om det er bare \u00e5pningstidene. Det m\u00e5 det v\u00e6re mulig \u00e5 svare ja eller nei p\u00e5, sier stortingsrepresentant for Troms Frp Kristian August Eilertsen.<\/p>\n<p class=\"_paragraph_o9xde_4 _paragraph_xtcu6_10 layout-component text-serif-m layout-normal text-serif-m layout-padded\">Tirsdag kunne statsminister Jonas Gahr St\u00f8re fortelle at han vil finne l\u00f8sninger slik at nordmenn kan se VM-kamper p\u00e5 utesteder om natten, <a href=\"https:\/\/www.vg.no\/sport\/i\/7plj6V\/oensker-aa-endre-skjenkereglene-til-vm\" data-track-element-type=\"Link\" data-track-id=\"link:7plj6V\" class=\"_link_o9xde_39\" rel=\"nofollow noopener\" target=\"_blank\">samt nyte en \u00f8l.<\/a><\/p>\n<p><img alt=\"Helse- og omsorgspolitisk talsperson i FrP, Kristian August Eilertsen.  Foto: H\u00e5kon Rusdal\" class=\"_image_qp4xg_65 layout-component layout-normal\" data-fullscreen- data-track-element-type=\"Article image fullscreen\" data-track-name=\"ImageFullscreen\" decoding=\"async\" loading=\"lazy\" height=\"4000\" itemprop=\"image\"  src=\"https:\/\/www.europesays.com\/no\/wp-content\/uploads\/2025\/12\/b28b77b5-e7e8-45d6-8f21-0686fca959cb\"  style=\"object-position:0% 0%\" width=\"6000\"\/>Helse- og omsorgspolitisk talsperson i FrP, Kristian August Eilertsen.  Foto: H\u00e5kon Rusdal<\/p>\n<p class=\"_paragraph_o9xde_4 _paragraph_xtcu6_10 layout-component text-serif-m layout-normal text-serif-m layout-padded\">Flere av mesterskapets kamper g\u00e5r midt p\u00e5 natten norsk tid \u2013 blant annet starter Norges kamp mot Senegal klokken 02:00 p\u00e5 natten. \u00c9n time etter avspark er det ikke lov \u00e5 selge alkohol i Norge.<\/p>\n<p class=\"_paragraph_o9xde_4 _paragraph_xtcu6_10 layout-component text-serif-m layout-normal text-serif-m layout-padded\">Alkoholloven i Norge sl\u00e5r fast at det ikke er lov med alkoholskjenking mellom 03:00 og 06:00. Kommunene i Norge regulerer skjenkereglene innenfor de rammene.<\/p>\n<p class=\"_paragraph_o9xde_4 _paragraph_xtcu6_10 layout-component text-serif-m layout-normal text-serif-m layout-padded\">N\u00e5 er flere sentrale stemmer i politikken og utelivsbransjen tydelige p\u00e5 hva de mener i saken.<\/p>\n<p class=\"_paragraph_o9xde_4 _paragraph_xtcu6_10 layout-component text-serif-m layout-normal text-serif-m layout-padded\">\u2013 Vi synes det vil v\u00e6re utrolig dumt om et rigid regelverk skal sette en stopper for en av de st\u00f8rste begivenhetene i Norge p\u00e5 flere \u00e5r, sier Eilertsen.<\/p>\n<p class=\"_paragraph_o9xde_4 _paragraph_xtcu6_10 layout-component text-serif-m layout-normal text-serif-m layout-padded\">Han har tidligere uttalt at Frp vil kontakte helseministeren hvis det er muligheter for \u00e5 gj\u00f8re unntak innenfor dagens lovverk. <\/p>\n<p class=\"_paragraph_o9xde_4 _paragraph_xtcu6_10 layout-component text-serif-m layout-normal text-serif-m layout-padded\">Dersom det viser seg at det ikke er handlingsrom for \u00e5 utvide tidspunktet for alkoholservering, vil de komme med et forslag i Stortinget.<\/p>\n<p class=\"_paragraph_o9xde_4 _paragraph_xtcu6_10 layout-component text-serif-m layout-normal text-serif-m layout-padded\">\u2013 Er dette f\u00f8rst og fremst en prinsippsak for dere, eller ser dere dette som starten p\u00e5 en bredere gjennomgang av dagens skjenkeregler?<\/p>\n<p class=\"_paragraph_o9xde_4 _paragraph_xtcu6_10 layout-component text-serif-m layout-normal text-serif-m layout-padded\">\u2013 Vi er helt \u00e5pne p\u00e5 at vi \u00f8nsker \u00e5 liberalisere alkoholloven, og vi mener at hvert enkelt serveringssted m\u00e5 kunne vurdere dette selv. Vi erkjenner at det ikke er flertall for det i dag, derfor \u00f8nsker vi \u00e5 se p\u00e5 andre muligheter for at nordmenn kan se kamp p\u00e5 pub og ta en pils.<\/p>\n<p class=\"_paragraph_o9xde_4 _paragraph_xtcu6_10 layout-component text-serif-m layout-normal text-serif-m layout-padded\">Eilertsen f\u00e5r st\u00f8tte fra Erlend Svardal B\u00f8e i H\u00f8yre.<\/p>\n<p class=\"_paragraph_o9xde_4 _paragraph_xtcu6_10 layout-component text-serif-m layout-normal text-serif-m layout-padded\">\u2013 Jeg synes St\u00f8re er veldig vag i sitt utspill, og skj\u00f8nner ikke helt hva han vil gj\u00f8re helt konkret. Dette er en sak H\u00f8yre vil f\u00f8lge opp i Stortinget og gj\u00f8re noe med.<\/p>\n<p class=\"_paragraph_o9xde_4 _paragraph_xtcu6_10 layout-component text-serif-m layout-normal text-serif-m layout-padded\">B\u00f8e mener det m\u00e5 v\u00e6re mulig \u00e5 gj\u00f8re unntak for \u00e5 skape fotballfest, n\u00e5r Norge skal spille i VM for f\u00f8rste gang siden 1998.<\/p>\n<p class=\"_paragraph_o9xde_4 _paragraph_xtcu6_10 layout-component text-serif-m layout-normal text-serif-m layout-padded\">\u2013 Derfor vil vi at kommunene skal f\u00e5 mulighet til \u00e5 \u00e5pne opp for skjenking i tidsrommet mellom klokken 03.00 og klokken 06.00 i forbindelse med dette, blant annet siden kampene sendes midt p\u00e5 natten. Det har de ikke mulighet til i dagens lovverk, sier han.<\/p>\n<p><img alt=\"Erlend Svardal B\u00f8e p\u00e5 Scotsman.  Foto: Helen Wesnes \/ VG\" class=\"_image_qp4xg_65 layout-component layout-normal\" data-fullscreen- data-track-element-type=\"Article image fullscreen\" data-track-name=\"ImageFullscreen\" decoding=\"async\" loading=\"lazy\" height=\"5348\" itemprop=\"image\"  src=\"https:\/\/www.europesays.com\/no\/wp-content\/uploads\/2025\/12\/b1ef33ff-c456-4c13-9d70-8adc3e4301ad\"  style=\"object-position:0% 0%\" width=\"7130\"\/>Erlend Svardal B\u00f8e p\u00e5 Scotsman.  Foto: Helen Wesnes \/ VG<\/p>\n<p class=\"_paragraph_o9xde_4 _paragraph_xtcu6_10 layout-component text-serif-m layout-normal text-serif-m layout-padded\">Foruten St\u00f8re la parlamentarisk leder i Arbeiderpartiets stortingsgruppe, Tonje Brenna, et innlegg p\u00e5 Facebook hvor hun skrev:<\/p>\n<p class=\"_paragraph_o9xde_4 _paragraph_xtcu6_10 layout-component text-serif-m layout-normal text-serif-m layout-padded\">\u00abKlart folk skal f\u00e5 se fotball-VM. Ogs\u00e5 p\u00e5 pub. Ogs\u00e5 n\u00e5r kampene spilles p\u00e5 natten. Hvis vi har regler som hindrer dette, m\u00e5 vi l\u00f8se det. Det lover Arbeiderpartiet\u00bb.<\/p>\n<p class=\"_paragraph_o9xde_4 _paragraph_xtcu6_10 layout-component text-serif-m layout-normal text-serif-m layout-padded\">VG har v\u00e6rt i kontakt med statsministerens kontor for en kommentar. De henviste videre til Helse- og omsorgsminister Jan Christian Vestre. Han sier f\u00f8lgende i en uttalelse til VG via sin pressekontakt: <\/p>\n<p class=\"_paragraph_o9xde_4 _paragraph_xtcu6_10 layout-component text-serif-m layout-normal text-serif-m layout-padded\">\u00abVi er mange som gleder oss til \u00e5 se herrelandslaget v\u00e5rt spille VM-kamper i USA neste \u00e5r. Noen f\u00e5 kommer til \u00e5 reise dit, men de fleste kommer til \u00e5 f\u00f8lge kampene her fra Norge.<\/p>\n<p class=\"_paragraph_o9xde_4 _paragraph_xtcu6_10 layout-component text-serif-m layout-normal text-serif-m layout-padded\">Derfor har regjeringen sagt at vi vil legge til rette for at folk kan se kampene i fellesskap p\u00e5 utesteder, ogs\u00e5 n\u00e5r kampene g\u00e5r sent p\u00e5 kvelden. Vi g\u00e5r i gang med \u00e5 jobbe med dette n\u00e5. <\/p>\n<p class=\"_paragraph_o9xde_4 _paragraph_xtcu6_10 layout-component text-serif-m layout-normal text-serif-m layout-padded\">Hvordan dette skal l\u00f8ses, hva de l\u00f8sningene vil inneholde, og om det m\u00e5 gj\u00f8res eventuelle regelendringer eller ikke m\u00e5 vi komme tilbake til n\u00e5r det er klart. Men det vil v\u00e6re p\u00e5 plass i god tid f\u00f8r VM\u00bb skriver han.<\/p>\n<p class=\"_paragraph_o9xde_4 _paragraph_xtcu6_10 layout-component text-serif-m layout-normal text-serif-m layout-padded\">Bransjesjef for servering i NHO Reiseliv, Tobias Strandskog-Christensen, velger \u00e5 ta Brenna p\u00e5 ordet.<\/p>\n<p class=\"_paragraph_o9xde_4 _paragraph_xtcu6_10 layout-component text-serif-m layout-normal text-serif-m layout-padded\">\u2013 Om de mener noe annet m\u00e5 de si det. Til n\u00e5 s\u00e5 jubler vi over regjeringens forslag og ser p\u00e5 dette som et stort gjennomslag. sier han.<\/p>\n<p class=\"_paragraph_o9xde_4 _paragraph_xtcu6_10 layout-component text-serif-m layout-normal text-serif-m layout-padded\">Dersom det blir bestemt en midlertidig \u00e5pning av skjenketiden, kan hver enkelt kommune if\u00f8lge Strandskog-Christensen selv velge om de \u00f8nsker det. <\/p>\n<p><img decoding=\"async\" alt=\"Bilde av Tobias Strandskog-Christensen\" class=\"_image_ygndg_42\" height=\"27\" itemprop=\"image\" loading=\"lazy\"  src=\"https:\/\/www.europesays.com\/no\/wp-content\/uploads\/2025\/12\/55127efa-e1f1-4597-8a10-15d31188705c\"  width=\"40\"\/><strong class=\"_name_ygndg_51 title-serif-xs\">Tobias Strandskog-Christensen<\/strong><\/p>\n<p class=\"_paragraph_o9xde_4 text-sans-m _description_ygndg_56\">Bransjesjef for servering i NHO.<\/p>\n<p class=\"_paragraph_o9xde_4 _paragraph_xtcu6_10 layout-component text-serif-m layout-normal text-serif-m layout-padded\">\u2013 Min oppfordring er at kommunene g\u00e5r i dialog med n\u00e6ringen, slik at de kan finne ut hvordan man kan gj\u00f8re det best mulig. Det gir de tid til \u00e5 finne ut av hvordan de skal gj\u00f8re det. <\/p>\n<p class=\"_paragraph_o9xde_4 _paragraph_xtcu6_10 layout-component text-serif-m layout-normal text-serif-m layout-padded\">\u2013 Hva slags \u00f8konomisk betydning kan et unntak fra skjenkereglene ha for utesteder og serveringsbransjen?<\/p>\n<p class=\"_paragraph_o9xde_4 _paragraph_xtcu6_10 layout-component text-serif-m layout-normal text-serif-m layout-padded\">\u2013 Serveringsbransjen har en driftsmargin p\u00e5 2,1 prosent. Da er det ikke mange \u00f8l eller kaffe som avgj\u00f8r et overskudd eller underskudd. En midlertidig \u00e5pning vil bety ekstremt mye, og tilbakemeldingene fra VM-kvaliken tilsier at det var gode tall, s\u00e5 det vil bety mye for en n\u00e6ring under stort press. <\/p>\n<p class=\"_paragraph_o9xde_4 _paragraph_xtcu6_10 layout-component text-serif-m layout-normal text-serif-m layout-padded\">\u2013 Hvordan vil bransjen h\u00e5ndtere eventuelle utfordringer knyttet til utvidet skjenketid?<\/p>\n<p class=\"_paragraph_o9xde_4 _paragraph_xtcu6_10 layout-component text-serif-m layout-normal text-serif-m layout-padded\">\u2013 Vi har solid kompetanse p\u00e5 alkoholh\u00e5ndtering, vektere som er gode p\u00e5 \u00e5 holde kontrollen, og det som skal til for \u00e5 sikre trygge rammer. N\u00e5 spilles ballen, p\u00e5 en m\u00e5te, over til kommunene, hvor de kan velge \u00e5 si nei. Det viktigste fremover er hva som skjer i kommunene, sier han. <\/p>\n","protected":false},"excerpt":{"rendered":"Politikere og utelivsbransje krever svar fra statsminister St\u00f8re om \u00e5 endre skjenkereglene for VM Mange VM-kamper starter n\u00e5r&hellip;\n","protected":false},"author":2,"featured_media":110536,"comment_status":"","ping_status":"","sticky":false,"template":"","format":"standard","meta":{"footnotes":""},"categories":[59],"tags":[1095,92,4472,30,28,29,83,82],"class_list":{"0":"post-110535","1":"post","2":"type-post","3":"status-publish","4":"format-standard","5":"has-post-thumbnail","7":"category-sport","8":"tag-alkohol","9":"tag-fotball","10":"tag-fotball-vm","11":"tag-no","12":"tag-norge","13":"tag-norway","14":"tag-sport","15":"tag-sports"},"share_on_mastodon":{"url":"https:\/\/pubeurope.com\/@no\/115701924907393834","error":""},"_links":{"self":[{"href":"https:\/\/www.europesays.com\/no\/wp-json\/wp\/v2\/posts\/110535","targetHints":{"allow":["GET"]}}],"collection":[{"href":"https:\/\/www.europesays.com\/no\/wp-json\/wp\/v2\/posts"}],"about":[{"href":"https:\/\/www.europesays.com\/no\/wp-json\/wp\/v2\/types\/post"}],"author":[{"embeddable":true,"href":"https:\/\/www.europesays.com\/no\/wp-json\/wp\/v2\/users\/2"}],"replies":[{"embeddable":true,"href":"https:\/\/www.europesays.com\/no\/wp-json\/wp\/v2\/comments?post=110535"}],"version-history":[{"count":0,"href":"https:\/\/www.europesays.com\/no\/wp-json\/wp\/v2\/posts\/110535\/revisions"}],"wp:featuredmedia":[{"embeddable":true,"href":"https:\/\/www.europesays.com\/no\/wp-json\/wp\/v2\/media\/110536"}],"wp:attachment":[{"href":"https:\/\/www.europesays.com\/no\/wp-json\/wp\/v2\/media?parent=110535"}],"wp:term":[{"taxonomy":"category","embeddable":true,"href":"https:\/\/www.europesays.com\/no\/wp-json\/wp\/v2\/categories?post=110535"},{"taxonomy":"post_tag","embeddable":true,"href":"https:\/\/www.europesays.com\/no\/wp-json\/wp\/v2\/tags?post=110535"}],"curies":[{"name":"wp","href":"https:\/\/api.w.org\/{rel}","templated":true}]}}