{"id":110551,"date":"2025-12-11T16:55:14","date_gmt":"2025-12-11T16:55:14","guid":{"rendered":"https:\/\/www.europesays.com\/no\/110551\/"},"modified":"2025-12-11T16:55:14","modified_gmt":"2025-12-11T16:55:14","slug":"sebastian-solberg-deler-helseoppdatering-etter-sykehusopphold","status":"publish","type":"post","link":"https:\/\/www.europesays.com\/no\/110551\/","title":{"rendered":"Sebastian Solberg deler helseoppdatering etter sykehusopphold"},"content":{"rendered":"<p class=\"kicker \" style=\"\">Sebastian Solberg:\u00a0<\/p>\n<p>  Forrige m\u00e5ned ble influenseren fraktet til sykehus med ambulanse. N\u00e5 deler han en oppdatering om helsen sin.\u00a0<\/p>\n<p>\n    HELSEOPPDATERING: Sebastian Solberg har kastet krykkene etter at han havnet i en \u00abufrivillig spagat\u00bb i november. Foto: Andreas Fadum\/Se og H\u00f8r\n  <\/p>\n<p>I november\u00a0<a href=\"https:\/\/www.seher.no\/kjendis\/startet-dagen-i-ambulanse\/83829703\" rel=\"nofollow noopener\" target=\"_blank\">endte influenser Sebastian Solberg (34) p\u00e5 sykehus<\/a>, etter\u00a0\u00e5 ha havnet i det han omtalte som en \u00abufrivillig spagat, hvor begge kn\u00e6rne ble vridd feil vei\u00bb. <\/p>\n<p>\u00abBegge sideleddb\u00e5nd har trolig r\u00f8ket\u00bb, skrev Solberg p\u00e5 Instagram, og delte at han var n\u00f8dt til \u00e5 avlyse b\u00e5de jobbreiser og jobboppdrag som f\u00f8lge av skaden.\u00a0<\/p>\n<p>    <a itemprop=\"url\" href=\"https:\/\/www.seher.no\/kjendis\/startet-dagen-i-ambulanse\/83829703\" rel=\"nofollow noopener\" target=\"_blank\"><\/p>\n<p>        <img loading=\"lazy\" decoding=\"async\" src=\"https:\/\/www.europesays.com\/no\/wp-content\/uploads\/2025\/12\/83829700.webp\" width=\"147\" height=\"98\" title=\"- Startet dagen i ambulanse\" alt=\"\" class=\"lazyload\" style=\"--aspect-ratio-image: 1.50; \"\/><\/p>\n<p>        &#8211; Startet dagen i ambulanse<\/p>\n<p>    <\/a><\/p>\n<p>Til Se og H\u00f8r fortalte Solberg at det kjipeste med det hele var at han ikke kunne henge med barna sine p\u00e5 noen dager.\u00a0<\/p>\n<p> &#8211;\u00a0 Jeg er sengeliggende og alle som har sm\u00e5barn vet at det ikke g\u00e5r, spesielt n\u00e5r man er alene. Men dette skal g\u00e5 bra, og det g\u00e5r over til slutt, sa firebarnsfaren.\u00a0<\/p>\n<p>        IKKE VENNER: Sebastian Solberg g\u00e5r hardt ut mot sine meddeltakere i den kommende sesongen av \u00abSpillet\u00bb. Influenseren r\u00f8per ogs\u00e5 hvorfor, like f\u00f8r \u00e9n av dem avbryter intervjuet med en uhyggelig beskjed. Reporter: Thea Hope. Video: Nora Skavhaug. \u00abSpillet\u00bb \/ TV2.<\/p>\n<p>Etter hendelsen har influenseren brukt b\u00e5de rullestol, krykker og skinner p\u00e5 beina, men da Se og H\u00f8r m\u00f8tte ham under <a href=\"https:\/\/www.seher.no\/kjendis\/tilbake-pa-skjermen\/83958214\" rel=\"nofollow noopener\" target=\"_blank\">TV 2s v\u00e5rslipp<\/a>, dukket han opp uten noen av delene.<\/p>\n<p class=\"font-weight-bold m-font-weight-bold\" data-lab-font_weight=\"font-weight-bold\">&#8211; Det g\u00e5r bra med meg. Jeg har sluttet med rullestol og krykker, forteller Solberg.\u00a0<\/p>\n<p>Influenseren sier at prosessen p\u00e5 \u00e5 komme seg p\u00e5 beina igjen har g\u00e5tt forholdsvis raskt &#8211;\u00a0 noe han takker PT&#8217;en sin for.\u00a0<\/p>\n<p>&#8211; Det er litt for kjapt, men jeg har en fantastisk PT som er streng og j\u00e6vlig, sier Solberg, f\u00f8r han fortsetter:\u00a0<\/p>\n<p class=\"font-weight-bold m-font-weight-bold\" data-lab-font_weight=\"font-weight-bold\">&#8211; Jeg liker ham egentlig ikke. Han gidder ikke noe bullshit. Jeg er vant til at folk ofte t\u00e5ler litt mye av meg, men han gidder ikke det.\u00a0<\/p>\n<p>        <img loading=\"lazy\" decoding=\"async\" src=\"https:\/\/www.europesays.com\/no\/wp-content\/uploads\/2025\/12\/83970015.webp\" width=\"686\" height=\"494\" title=\"V\u00c5RSLIPP: Tidligere denne uka ble casten til den nye sesongen av spillet sluppet. Blant deltakerne finner vi Sebastian Solberg. Foto: Shad Madian\/Se og H\u00f8r\" alt=\"\" class=\"\" style=\"--aspect-ratio-image: 1.39; \"\/><\/p>\n<p>\n        V\u00c5RSLIPP: Tidligere denne uka ble casten til den nye sesongen av spillet sluppet. Blant deltakerne finner vi Sebastian Solberg. Foto: Shad Madian\/Se og H\u00f8r\n    <\/p>\n<p data-lab-italic=\"italic\" class=\"italic m-italic\">&#8211; S\u00e5 det er han som har f\u00e5tt deg opp p\u00e5 beina igjen?<\/p>\n<p data-lab-italic=\"\" class=\"no_italic m-no_italic\"> &#8211; Ja! Han er dritflink. Jeg tror vi kommer til \u00e5 bli veldig gode venner med en gang jeg er ferdig med de kjedelige \u00f8velsene, og vi kan bli litt bedre kjent.\u00a0<\/p>\n<p>        <img loading=\"lazy\" decoding=\"async\" src=\"https:\/\/www.europesays.com\/no\/wp-content\/uploads\/2025\/12\/83969916.webp\" width=\"686\" height=\"981\" title=\"P\u00c5 KRYKKER: Sebastian Solberg med krykker og skinne p\u00e5 beinet under Tone Damlis 20 \u00e5rs jubileumsshow i slutten av november. Foto: Andreas Fadum\/Se og H\u00f8r\" alt=\"\" class=\"\" style=\"--aspect-ratio-image: 0.70; \"\/><\/p>\n<p>\n        P\u00c5 KRYKKER: Sebastian Solberg med krykker og skinne p\u00e5 beinet under Tone Damlis 20 \u00e5rs jubileumsshow i slutten av november. Foto: Andreas Fadum\/Se og H\u00f8r\n    <\/p>\n<p>Selv om influenseren dukket opp uten skinner p\u00e5 TV 2s v\u00e5rslipp, r\u00f8per han at de egentlig skulle v\u00e6rt p\u00e5.<\/p>\n<p>&#8211; Jeg skal egentlig g\u00e5 med skinner n\u00e5, men jeg har gjort et lite unntak for dagen i dag.\u00a0<\/p>\n<p>    <a itemprop=\"url\" href=\"https:\/\/www.seher.no\/kjendis\/disse-kjendisene-deltar\/83958316\" rel=\"nofollow noopener\" target=\"_blank\"><\/p>\n<p>        <img loading=\"lazy\" decoding=\"async\" src=\"https:\/\/www.europesays.com\/no\/wp-content\/uploads\/2025\/12\/1765472114_645_83956035.webp\" width=\"147\" height=\"98\" title=\"Disse kjendisene deltar\" alt=\"\" class=\"lazyload\" style=\"--aspect-ratio-image: 1.50; \"\/><\/p>\n<p>        Disse kjendisene deltar<\/p>\n<p>    <\/a><\/p>\n<p>Til v\u00e5ren blir Solberg \u00e5 se som deltaker i TV 2s seersuksess \u00abSpillet\u00bb, sammen med en rekke andre kjente fjes som<a href=\"https:\/\/www.seher.no\/kjendis\/disse-kjendisene-deltar\/83958316\" rel=\"nofollow noopener\" target=\"_blank\"> Aylar Lie (41) og Birgit Skarstein (36).\u00a0<\/a><\/p>\n","protected":false},"excerpt":{"rendered":"Sebastian Solberg:\u00a0 Forrige m\u00e5ned ble influenseren fraktet til sykehus med ambulanse. N\u00e5 deler han en oppdatering om helsen&hellip;\n","protected":false},"author":2,"featured_media":110552,"comment_status":"","ping_status":"","sticky":false,"template":"","format":"standard","meta":{"footnotes":""},"categories":[58],"tags":[71,5185,479,2543,30,28,29,774,2398,72],"class_list":{"0":"post-110551","1":"post","2":"type-post","3":"status-publish","4":"format-standard","5":"has-post-thumbnail","7":"category-underholdning","8":"tag-entertainment","9":"tag-helseoppdatering","10":"tag-kjendis","11":"tag-kjendisdesken","12":"tag-no","13":"tag-norge","14":"tag-norway","15":"tag-sebastian-solberg","16":"tag-spillet","17":"tag-underholdning"},"share_on_mastodon":{"url":"https:\/\/pubeurope.com\/@no\/115701987796776070","error":""},"_links":{"self":[{"href":"https:\/\/www.europesays.com\/no\/wp-json\/wp\/v2\/posts\/110551","targetHints":{"allow":["GET"]}}],"collection":[{"href":"https:\/\/www.europesays.com\/no\/wp-json\/wp\/v2\/posts"}],"about":[{"href":"https:\/\/www.europesays.com\/no\/wp-json\/wp\/v2\/types\/post"}],"author":[{"embeddable":true,"href":"https:\/\/www.europesays.com\/no\/wp-json\/wp\/v2\/users\/2"}],"replies":[{"embeddable":true,"href":"https:\/\/www.europesays.com\/no\/wp-json\/wp\/v2\/comments?post=110551"}],"version-history":[{"count":0,"href":"https:\/\/www.europesays.com\/no\/wp-json\/wp\/v2\/posts\/110551\/revisions"}],"wp:featuredmedia":[{"embeddable":true,"href":"https:\/\/www.europesays.com\/no\/wp-json\/wp\/v2\/media\/110552"}],"wp:attachment":[{"href":"https:\/\/www.europesays.com\/no\/wp-json\/wp\/v2\/media?parent=110551"}],"wp:term":[{"taxonomy":"category","embeddable":true,"href":"https:\/\/www.europesays.com\/no\/wp-json\/wp\/v2\/categories?post=110551"},{"taxonomy":"post_tag","embeddable":true,"href":"https:\/\/www.europesays.com\/no\/wp-json\/wp\/v2\/tags?post=110551"}],"curies":[{"name":"wp","href":"https:\/\/api.w.org\/{rel}","templated":true}]}}