{"id":110557,"date":"2025-12-11T17:04:22","date_gmt":"2025-12-11T17:04:22","guid":{"rendered":"https:\/\/www.europesays.com\/no\/110557\/"},"modified":"2025-12-11T17:04:22","modified_gmt":"2025-12-11T17:04:22","slug":"kultur-og-underholdning-paradise-hotel","status":"publish","type":"post","link":"https:\/\/www.europesays.com\/no\/110557\/","title":{"rendered":"Kultur og underholdning, Paradise Hotel"},"content":{"rendered":"\n<p><a href=\"https:\/\/www.nettavisen.no\/kjendis\/paradise-hotel-dette-er-deltakerne\/s\/5-95-2772441\" rel=\"Follow nofollow noopener\" target=\"_blank\">(Nettavisen):<\/a> For 18. gang \u00e5pner \u00abParadise Hotel\u00bb d\u00f8rene, og igjen er det Triana Iglesias (43) og Martine Lunde (29) som \u00f8nsker deltakerne velkommen til luksushotellet i Mexico.<\/p>\n<p>Gjennom ny\u00e5ret skal seerne f\u00f8lge parene i \u00e5tte uker, f\u00f8r det til slutt vil st\u00e5 to par i finalen. Viaplay lover en sesong som byr p\u00e5 fest, kj\u00e6rlighet, sjokkerende tvister og sterke f\u00f8lelser.<\/p>\n<p>  <a href=\"https:\/\/www.f-b.no\/5-59-3774396\" class=\"related-teaser has-image default-story-teaser article--c-eRUmMG article--c-eRUmMG-jKCPdD-design-default\" rel=\"nofollow noopener\" target=\"_blank\"><\/p>\n<p>    <img decoding=\"async\" loading=\"lazy\"  src=\"https:\/\/www.europesays.com\/no\/wp-content\/uploads\/2025\/12\/5_59_3351402+Staysman+++Spektrum+%2813+of+22%29.jpg\" alt=\"\" class=\"brick-c-cFOWSL\" style=\"\"\/><\/p>\n<p>\n            Les ogs\u00e5<\/p>\n<p>              Operaen neste for Staysman\n        <\/p>\n<p>  <\/a><\/p>\n<p>Og allerede fra start byr \u00abParadise Hotel\u00bb p\u00e5 flere kjente fjes \u2013 lillebroren til \u00abStaysman\u00bb, og en tidligere \u00abFarmen\u00bb-deltaker.<\/p>\n<p>Tobias Thorbj\u00f8rnsen (22) har f\u00e5tt mye oppmerksomhet det siste \u00e5ret som lillebroren til hele Norges Stian \u00abStaysman\u00bb Thorbj\u00f8rnsen (43). Denne h\u00f8sten var Tobias ogs\u00e5 \u00e5 se i <a href=\"https:\/\/www.f-b.no\/lillebroren-til-staysman-tobias-thorbjornsen-deltar-i-norges-toffeste\/s\/5-59-3636919\" rel=\"Follow nofollow noopener\" target=\"_blank\">NRK-programmet \u00abNorges t\u00f8ffeste\u00bb<\/a>.<\/p>\n<p>N\u00e5 er Thorbj\u00f8rnsen klar for \u00e5 sjekke inn p\u00e5 \u00abParadise Hotel\u00bb, TV-programmet som storebroren Stian <a href=\"https:\/\/www.f-b.no\/kultur\/nyheter\/tenkte-at-hun-matte-vare-gaern\/s\/2-2.952-1.7379718\" rel=\"Follow nofollow noopener\" target=\"_blank\">slo gjennom med i 2012<\/a>.<\/p>\n<p>   <img decoding=\"async\" width=\"6137\" height=\"3452\" fetchpriority=\"low\"  loading=\"lazy\"  src=\"https:\/\/www.europesays.com\/no\/wp-content\/uploads\/2025\/12\/Tobias+T+3.jpg\" alt=\"\" class=\"brick-c-cFOWSL\" style=\"--brick-image-ratio: 6137 \/ 3452;\"\/><\/p>\n<p>Under VG-lista i juni dukket Thorbj\u00f8rnsen opp p\u00e5 den r\u00f8de l\u00f8peren sammen med neste deltaker p\u00e5 listen \u2013 Tine Kornelia Kl\u00f8v (27).<\/p>\n<p>   <img decoding=\"async\" width=\"7784\" height=\"4379\" fetchpriority=\"low\"  loading=\"lazy\"  src=\"https:\/\/www.europesays.com\/no\/wp-content\/uploads\/2025\/12\/Tine+Kornelia2.jpg\" alt=\"\" class=\"brick-c-cFOWSL\" style=\"--brick-image-ratio: 7784 \/ 4379;\"\/><\/p>\n<p>De avsl\u00f8rte da at de hadde funnet tonen og blitt et par.<\/p>\n<p>Det er ikke f\u00f8rste gang Kl\u00f8v er \u00e5 se p\u00e5 TV-skjermen. I 2023 deltok hun i TV 2-programmet \u00abFarmen\u00bb.<\/p>\n<p>Den 18. sesongen av \u00abParadise Hotel\u00bb byr ogs\u00e5 p\u00e5 en ekte legende, nemlig Mayoo Indiran (35).<\/p>\n<p>Han deltok i programmet i 2016, og gikk raskt ned i norsk kulturhistorie da han kom med sitatet \u2013 \u00abLivet er et l\u00e6re, man m\u00e5 alltid l\u00e6re\u00bb.<\/p>\n<p>   <img decoding=\"async\" width=\"7008\" height=\"4672\" fetchpriority=\"low\"  loading=\"lazy\"  src=\"https:\/\/www.europesays.com\/no\/wp-content\/uploads\/2025\/12\/mayoo.JPG\" alt=\"\" class=\"brick-c-cFOWSL\" style=\"--brick-image-ratio: 7008 \/ 4672;\"\/><\/p>\n<p>Indiran har tidligere uttalt at \u00abParadise-Mayoo\u00bb er d\u00f8d, men n\u00e5 er han likevel klar for \u00e5 entre luksushotellet nok en gang.<\/p>\n<p>  <a href=\"https:\/\/www.f-b.no\/5-59-3230368\" class=\"related-teaser has-image default-gallery-teaser article--c-eRUmMG article--c-eRUmMG-jKCPdD-design-default\" rel=\"nofollow noopener\" target=\"_blank\"><\/p>\n<p>    <img decoding=\"async\" loading=\"lazy\"  src=\"https:\/\/www.europesays.com\/no\/wp-content\/uploads\/2025\/12\/Staysman_Spektrum_Folk+%2812+of+21%29.jpg\" alt=\"\" class=\"brick-c-cFOWSL\" style=\"\"\/><\/p>\n<p>\n            Bildeserie<\/p>\n<p>              Bildereportasje: Disse var p\u00e5 \u00abDen sjukaste festen\u00bb\n        <\/p>\n<p>  <\/a><br \/>\n  Dette er \u00e5rets deltakere:<\/p>\n<p><b>Eline Kink (28)<\/b><\/p>\n<p>   <img decoding=\"async\" width=\"6751\" height=\"3797\" fetchpriority=\"low\"  loading=\"lazy\"  src=\"https:\/\/www.europesays.com\/no\/wp-content\/uploads\/2025\/12\/Eline1.jpg\" alt=\"\" class=\"brick-c-cFOWSL\" style=\"--brick-image-ratio: 6751 \/ 3797;\"\/><\/p>\n<p><b>Almine Johansen (22) <\/b><\/p>\n<p>   <img decoding=\"async\" width=\"7305\" height=\"4109\" fetchpriority=\"low\"  loading=\"lazy\"  src=\"https:\/\/www.europesays.com\/no\/wp-content\/uploads\/2025\/12\/Almine.jpg\" alt=\"\" class=\"brick-c-cFOWSL\" style=\"--brick-image-ratio: 7305 \/ 4109;\"\/><\/p>\n<p><b>Emma M\u00f8llerud (22)<\/b><\/p>\n<p>   <img decoding=\"async\" width=\"6487\" height=\"3649\" fetchpriority=\"low\"  loading=\"lazy\"  src=\"https:\/\/www.europesays.com\/no\/wp-content\/uploads\/2025\/12\/Emma+M2.jpg\" alt=\"\" class=\"brick-c-cFOWSL\" style=\"--brick-image-ratio: 6487 \/ 3649;\"\/><\/p>\n<p><b>Gina Nikita S\u00f8bstad (25) <\/b><\/p>\n<p>   <img decoding=\"async\" width=\"7064\" height=\"4712\" fetchpriority=\"low\"  loading=\"lazy\"  src=\"https:\/\/www.europesays.com\/no\/wp-content\/uploads\/2025\/12\/Gina.jpg\" alt=\"\" class=\"brick-c-cFOWSL\" style=\"--brick-image-ratio: 7064 \/ 4712;\"\/><\/p>\n<p><b>Victoria Henriksen Stabel (24) <\/b><\/p>\n<p>   <img decoding=\"async\" width=\"7847\" height=\"4414\" fetchpriority=\"low\"  loading=\"lazy\"  src=\"https:\/\/www.europesays.com\/no\/wp-content\/uploads\/2025\/12\/Victoria2.jpg\" alt=\"\" class=\"brick-c-cFOWSL\" style=\"--brick-image-ratio: 7847 \/ 4414;\"\/><\/p>\n<p><b>Mona Morsi (27) <\/b><\/p>\n<p>   <img decoding=\"async\" width=\"6004\" height=\"3377\" fetchpriority=\"low\"  loading=\"lazy\"  src=\"https:\/\/www.europesays.com\/no\/wp-content\/uploads\/2025\/12\/Mona.jpg\" alt=\"\" class=\"brick-c-cFOWSL\" style=\"--brick-image-ratio: 6004 \/ 3377;\"\/><\/p>\n<p><b>Tobias Hatleskog (22) <\/b><\/p>\n<p>   <img decoding=\"async\" width=\"5837\" height=\"3283\" fetchpriority=\"low\"  loading=\"lazy\"  src=\"https:\/\/www.europesays.com\/no\/wp-content\/uploads\/2025\/12\/Tobias+H.jpg\" alt=\"\" class=\"brick-c-cFOWSL\" style=\"--brick-image-ratio: 5837 \/ 3283;\"\/><\/p>\n<p><b>Kristoffer Berg Lund (27) <\/b><\/p>\n<p>   <img decoding=\"async\" width=\"6891\" height=\"4596\" fetchpriority=\"low\"  loading=\"lazy\"  src=\"https:\/\/www.europesays.com\/no\/wp-content\/uploads\/2025\/12\/Kristoffer+2.jpg\" alt=\"\" class=\"brick-c-cFOWSL\" style=\"--brick-image-ratio: 6891 \/ 4596;\"\/><\/p>\n<p><b>Emil Seljeseth (22)<\/b><\/p>\n<p>   <img decoding=\"async\" width=\"4740\" height=\"2666\" fetchpriority=\"low\"  loading=\"lazy\"  src=\"https:\/\/www.europesays.com\/no\/wp-content\/uploads\/2025\/12\/Emil+3.jpg\" alt=\"\" class=\"brick-c-cFOWSL\" style=\"--brick-image-ratio: 4740 \/ 2666;\"\/><\/p>\n<p><b>Emre Gounez-Duvarci (25)<\/b><\/p>\n<p>   <img decoding=\"async\" width=\"5339\" height=\"3003\" fetchpriority=\"low\"  loading=\"lazy\"  src=\"https:\/\/www.europesays.com\/no\/wp-content\/uploads\/2025\/12\/Emre+1.jpg\" alt=\"\" class=\"brick-c-cFOWSL\" style=\"--brick-image-ratio: 5339 \/ 3003;\"\/><\/p>\n<p><b>Alhaji Kebbah Faye (25) <\/b><\/p>\n<p>   <img decoding=\"async\" width=\"7523\" height=\"4232\" fetchpriority=\"low\"  loading=\"lazy\"  src=\"https:\/\/www.europesays.com\/no\/wp-content\/uploads\/2025\/12\/Alhaji+2.jpg\" alt=\"\" class=\"brick-c-cFOWSL\" style=\"--brick-image-ratio: 7523 \/ 4232;\"\/><\/p>\n<p><b>Sesong 18 av \u00abParadise Hotel\u00bb har premiere mandag 12. januar 2026. <\/b><\/p>\n","protected":false},"excerpt":{"rendered":"(Nettavisen): For 18. gang \u00e5pner \u00abParadise Hotel\u00bb d\u00f8rene, og igjen er det Triana Iglesias (43) og Martine Lunde&hellip;\n","protected":false},"author":2,"featured_media":110194,"comment_status":"","ping_status":"","sticky":false,"template":"","format":"standard","meta":{"footnotes":""},"categories":[58],"tags":[36,71,13599,955,116,30,28,29,2667,1510,207,72],"class_list":{"0":"post-110557","1":"post","2":"type-post","3":"status-publish","4":"format-standard","5":"has-post-thumbnail","7":"category-underholdning","8":"tag-art","9":"tag-entertainment","10":"tag-gressvik","11":"tag-kultur-og-underholdning","12":"tag-moss","13":"tag-no","14":"tag-norge","15":"tag-norway","16":"tag-paradise-hotel","17":"tag-story","18":"tag-tv","19":"tag-underholdning"},"share_on_mastodon":{"url":"https:\/\/pubeurope.com\/@no\/115702023486640422","error":""},"_links":{"self":[{"href":"https:\/\/www.europesays.com\/no\/wp-json\/wp\/v2\/posts\/110557","targetHints":{"allow":["GET"]}}],"collection":[{"href":"https:\/\/www.europesays.com\/no\/wp-json\/wp\/v2\/posts"}],"about":[{"href":"https:\/\/www.europesays.com\/no\/wp-json\/wp\/v2\/types\/post"}],"author":[{"embeddable":true,"href":"https:\/\/www.europesays.com\/no\/wp-json\/wp\/v2\/users\/2"}],"replies":[{"embeddable":true,"href":"https:\/\/www.europesays.com\/no\/wp-json\/wp\/v2\/comments?post=110557"}],"version-history":[{"count":0,"href":"https:\/\/www.europesays.com\/no\/wp-json\/wp\/v2\/posts\/110557\/revisions"}],"wp:featuredmedia":[{"embeddable":true,"href":"https:\/\/www.europesays.com\/no\/wp-json\/wp\/v2\/media\/110194"}],"wp:attachment":[{"href":"https:\/\/www.europesays.com\/no\/wp-json\/wp\/v2\/media?parent=110557"}],"wp:term":[{"taxonomy":"category","embeddable":true,"href":"https:\/\/www.europesays.com\/no\/wp-json\/wp\/v2\/categories?post=110557"},{"taxonomy":"post_tag","embeddable":true,"href":"https:\/\/www.europesays.com\/no\/wp-json\/wp\/v2\/tags?post=110557"}],"curies":[{"name":"wp","href":"https:\/\/api.w.org\/{rel}","templated":true}]}}