{"id":110566,"date":"2025-12-11T17:14:35","date_gmt":"2025-12-11T17:14:35","guid":{"rendered":"https:\/\/www.europesays.com\/no\/110566\/"},"modified":"2025-12-11T17:14:35","modified_gmt":"2025-12-11T17:14:35","slug":"ukraina-stotten-oker-i-omfang-og-kompleksitet-na-far-frode-staurset-ny-stilling","status":"publish","type":"post","link":"https:\/\/www.europesays.com\/no\/110566\/","title":{"rendered":"Ukraina-st\u00f8tten \u00f8ker i omfang og kompleksitet \u2013\u00a0n\u00e5 f\u00e5r Frode Staurset ny stilling"},"content":{"rendered":"<p class=\"kicker color_mobile_no_bg_color quaternary color_mobile_quaternary align-left mobile_text_align_align-left text-case-transform-upper mobile-hasTextPadding\" style=\"\">Nytt om navn<\/p>\n<p>    Frode Staurset har g\u00e5tt inn i nyopprettet prosjektstilling i operasjon Ellisiv ved FOH.<\/p>\n<p>\n        NY STILLING: Kommand\u00f8r Frode Erling Staurset begynte i ny prosjektstilling i Forsvarets operative hovedkvarter 1. oktober. Her fotografert under oppstilling p\u00e5 rekruttskolen p\u00e5 KNM Harald Haarfagre i Madla leir 2024.<br \/>\n        Foto: Torbj\u00f8rn Kjosvold, Forsvaret\n    <\/p>\n<p>        ny jobb?<\/p>\n<p>Har du eller noen du kjenner f\u00e5tt ny jobb? Da vil vi gjerne at du skriver et par linjer om vedkommende og jobben, samt legger ved et bilde i breddeformat, og sender til\u00a0<\/p>\n<p><a href=\"https:\/\/www.forsvaretsforum.no\/bodo-forsvarets-operative-hovedkvarter-operasjon-ellisiv\/vi-skal-bruke-laerdom-fra-ukraina-i-vart-operasjonelle-virke\/mailto:tips@fofo.no\" target=\"_blank\" rel=\"nofollow noopener\">tips@fofo.no<\/a><\/p>\n<p>Merk gjerne emnefeltet med \u00abNytt om navn\u00bb<\/p>\n<p>\u2013 Den gjengen jeg har med meg er ekstremt flinke, de fleste i Ellisiv\u00a0ved FOH har holdt p\u00e5 lengre enn meg med dette viktige arbeidet. Men min jobb er \u00e5 ta det ett steg videre: Vi skal l\u00e6re av Ukraina og bruke\u00a0l\u00e6rdommen i en fellesoperativ ramme, samtidig som vi fortsatt skal holde trykket p\u00e5 trening og donasjoner.<\/p>\n<p>Det forteller Frode Staurset (57) p\u00e5 telefon fra Bod\u00f8, der han begynte i ny stilling ved Forsvarets operative hovedkvarter (FOH)\u00a01. oktober.\u00a0<\/p>\n<p>Da gikk Staurset, som har v\u00e6rt tilknyttet FOH i flere perioder siden 2010, fra stillingen som sjef for operativ lederst\u00f8tte (J1)\/personalsjef ved FOH, til en nyopprettet prosjektstilling som sjef for operasjon Ellisiv.<\/p>\n<p>\u00d8ker i omfang<\/p>\n<p>Bakgrunnen for opprettelsen av stillingen er at Forsvarets st\u00f8tte til Ukraina stadig \u00f8ker i omfang og kompleksitet.<\/p>\n<p>Stillingen skal i utgangspunktet vare til 31. desember 2027 og inng\u00e5r i Forsvarets operative hovedkvarters allerede etablerte Ellisiv prosjektorganisasjon, og er finansiert over Nansen-programmet.<\/p>\n<p>Forsvarets operative hovedkvarter er bindeleddet mellom Forsvarsstaben som utgj\u00f8r den strategiske delen av Forsvaret, og styrkegrenene som utgj\u00f8r de taktiske delene av Forsvaret.\u00a0<\/p>\n<p>\u2013 For FOH vil det v\u00e6re viktig \u00e5 intensivere arbeidet med \u00e5 f\u00e5 alle til \u00e5 trekke i samme retning slik at vi oppn\u00e5r gode synergier i v\u00e5r st\u00f8tte til Ukraina, sier Staurset.<\/p>\n<p>        <a itemprop=\"url\" class=\"\" href=\"https:\/\/www.forsvaretsforum.no\/europa-forsvar-forsvaret\/var-kaotiske-verden\/396721\" data-k5a-url=\"https:\/\/www.forsvaretsforum.no\/a\/396721\" rel=\"nofollow noopener\" target=\"_blank\"><\/p>\n<p>\nMeninger\n<\/p>\n<p>            Kriger er meningsl\u00f8se hvis de ikke leder til en bedre fred<\/p>\n<p>        <\/a><\/p>\n<p>Erfaringsh\u00e5ndtering blir en sv\u00e6rt viktig del av jobben.\u00a0Alle som deltar i Ellisiv h\u00f8sten sine egne erfaringer. FOH m\u00e5 s\u00f8rge for at dette deles og at vi i fellesskap l\u00e6rer.<\/p>\n<p>I operasjon Ellisiv er en av FOH sine hovedoppgaver og vurdere materiell som skal doneres til Ukraina.<\/p>\n<p>\u2013 Tidlig i Ellisiv-operasjonen var det mye donasjoner og gaver til Ukraina.\u00a0Dette arbeidet var veldig logistikk-tungt. Det har utviklet seg over tid. N\u00e5 er i langt st\u00f8rre grad ogs\u00e5 \u00f8ving, trening og erfaringsh\u00e5ndtering en del av bildet.\u00a0Det betyr at en st\u00f8rre del av FOH m\u00e5 og skal involvere seg i arbeidet med Ellisiv, sier han.<\/p>\n<p>Derfor \u00f8nsket FOH en ny kommand\u00f8rstilling ved FOH.<\/p>\n<p>Lederskap og logistikk<\/p>\n<p>Lederskap og logistikk preger CV-en til Staurset. Hans kunnskap om hovedkvarteret og prosessene i Forsvaret, hvor han har jobbet i alle niv\u00e5er, kommer ogs\u00e5 godt med i stillingen, mener han.<\/p>\n<p>\u2013 Min rolle er \u00e5 bidra til at hovedkvarteret evner \u00e5 koble seg p\u00e5 de forskjellige prosessene som foreg\u00e5r: trening, donasjoner og erfaringsh\u00e5ndtering, sier Staurset.<\/p>\n<p>I snart 26 \u00e5r har Staurset pendlet til alle tjenestestedene sine. Bosatt i nord er pendlerveien til Bod\u00f8 kortere enn til Madla, der han arbeidet som sjef frem til 2024.\u00a0<\/p>\n<p>Staurset har ogs\u00e5 erfaringer fra internasjonale operasjoner i Sudan og Afghanistan.<\/p>\n<p>\u2013 \u00c5 klare \u00e5 levere gode tjenester i krevende omr\u00e5der,\u00a0er noe jeg\u00a0er\u00a0forn\u00f8yd med \u00e5 ha f\u00e5tt til. Den forst\u00e5elsen kommer godt med n\u00e5r det gjelder\u00a0\u00e5 forst\u00e5 hva som foreg\u00e5r i Ukraina.\u00a0Hvis vi ikke lykkes med det vi gj\u00f8r i operasjon Ellisiv, kan det f\u00e5 fatale konsekvenser for ukrainerne.\u00a0<\/p>\n<p>Derfor mener Staurset det er ekstremt viktig at de leverer kvalitet og er effektive i jobben de gj\u00f8r.\u00a0<\/p>\n<p>\u2013 Det er ekstremt meningsfullt \u00e5 ha en jobb som bidrar direkte til overlevelse, sier han.<\/p>\n","protected":false},"excerpt":{"rendered":"Nytt om navn Frode Staurset har g\u00e5tt inn i nyopprettet prosjektstilling i operasjon Ellisiv ved FOH. NY STILLING:&hellip;\n","protected":false},"author":2,"featured_media":110567,"comment_status":"","ping_status":"","sticky":false,"template":"","format":"standard","meta":{"footnotes":""},"categories":[12],"tags":[20,21,24,25,15,22,23,13,30,28,29,14,16,26,27,42,43,44,45],"class_list":{"0":"post-110566","1":"post","2":"type-post","3":"status-publish","4":"format-standard","5":"has-post-thumbnail","7":"category-verden","8":"tag-breaking-news","9":"tag-breakingnews","10":"tag-featured-news","11":"tag-featurednews","12":"tag-headlines","13":"tag-latest-news","14":"tag-latestnews","15":"tag-news","16":"tag-no","17":"tag-norge","18":"tag-norway","19":"tag-nyheter","20":"tag-overskrifter","21":"tag-top-stories","22":"tag-topstories","23":"tag-verden","24":"tag-world","25":"tag-world-news","26":"tag-worldnews"},"share_on_mastodon":{"url":"https:\/\/pubeurope.com\/@no\/115702062359365142","error":""},"_links":{"self":[{"href":"https:\/\/www.europesays.com\/no\/wp-json\/wp\/v2\/posts\/110566","targetHints":{"allow":["GET"]}}],"collection":[{"href":"https:\/\/www.europesays.com\/no\/wp-json\/wp\/v2\/posts"}],"about":[{"href":"https:\/\/www.europesays.com\/no\/wp-json\/wp\/v2\/types\/post"}],"author":[{"embeddable":true,"href":"https:\/\/www.europesays.com\/no\/wp-json\/wp\/v2\/users\/2"}],"replies":[{"embeddable":true,"href":"https:\/\/www.europesays.com\/no\/wp-json\/wp\/v2\/comments?post=110566"}],"version-history":[{"count":0,"href":"https:\/\/www.europesays.com\/no\/wp-json\/wp\/v2\/posts\/110566\/revisions"}],"wp:featuredmedia":[{"embeddable":true,"href":"https:\/\/www.europesays.com\/no\/wp-json\/wp\/v2\/media\/110567"}],"wp:attachment":[{"href":"https:\/\/www.europesays.com\/no\/wp-json\/wp\/v2\/media?parent=110566"}],"wp:term":[{"taxonomy":"category","embeddable":true,"href":"https:\/\/www.europesays.com\/no\/wp-json\/wp\/v2\/categories?post=110566"},{"taxonomy":"post_tag","embeddable":true,"href":"https:\/\/www.europesays.com\/no\/wp-json\/wp\/v2\/tags?post=110566"}],"curies":[{"name":"wp","href":"https:\/\/api.w.org\/{rel}","templated":true}]}}