{"id":110590,"date":"2025-12-11T17:56:11","date_gmt":"2025-12-11T17:56:11","guid":{"rendered":"https:\/\/www.europesays.com\/no\/110590\/"},"modified":"2025-12-11T17:56:11","modified_gmt":"2025-12-11T17:56:11","slug":"skattelister-leger-altfor-mange-leger-pa-lista-i-tromso","status":"publish","type":"post","link":"https:\/\/www.europesays.com\/no\/110590\/","title":{"rendered":"Skattelister, Leger | Altfor mange leger p\u00e5 lista i Troms\u00f8"},"content":{"rendered":"\n<p>De fleste av oss har trolig sett fastlegen p\u00e5 en av disse listene. De er selvstendig n\u00e6ringsdrivende.<\/p>\n<p>I tillegg er mange av spesialistene p\u00e5 UNN godt representert p\u00e5 byens inntektstopp for 2024. En del av dem f\u00e5r l\u00f8nn utelukkende fra staten. En del kombinerer full stilling p\u00e5 sykehuset med privatvakter. <\/p>\n<p>F\u00e5 av legene i Troms\u00f8 topper inntektslistene fordi de er gr\u00fcndere eller har en innovasjonsbedrift.<\/p>\n<p>F\u00e5 av legene i Troms\u00f8 har store formuer som f\u00f8lge av arv. Det er ikke mange av disse som topper de nasjonale tallene for leger i Norge. <\/p>\n<p>Topp ti lista der domineres av leger i Oslo, B\u00e6rum, og noen f\u00e5 i Trondheim. Og en fra Moss, den etterhvert godt kjente eieren av Spesialistlegene AS, Miriam Angell som har tjent seg rik p\u00e5 fristbruddene i Helse Nord.<\/p>\n<p>Den saken er under etterforskning, men en betydelig andel av Angells inntekter er egentlig offentlige overf\u00f8ringer. Flere av de superrike legene i Norge har ogs\u00e5 store personlige formuer, som f\u00f8lge av arv og investeringer. <\/p>\n<p>Det er lite av slikt i Troms\u00f8.<\/p>\n<p>Kort sagt: Troms\u00f8legene er ikke overm\u00e5te rike m\u00e5lt opp mot sine kolleger i Oslo og Moss. De er ikke storinvestorer med store formuer. <\/p>\n<p>Men de tar god plass p\u00e5 skattetoppen i nord.<\/p>\n<p><b>Det er selvsagt uproblematisk at folk l\u00f8nnes etter turnusbelastning, arbeidsbelastning, ansvar og utdanning. Men det er et symptom p\u00e5 en investeringsfattig landsdel, at en stor andel av de best l\u00f8nnede iblant oss er leger, som henter sine inntekter fra det offentlige. <\/b><\/p>\n<p>Det er et symptom p\u00e5 at den tilgjengelige kapitalen, og risikoen for investeringer i landsdelen, er liten. <\/p>\n<p>Det er noen f\u00e5 eiendomseiere og investorer som topper disse listene \u00e5r etter \u00e5r i nord. Og noen ytterst f\u00e5 gr\u00fcndere og innovatorer. Det er foruroligende. Det burde v\u00e6re betydelig flere. <\/p>\n<p>Naturressursene og de krevende og interessante mulighetene for utvikling i innovasjon finnes i aller h\u00f8yeste grad nordp\u00e5. <\/p>\n<p>Vi kan ikke leve av \u00e5 klippe h\u00e5ret til hverandre, brukte man \u00e5 si om n\u00e6ringsutvikling i nord.<\/p>\n<p>Vi kan heller ikke leve av \u00e5 behandle hverandres vondter. <\/p>\n<p>Det er ikke b\u00e6rekraftig.<\/p>\n<p><b>Det er vel unnet at helsepersonell blir godt betalt, ogs\u00e5 i nord. Men det f\u00e5r ikke opp innovasjonstakten i landsdelen. <\/b><\/p>\n","protected":false},"excerpt":{"rendered":"De fleste av oss har trolig sett fastlegen p\u00e5 en av disse listene. De er selvstendig n\u00e6ringsdrivende. I&hellip;\n","protected":false},"author":2,"featured_media":110591,"comment_status":"","ping_status":"","sticky":false,"template":"","format":"standard","meta":{"footnotes":""},"categories":[10],"tags":[36,20,21,24,25,15,22,23,246,13600,62,13,30,28,29,14,1533,16,12944,26,27,263],"class_list":{"0":"post-110590","1":"post","2":"type-post","3":"status-publish","4":"format-standard","5":"has-post-thumbnail","7":"category-norge","8":"tag-art","9":"tag-breaking-news","10":"tag-breakingnews","11":"tag-featured-news","12":"tag-featurednews","13":"tag-headlines","14":"tag-latest-news","15":"tag-latestnews","16":"tag-leder","17":"tag-leger","18":"tag-naeringsliv","19":"tag-news","20":"tag-no","21":"tag-norge","22":"tag-norway","23":"tag-nyheter","24":"tag-opinion","25":"tag-overskrifter","26":"tag-skattelister","27":"tag-top-stories","28":"tag-topstories","29":"tag-tromso"},"share_on_mastodon":{"url":"https:\/\/pubeurope.com\/@no\/115702227519163092","error":""},"_links":{"self":[{"href":"https:\/\/www.europesays.com\/no\/wp-json\/wp\/v2\/posts\/110590","targetHints":{"allow":["GET"]}}],"collection":[{"href":"https:\/\/www.europesays.com\/no\/wp-json\/wp\/v2\/posts"}],"about":[{"href":"https:\/\/www.europesays.com\/no\/wp-json\/wp\/v2\/types\/post"}],"author":[{"embeddable":true,"href":"https:\/\/www.europesays.com\/no\/wp-json\/wp\/v2\/users\/2"}],"replies":[{"embeddable":true,"href":"https:\/\/www.europesays.com\/no\/wp-json\/wp\/v2\/comments?post=110590"}],"version-history":[{"count":0,"href":"https:\/\/www.europesays.com\/no\/wp-json\/wp\/v2\/posts\/110590\/revisions"}],"wp:featuredmedia":[{"embeddable":true,"href":"https:\/\/www.europesays.com\/no\/wp-json\/wp\/v2\/media\/110591"}],"wp:attachment":[{"href":"https:\/\/www.europesays.com\/no\/wp-json\/wp\/v2\/media?parent=110590"}],"wp:term":[{"taxonomy":"category","embeddable":true,"href":"https:\/\/www.europesays.com\/no\/wp-json\/wp\/v2\/categories?post=110590"},{"taxonomy":"post_tag","embeddable":true,"href":"https:\/\/www.europesays.com\/no\/wp-json\/wp\/v2\/tags?post=110590"}],"curies":[{"name":"wp","href":"https:\/\/api.w.org\/{rel}","templated":true}]}}