{"id":110612,"date":"2025-12-11T18:27:17","date_gmt":"2025-12-11T18:27:17","guid":{"rendered":"https:\/\/www.europesays.com\/no\/110612\/"},"modified":"2025-12-11T18:27:17","modified_gmt":"2025-12-11T18:27:17","slug":"sport-beitstad-theodor-13-har-signert-for-rosenborg-det-er-stort","status":"publish","type":"post","link":"https:\/\/www.europesays.com\/no\/110612\/","title":{"rendered":"Sport, Beitstad | Theodor (13) har signert for Rosenborg: \u2013 Det er stort"},"content":{"rendered":"\n<p>\u2013 Utrolig artig \u00e5 signere. Det er stort \u00e5 bli Rosenborg-spiller, sier Theodor Kvernland Aasheim til Steinkjer-Avisa torsdag ettermiddag.<\/p>\n<p>I 15-tiden troppet unggutten fra Beitstad opp p\u00e5 Brakka p\u00e5 Lerkendal i Trondheim \u2013 for \u00e5 signere kontrakt med Tr\u00f8ndelags fotballstorhet, Rosenborg.<\/p>\n<p>En signering og en handshake med akademileder Christer Basma senere, s\u00e5 var 13 \u00e5r gamle Kvernland Aasheim offisielt en del av spillerstallen i Rosenborg G15.<\/p>\n<p>\u2013 Det kjennes veldig bra ut, sier Theodor om overgangen.<\/p>\n<p>   <img decoding=\"async\" width=\"1024\" height=\"856\" fetchpriority=\"low\"  loading=\"lazy\"  src=\"https:\/\/www.europesays.com\/no\/wp-content\/uploads\/2025\/12\/FullSizeR1.JPG\" alt=\"\" class=\"brick-c-cFOWSL\" style=\"--brick-image-ratio: 1024 \/ 856;\"\/><\/p>\n<p>      BRAKKA: 13-\u00e5ringen m\u00f8tte p\u00e5 Brakka for signering med akademileder Christer Basma<br \/>\n      Foto: Privat\n    <\/p>\n<p>  Kjent med laget<\/p>\n<p>13-\u00e5ringen \u2013 som fram til n\u00e5 har spilt p\u00e5 Egge\/Beitstads G13-lag \u2013 har hospitert hos Rosenborg siden sommeren. Han g\u00e5r til Trondheims-klubben med motivasjonen p\u00e5 topp.<\/p>\n<p>\u2013 Jeg blir en del av et bra milj\u00f8, som jeg kjenner fra f\u00f8r, sier Kvernland Aasheim. I sommer ble han og Egge\/Beitstad-laget kretsmestere.<\/p>\n<p>\u2013 Rosenborg-akademiet er den beste utviklingsarenaen i distriktet. Vi tror dette blir veldig bra, skyter far Morten Aasheim inn om s\u00f8nnens overgang.<\/p>\n<p>   <img decoding=\"async\" width=\"1170\" height=\"1552\" fetchpriority=\"low\"  loading=\"lazy\"  src=\"https:\/\/www.europesays.com\/no\/wp-content\/uploads\/2025\/12\/IMG_22541.JPG\" alt=\"\" class=\"brick-c-cFOWSL\" style=\"--brick-image-ratio: 1170 \/ 1552;\"\/><\/p>\n<p>      MOTIVERT: Her st\u00e5r Theodor med pokalen etter \u00e5 ha vunnet Kretsmesterskapet for G13-lag i sommer.<br \/>\n      Foto: Privat\n    <\/p>\n<p>  Lerkendal er m\u00e5let<\/p>\n<p>N\u00e5 blir det en rekke turer til Trondheim i tiden fremover for Theodor. Og da settes hele familiebedriften i aksjon.<\/p>\n<p>\u2013 Kj\u00f8ringa skal g\u00e5 ganske bra. Jeg er heldig som har besteforeldre som ogs\u00e5 hjelper til med \u00e5 kj\u00f8re meg til Trondheim, sier 13-\u00e5ringen \u2013 som regner med det blir noen lange kvelder med lekselesing i bil p\u00e5 E6 mellom Beitstad og Trondheim.<\/p>\n<p>P\u00e5 sp\u00f8rsm\u00e5l om hva som er hans store m\u00e5l i fotballen, svarer Theodor kontant:<\/p>\n<p>\u2013 Det store m\u00e5let er \u00e5 spille fotball p\u00e5 Lerkendal, sl\u00e5r beist\u00f8ingen som fyller 14 \u00e5r i april fast overfor lokalavisa.<\/p>\n<p>Beitstad fotballklubb skryter av unggutten p\u00e5 sin Facebook-side, og \u00f8nsker han lykke til;<\/p>\n<p>\u2013 Gratulerer s\u00e5 mye til Theodor Kvernland Aasheim som melder overgang til Rosenborg og blir en del av RBK-akademiet. Vi \u00f8nsker deg masse lykke til og gleder oss til \u00e5 f\u00f8lge utviklingen!, skriver klubben.<\/p>\n","protected":false},"excerpt":{"rendered":"\u2013 Utrolig artig \u00e5 signere. Det er stort \u00e5 bli Rosenborg-spiller, sier Theodor Kvernland Aasheim til Steinkjer-Avisa torsdag&hellip;\n","protected":false},"author":2,"featured_media":110613,"comment_status":"","ping_status":"","sticky":false,"template":"","format":"standard","meta":{"footnotes":""},"categories":[59],"tags":[36,13601,30,28,29,1540,83,82,1510],"class_list":{"0":"post-110612","1":"post","2":"type-post","3":"status-publish","4":"format-standard","5":"has-post-thumbnail","7":"category-sport","8":"tag-art","9":"tag-beitstad","10":"tag-no","11":"tag-norge","12":"tag-norway","13":"tag-rosenborg","14":"tag-sport","15":"tag-sports","16":"tag-story"},"share_on_mastodon":{"url":"https:\/\/pubeurope.com\/@no\/115702349748541103","error":""},"_links":{"self":[{"href":"https:\/\/www.europesays.com\/no\/wp-json\/wp\/v2\/posts\/110612","targetHints":{"allow":["GET"]}}],"collection":[{"href":"https:\/\/www.europesays.com\/no\/wp-json\/wp\/v2\/posts"}],"about":[{"href":"https:\/\/www.europesays.com\/no\/wp-json\/wp\/v2\/types\/post"}],"author":[{"embeddable":true,"href":"https:\/\/www.europesays.com\/no\/wp-json\/wp\/v2\/users\/2"}],"replies":[{"embeddable":true,"href":"https:\/\/www.europesays.com\/no\/wp-json\/wp\/v2\/comments?post=110612"}],"version-history":[{"count":0,"href":"https:\/\/www.europesays.com\/no\/wp-json\/wp\/v2\/posts\/110612\/revisions"}],"wp:featuredmedia":[{"embeddable":true,"href":"https:\/\/www.europesays.com\/no\/wp-json\/wp\/v2\/media\/110613"}],"wp:attachment":[{"href":"https:\/\/www.europesays.com\/no\/wp-json\/wp\/v2\/media?parent=110612"}],"wp:term":[{"taxonomy":"category","embeddable":true,"href":"https:\/\/www.europesays.com\/no\/wp-json\/wp\/v2\/categories?post=110612"},{"taxonomy":"post_tag","embeddable":true,"href":"https:\/\/www.europesays.com\/no\/wp-json\/wp\/v2\/tags?post=110612"}],"curies":[{"name":"wp","href":"https:\/\/api.w.org\/{rel}","templated":true}]}}