{"id":110621,"date":"2025-12-11T18:48:17","date_gmt":"2025-12-11T18:48:17","guid":{"rendered":"https:\/\/www.europesays.com\/no\/110621\/"},"modified":"2025-12-11T18:48:17","modified_gmt":"2025-12-11T18:48:17","slug":"fotball-bryne-fk-se-hvilke-11-bryne-starter-med-i-skjebnekampen","status":"publish","type":"post","link":"https:\/\/www.europesays.com\/no\/110621\/","title":{"rendered":"Fotball, Bryne FK | Se hvilke 11 Bryne starter med i skjebnekampen"},"content":{"rendered":"\n<p>Utgangspunktet er ikke det beste for Kevin Knappens menn. Bryne tapte den f\u00f8rste kvalifiseringskampen mot Aalesunds FK med 0-4. Bryne m\u00e5 alts\u00e5 vinne med fire m\u00e5l i \u00c5lesund for \u00e5 f\u00e5 ekstraomganger, og med fem m\u00e5l eller p\u00e5 straffesparkkonkurranse for \u00e5 beholde plassen i eliteserien.<\/p>\n<p>Til denne uhyre vanskelige kampen har trener Knappen selvsagt tatt ut 11 mann. Den store overraskelsen er at spissene Duarte Moreira og Sanel Bojadzic er plassert p\u00e5 benken, sammen med blant andre Magnus Retsius Gr\u00f8dem. Ungguttene Patrick Wik og Kristian Skurve H\u00e5land spiller fra start i en 3-5-2-formasjon.<\/p>\n<p><b>Brynes lag: <\/b>Jan de Boer &#8211; Jacob Haahr Steffensen, Patrick Wik, Andreas Skovgaard &#8211; Jesper Gregersen, Heine \u00c5sen Larsen, Lars Erik S\u00f8dal, Rasmus Thellufsen, Eirik Saunes &#8211; Alfred Scriven, Kristian Skurve H\u00e5land.<\/p>\n<p>Innbyttere: Igor Spiridonov, Christian Landu-Landu, Martin \u00c5mot Lye, Magnus Retsius Gr\u00f8dem, Jaran Eike \u00d8strem, Duarte Moreira og Sanel Bojadzic.<\/p>\n<p>   <img decoding=\"async\" width=\"6934\" height=\"4495\" fetchpriority=\"low\"  loading=\"lazy\"  src=\"https:\/\/www.europesays.com\/no\/wp-content\/uploads\/2025\/12\/Vc2ADhdkX4E+2.jpg\" alt=\"\" class=\"brick-c-cFOWSL\" style=\"--brick-image-ratio: 6934 \/ 4495;\"\/><\/p>\n<p>      Heine \u00c5sen Larsen i aksjon for Bryne mot Aalesunds FK i 0-4-kampen p\u00e5 Bryne stadion for fire dager siden. Han er en av de 11 som starter for Bryne i \u00c5lesund torsdag kveld.<br \/>\n      Foto: Carina Johansen\/NTB\n    <\/p>\n<p>  <a href=\"https:\/\/www.jbl.no\/5-103-1224262\" class=\"related-teaser has-image default-story-teaser article--c-eRUmMG article--c-eRUmMG-jKCPdD-design-default\" rel=\"nofollow noopener\" target=\"_blank\"><\/p>\n<p>    <img decoding=\"async\" loading=\"lazy\"  src=\"https:\/\/www.europesays.com\/no\/wp-content\/uploads\/2025\/12\/DSC07952.JPG\" alt=\"\" class=\"brick-c-cFOWSL\" style=\"\"\/><\/p>\n<p>\n            Les ogs\u00e5<\/p>\n<p>              M\u00e5 trolig redusere med mange millioner: \u2013 Vi skal uansett oppgradere\n        <\/p>\n<p>  <\/a><\/p>\n<p>    Vil du se neste video?<\/p>\n<p>    <a href=\"https:\/\/www.jbl.no\/ingvar-kjell-blir-overraska-med-jarbladets-fenalar\/v\/5-103-1223307\" class=\"recommend-poster\" data-adp-clicklabel=\"video-recommend\" data-adp-clickvalue=\"poster\" rel=\"nofollow noopener\" target=\"_blank\"><br \/>\n      <img decoding=\"async\" width=\"200\" height=\"200\" loading=\"lazy\" src=\"https:\/\/www.europesays.com\/no\/wp-content\/uploads\/2025\/12\/v-i-e983fbaa-6b50-4abe-8173-ca878bef2e2e-0.jpg\" alt=\"\" class=\"brick-c-cFOWSL\" style=\"--brick-image-ratio: 200 \/ 200;\"\/><\/p>\n<p>Ingvar Kjell blir overraska med J\u00e6rbladets fenal\u00e5r1:19<\/p>\n<p>    <\/a><\/p>\n<p>    Vil du se neste video?<\/p>\n<p>    <a href=\"https:\/\/www.jbl.no\/var-fiaskoen-mot-aalesund-kevin-knappens-siste-kamp-pa-bryne-stadion-slik-svarer-treneren\/v\/5-103-1223980\" class=\"recommend-poster\" data-adp-clicklabel=\"video-recommend\" data-adp-clickvalue=\"poster\" rel=\"nofollow noopener\" target=\"_blank\"><br \/>\n      <img decoding=\"async\" width=\"200\" height=\"200\" loading=\"lazy\" src=\"https:\/\/www.europesays.com\/no\/wp-content\/uploads\/2025\/12\/NTB_NC3uG1gcCAQ.jpg\" alt=\"\" class=\"brick-c-cFOWSL\" style=\"--brick-image-ratio: 200 \/ 200;\"\/><\/p>\n<p>Var fiaskoen mot Aalesund Kevin Knappens siste kamp p\u00e5 Bryne stadion? Slik svarer treneren3:47<\/p>\n<p>    <\/a><\/p>\n<p>        \u00d8rjan Gr\u00f8dem var sv\u00e6rt skuffet etter det Bryne serverte da de tapte 4-0 i f\u00f8rste kvalik-kamp p\u00e5 hjemmebane mot Aalesund s\u00f8ndag. <\/p>\n<p>  <a href=\"https:\/\/www.jbl.no\/5-103-1222993\" class=\"related-teaser has-image default-story-teaser article--c-eRUmMG article--c-eRUmMG-jKCPdD-design-default\" rel=\"nofollow noopener\" target=\"_blank\"><\/p>\n<p>    <img decoding=\"async\" loading=\"lazy\"  src=\"https:\/\/www.europesays.com\/no\/wp-content\/uploads\/2025\/12\/kL_QuP4WssU+2.jpg\" alt=\"\" class=\"brick-c-cFOWSL\" style=\"\"\/><\/p>\n<p>\n            Les ogs\u00e5<\/p>\n<p>              Bryne dummet seg loddrett ut &#8211; styrer mot nedrykk\n        <\/p>\n<p>  <\/a><\/p>\n","protected":false},"excerpt":{"rendered":"Utgangspunktet er ikke det beste for Kevin Knappens menn. Bryne tapte den f\u00f8rste kvalifiseringskampen mot Aalesunds FK med&hellip;\n","protected":false},"author":2,"featured_media":7544,"comment_status":"","ping_status":"","sticky":false,"template":"","format":"standard","meta":{"footnotes":""},"categories":[59],"tags":[36,2043,13602,2044,92,30,28,29,83,82,1510],"class_list":{"0":"post-110621","1":"post","2":"type-post","3":"status-publish","4":"format-standard","5":"has-post-thumbnail","7":"category-sport","8":"tag-art","9":"tag-bryne-fk","10":"tag-eliteserie-kvalifisering","11":"tag-eliteserien-fotball","12":"tag-fotball","13":"tag-no","14":"tag-norge","15":"tag-norway","16":"tag-sport","17":"tag-sports","18":"tag-story"},"share_on_mastodon":{"url":"https:\/\/pubeurope.com\/@no\/115702432342940330","error":""},"_links":{"self":[{"href":"https:\/\/www.europesays.com\/no\/wp-json\/wp\/v2\/posts\/110621","targetHints":{"allow":["GET"]}}],"collection":[{"href":"https:\/\/www.europesays.com\/no\/wp-json\/wp\/v2\/posts"}],"about":[{"href":"https:\/\/www.europesays.com\/no\/wp-json\/wp\/v2\/types\/post"}],"author":[{"embeddable":true,"href":"https:\/\/www.europesays.com\/no\/wp-json\/wp\/v2\/users\/2"}],"replies":[{"embeddable":true,"href":"https:\/\/www.europesays.com\/no\/wp-json\/wp\/v2\/comments?post=110621"}],"version-history":[{"count":0,"href":"https:\/\/www.europesays.com\/no\/wp-json\/wp\/v2\/posts\/110621\/revisions"}],"wp:featuredmedia":[{"embeddable":true,"href":"https:\/\/www.europesays.com\/no\/wp-json\/wp\/v2\/media\/7544"}],"wp:attachment":[{"href":"https:\/\/www.europesays.com\/no\/wp-json\/wp\/v2\/media?parent=110621"}],"wp:term":[{"taxonomy":"category","embeddable":true,"href":"https:\/\/www.europesays.com\/no\/wp-json\/wp\/v2\/categories?post=110621"},{"taxonomy":"post_tag","embeddable":true,"href":"https:\/\/www.europesays.com\/no\/wp-json\/wp\/v2\/tags?post=110621"}],"curies":[{"name":"wp","href":"https:\/\/api.w.org\/{rel}","templated":true}]}}