{"id":110624,"date":"2025-12-11T19:00:08","date_gmt":"2025-12-11T19:00:08","guid":{"rendered":"https:\/\/www.europesays.com\/no\/110624\/"},"modified":"2025-12-11T19:00:08","modified_gmt":"2025-12-11T19:00:08","slug":"ulrik-saltnes-cl-debuterte-etter-mareritthosten-folelse-av-maktesloshet","status":"publish","type":"post","link":"https:\/\/www.europesays.com\/no\/110624\/","title":{"rendered":"Ulrik Saltnes CL-debuterte etter mareritt\u00adh\u00f8sten: \u2013 F\u00f8lelse av maktesl\u00f8shet"},"content":{"rendered":"\n<ul class=\"_list_o9xde_3 _list_64s2r_85 _unordered_o9xde_106 text-sans-m\">\n<li class=\"_item_o9xde_30\">Ulrik Saltnes er tilbake etter \u00e5 ha v\u00e6rt ute med hjernehinnebetennelse siden oktober.<\/li>\n<li class=\"_item_o9xde_30\">Han fikk spille sine f\u00f8rste minutter i Champions League mot Dortmund onsdag kveld.<\/li>\n<li class=\"_item_o9xde_30\">Saltnes beskriver f\u00f8lelsen av maktesl\u00f8shet ved \u00e5 v\u00e6re ute av spill mens laget har opplevd store \u00f8yeblikk.<\/li>\n<li class=\"_item_o9xde_30\">Lagkamerat Jens Petter Hauge roser Saltnes for hans bidrag utenfor banen.<\/li>\n<\/ul>\n<p>Vis mer <\/p>\n<p class=\"_paragraph_o9xde_4 _paragraph_xtcu6_10 layout-component text-serif-m layout-normal text-serif-m layout-padded\">Frem til 2\u20132-kampen i Dortmund onsdag kveld, i alle fall \u2013 da Saltnes kom inn til pause, var det hans f\u00f8rste minutter i Champions League i karrieren.<\/p>\n<p class=\"_paragraph_o9xde_4 _paragraph_xtcu6_10 layout-component text-serif-m layout-normal text-serif-m layout-padded\">\u2013 Jeg er ubeseiret (i Champions League), sp\u00f8ker Saltnes.<\/p>\n<p class=\"_paragraph_o9xde_4 _paragraph_xtcu6_10 layout-component text-serif-m layout-normal text-serif-m layout-padded\">I slutten av august feiret Saltnes og fortalte om sin store stolthet etter at Glimt endelig kvalifiserte seg til det gjeveste selskap.<\/p>\n<p class=\"_paragraph_o9xde_4 _paragraph_xtcu6_10 layout-component text-serif-m layout-normal text-serif-m layout-padded\">Siden ble han borte. I oktober fortalte han \u00e5pent om at <a href=\"https:\/\/www.vg.no\/sport\/i\/1M1LRJ\/ulrik-saltnes-rammet-av-hjernehinnebetennelse\" data-track-element-type=\"Link\" data-track-id=\"link:1M1LRJ\" class=\"_link_o9xde_39\" rel=\"nofollow noopener\" target=\"_blank\">\u00e5rsaken var hjernehinnebetennelse<\/a>.<\/p>\n<p class=\"_paragraph_o9xde_4 _paragraph_xtcu6_10 layout-component text-serif-m layout-normal text-serif-m layout-padded\">\u2013 Det gikk veldig fort. Jeg ante ugler i mosen da utslettet komda utslettet komSaltnes ble f\u00f8rst rammet av helvetesild, f\u00f8r tilstanden hans forverret seg og han fikk p\u00e5vist hjernehinnebetennelse. , sier han p\u00e5 Dagbladets sp\u00f8rsm\u00e5l.<\/p>\n<p class=\"_paragraph_o9xde_4 _paragraph_xtcu6_10 layout-component text-serif-m layout-normal text-serif-m layout-padded\">Sykdom rammet ogs\u00e5 Glimt-troppen f\u00f8r oppgj\u00f8ret med Dortmund:<\/p>\n<p class=\"_paragraph_o9xde_4 _paragraph_xtcu6_10 layout-component text-serif-m layout-normal text-serif-m layout-padded\">Derfor har han ikke f\u00e5tt ta del i eventyret Glimt har jobbet s\u00e5 hardt, s\u00e5 lenge for \u00e5 n\u00e5 \u2013 etter reisen der han har bidratt hele veien.<\/p>\n<p class=\"_paragraph_o9xde_4 _paragraph_xtcu6_10 layout-component text-serif-m layout-normal text-serif-m layout-padded\">\u2013 Den har v\u00e6rt litt traurig. Det har v\u00e6rt to m\u00e5neder jeg bare har sittet og sett p\u00e5, og det er ikke noe s\u00e6rlig, sier Saltnes til VG.<\/p>\n<p class=\"_paragraph_o9xde_4 _paragraph_xtcu6_10 layout-component text-serif-m layout-normal text-serif-m layout-padded\">\u2013 Hvordan har det v\u00e6rt \u00e5 v\u00e6re ute av spill mens laget har opplevd alt dette?<\/p>\n<p class=\"_paragraph_o9xde_4 _paragraph_xtcu6_10 layout-component text-serif-m layout-normal text-serif-m layout-padded\">\u2013 Det er n\u00e5 \u00e9n ting. Seriespillet har heller ikke g\u00e5tt som vi \u00f8nsketSeriespillet har heller ikke g\u00e5tt som vi \u00f8nsketBod\u00f8\/Glimt ble nummer to i Eliteserien, bak Viking.. Det har v\u00e6rt kjipt \u00e5 ikke f\u00e5 v\u00e6re med p\u00e5. Det blir en f\u00f8lelse av maktesl\u00f8shet, og litt trist \u00e5 g\u00e5 glipp av s\u00e5 mange s\u00e5 mange flotte anledninger. <\/p>\n<p class=\"_paragraph_o9xde_4 _paragraph_xtcu6_10 layout-component text-serif-m layout-normal text-serif-m layout-padded\"><strong class=\"_strong_o9xde_25\">\u2013 Forh\u00e5pentligvis kommer det tilbake en gang.<\/strong><\/p>\n<p class=\"_paragraph_o9xde_4 _paragraph_xtcu6_10 layout-component text-serif-m layout-normal text-serif-m layout-padded\">Han sier det har v\u00e6rt \u00abveldig ok\u00bb \u00e5 komme tilbake, og at han er s\u00e5 motivert at han egentlig ikke har behov for ferie.<\/p>\n<p class=\"_paragraph_o9xde_4 _paragraph_xtcu6_10 layout-component text-serif-m layout-normal text-serif-m layout-padded\">To Champions League-kamper gjenst\u00e5r, mot Atl\u00e9tico Madrid og Manchester City. Glimts h\u00e5p om avansement forsvant mens Saltnes var ute.<\/p>\n<p class=\"_paragraph_o9xde_4 _paragraph_xtcu6_10 layout-component text-serif-m layout-normal text-serif-m layout-padded\">Men hvordan har han egentlig hatt det?<\/p>\n<p class=\"_paragraph_o9xde_4 _paragraph_xtcu6_10 layout-component text-serif-m layout-normal text-serif-m layout-padded\">\u2013 Jeg har det jo helt fint. Det er helt ordin\u00e6re f\u00f8lelser som alle mennesker kan f\u00f8le p\u00e5. De kommer n\u00e5, s\u00e5nn er det, sier Saltnes.<\/p>\n<p class=\"_paragraph_o9xde_4 _paragraph_xtcu6_10 layout-component text-serif-m layout-normal text-serif-m layout-padded\">Glimt-ving Jens Petter Hauge (26) illustrerer litt hvordan lagkameraten fortsatt bidrar n\u00e5r han er ute av spill.<\/p>\n<p class=\"_paragraph_o9xde_4 _paragraph_xtcu6_10 layout-component text-serif-m layout-normal text-serif-m layout-padded\">\u2013 Han kommer inn med friskt p\u00e5gangsmot hver dag, tar stor del i m\u00f8ter og bidrar i trenerteamet med sm\u00e5 ting. <\/p>\n<p class=\"_paragraph_o9xde_4 _paragraph_xtcu6_10 layout-component text-serif-m layout-normal text-serif-m layout-padded\">\u2013 Ikke minst er han en utrolig viktig stemme i gruppen, l\u00f8fter kulturen &#8230; vi trenger flere s\u00e5nne.<\/p>\n","protected":false},"excerpt":{"rendered":"Ulrik Saltnes er tilbake etter \u00e5 ha v\u00e6rt ute med hjernehinnebetennelse siden oktober. Han fikk spille sine f\u00f8rste&hellip;\n","protected":false},"author":2,"featured_media":110625,"comment_status":"","ping_status":"","sticky":false,"template":"","format":"standard","meta":{"footnotes":""},"categories":[59],"tags":[517,706,30,28,29,83,82,2942],"class_list":{"0":"post-110624","1":"post","2":"type-post","3":"status-publish","4":"format-standard","5":"has-post-thumbnail","7":"category-sport","8":"tag-bodo-glimt","9":"tag-champions-league","10":"tag-no","11":"tag-norge","12":"tag-norway","13":"tag-sport","14":"tag-sports","15":"tag-ulrik-saltnes"},"share_on_mastodon":{"url":"https:\/\/pubeurope.com\/@no\/115702479181817353","error":""},"_links":{"self":[{"href":"https:\/\/www.europesays.com\/no\/wp-json\/wp\/v2\/posts\/110624","targetHints":{"allow":["GET"]}}],"collection":[{"href":"https:\/\/www.europesays.com\/no\/wp-json\/wp\/v2\/posts"}],"about":[{"href":"https:\/\/www.europesays.com\/no\/wp-json\/wp\/v2\/types\/post"}],"author":[{"embeddable":true,"href":"https:\/\/www.europesays.com\/no\/wp-json\/wp\/v2\/users\/2"}],"replies":[{"embeddable":true,"href":"https:\/\/www.europesays.com\/no\/wp-json\/wp\/v2\/comments?post=110624"}],"version-history":[{"count":0,"href":"https:\/\/www.europesays.com\/no\/wp-json\/wp\/v2\/posts\/110624\/revisions"}],"wp:featuredmedia":[{"embeddable":true,"href":"https:\/\/www.europesays.com\/no\/wp-json\/wp\/v2\/media\/110625"}],"wp:attachment":[{"href":"https:\/\/www.europesays.com\/no\/wp-json\/wp\/v2\/media?parent=110624"}],"wp:term":[{"taxonomy":"category","embeddable":true,"href":"https:\/\/www.europesays.com\/no\/wp-json\/wp\/v2\/categories?post=110624"},{"taxonomy":"post_tag","embeddable":true,"href":"https:\/\/www.europesays.com\/no\/wp-json\/wp\/v2\/tags?post=110624"}],"curies":[{"name":"wp","href":"https:\/\/api.w.org\/{rel}","templated":true}]}}