{"id":110639,"date":"2025-12-11T19:22:19","date_gmt":"2025-12-11T19:22:19","guid":{"rendered":"https:\/\/www.europesays.com\/no\/110639\/"},"modified":"2025-12-11T19:22:19","modified_gmt":"2025-12-11T19:22:19","slug":"desta-marie-beeder-og-ektemannen-har-kjopt-ny-leilighet-i-oslo","status":"publish","type":"post","link":"https:\/\/www.europesays.com\/no\/110639\/","title":{"rendered":"Desta Marie Beeder og ektemannen har kj\u00f8pt ny leilighet i Oslo"},"content":{"rendered":"<p class=\"kicker \" style=\"\">Desta Marie Beeder:<\/p>\n<p>  TV-profilen og ektemannen kommer trolig til \u00e5 tilbringe mer tid i Oslo.\u00a0<\/p>\n<p>\n    P\u00c5 FLYTTEFOT: Desta Marie og ektemannen har g\u00e5tt til anskaffelse av en leilighet p\u00e5 Sagene i Oslo! Foto: Andreas Fadum \/ Se og H\u00f8r\n  <\/p>\n<p>TV-profilen Desta Marie Beeder (37), kjent for mange som den sm\u00f8rblide programlederen i \u00abGod morgen Norge\u00bb, har de siste \u00e5rene ogs\u00e5 engasjert flere TV-seere som deltaker i ulike realityprogrammer.<\/p>\n<p>    <a itemprop=\"url\" href=\"https:\/\/www.seher.no\/kjendis\/dette-er-de-nye-deltakerne\/83969574\" rel=\"nofollow noopener\" target=\"_blank\"><\/p>\n<p>        <img loading=\"lazy\" decoding=\"async\" src=\"https:\/\/www.europesays.com\/no\/wp-content\/uploads\/2025\/12\/83969637.webp\" width=\"980\" height=\"441\" title=\"Dette er de nye deltakerne\" alt=\"\" class=\"lazyload\" style=\"--aspect-ratio-image: 2.22; \"\/><\/p>\n<p>        Dette er de nye deltakerne<\/p>\n<p>    <\/a><\/p>\n<p>I \u00e5r var hun blant deltakerne som danset til frekke rytmer i blankpolerte sko i TV 2-favoritten \u00abSkal vi danse\u00bb.\u00a0<\/p>\n<p>N\u00e5 kan hun derimot ta steget ut fra parketten &#8211; og inn i sitt nye hjem.\u00a0<\/p>\n<p class=\"font-weight-bold m-font-weight-bold\" data-lab-font_weight=\"font-weight-bold\">Selv om hun og ektemannen Boris Klyve (36) har holdt bo i b\u00e5de Bergen og Oslo, kan Se og H\u00f8r n\u00e5 avsl\u00f8re at ekteparet trolig kommer til \u00e5 tilbringe litt mer tid i hovedstaden fremover.\u00a0<\/p>\n<p>        \u00abHelt Perfekt\u00bb er tilbake p\u00e5 TV 2 Play med en ny sesong etter en 12 \u00e5rs lang pause, der Thomas Giertsen og resten av gjengen vender tilbake sammen med flere nye profiler. Video: \u00abThomas Giertsen: Helt Perfekt\u00bb \/ TV2. <\/p>\n<p class=\"font-weight-light m-font-weight-light\" data-lab-font_weight=\"font-weight-light\">De har nemlig\u00a0 g\u00e5tt til anskaffelse av en lekker og romslig leilighet!<\/p>\n<p>If\u00f8lge opplysninger fra offentlige registre har ekteparet nylig sikret seg en moderne og p\u00e5kostet 4-roms leilighet med rekkehusf\u00f8lelse i hjertet av Sagene til 9,5 millioner kroner.<\/p>\n<p>    <a itemprop=\"url\" href=\"https:\/\/www.seher.no\/kjendis\/reiste-vekk-i-hemmelighet\/83964926\" rel=\"nofollow noopener\" target=\"_blank\"><\/p>\n<p>        <img loading=\"lazy\" decoding=\"async\" src=\"https:\/\/www.europesays.com\/no\/wp-content\/uploads\/2025\/12\/83969287.webp\" width=\"980\" height=\"441\" title=\"Reiste vekk i hemmelighet\" alt=\"\" class=\"lazyload\" style=\"--aspect-ratio-image: 2.22; \"\/><\/p>\n<p>        Reiste vekk i hemmelighet<\/p>\n<p>    <\/a><\/p>\n<p>Leiligheten holder en moderne standard med nytt bad fra 2024.\u00a0<\/p>\n<p>Resten av boligen skal, if\u00f8lge opplysningene, ha blitt pusset opp innvendig i b\u00e5de 2019 og i 2020. Boligen ligger i et av Oslos triveligste omr\u00e5der &#8211; og strekker seg over to etasjer.<\/p>\n<p>        <img loading=\"lazy\" decoding=\"async\" src=\"https:\/\/www.europesays.com\/no\/wp-content\/uploads\/2025\/12\/83770958.webp\" width=\"686\" height=\"645\" title=\"I AKSJON: Desta Marie Beeder og Tarjei Svalastog opptrer under generalpr\u00f8ven til program 4 av \u00abSkal vi danse\u00bb 2025. Foto: Thomas Andersen \/ TV 2\" alt=\"\" class=\"\" style=\"--aspect-ratio-image: 1.06; \"\/><\/p>\n<p>\n        I AKSJON: Desta Marie Beeder og Tarjei Svalastog opptrer under generalpr\u00f8ven til program 4 av \u00abSkal vi danse\u00bb 2025. Foto: Thomas Andersen \/ TV 2\n    <\/p>\n<p>Privatliv skjermet fra rampelyset\t<\/p>\n<p>Desta har i flere sammenhenger v\u00e6rt tydelig p\u00e5 at hun \u00f8nsker \u00e5 holde privatlivet privat, spesielt n\u00e5r det kommer til familien og ektefellen.\u00a0<\/p>\n<p>Sammen har de skapt et liv som balanserer mellom hennes synlige rolle p\u00e5 TV og hans \u00f8nske om \u00e5\u00a0 st\u00e5 utenfor rampelyset.<\/p>\n<p>        IKKE VENNER: Sebastian Solberg g\u00e5r hardt ut mot sine meddeltakere i den kommende sesongen av \u00abSpillet\u00bb. Influenseren r\u00f8per ogs\u00e5 hvorfor, like f\u00f8r \u00e9n av dem avbryter intervjuet med en uhyggelig beskjed. Reporter: Thea Hope. Video: Nora Skavhaug. \u00abSpillet\u00bb \/ TV2.<\/p>\n<p>Desta har ofte omtalt <a href=\"https:\/\/www.vg.no\/rampelys\/i\/yPq9x\/vaermelder-desta-marie-beeder-giftet-seg-i-hemmelighet#:~:text=Ektemannen%20Boris%20Klyve%20jobber%20i,har%20holdt%20sammen%20siden%202013.\" rel=\"nofollow noopener\" target=\"_blank\">ektemannen som hennes viktigste st\u00f8tte<\/a> &#8211; en trygg og varm figur i kulissene n\u00e5r arbeidsdagene er lange og krevende.\u00a0<\/p>\n<p>I intervjuer har hun v\u00e6rt \u00e5pen om at han ikke \u00f8nsker oppmerksomhet, men samtidig spiller han en helt sentral rolle i livet hennes, som klippen, hum\u00f8rsprederen og den som f\u00e5r henne til \u00e5 lande ordentlig.<\/p>\n<p class=\"font-weight-bold m-font-weight-bold\" data-lab-font_weight=\"font-weight-bold\">&#8211;\u00a0\u00a0Vi bare bestemte oss for det. Vi lever i en kultur der man deler ekstremt mye. Jeg tenker at det du har delt, kan du ikke ta tilbake. S\u00e5 jeg tenker at det er fint \u00e5 opprettholde et skille mellom et veldig offentlig liv, og det som bare er for oss, fortalte hun til <a href=\"https:\/\/www.tv2.no\/underholdning\/skal-vi-danse\/derfor-skjermer-hun-ektemannen-en-veldig-mystisk-figur\/18223568\/\" rel=\"nofollow noopener\" target=\"_blank\">TV2<\/a> tidligere i \u00e5r.<\/p>\n<p class=\"font-weight-normal m-font-weight-normal italic m-italic\" data-lab-font_weight=\"font-weight-normal\" data-lab-italic=\"italic\">Se og H\u00f8r har v\u00e6rt i kontakt med Desta Marie Beeder i forbindelse med denne saken. Hun \u00f8nsker ikke \u00e5 kommentere saken.<\/p>\n","protected":false},"excerpt":{"rendered":"Desta Marie Beeder: TV-profilen og ektemannen kommer trolig til \u00e5 tilbringe mer tid i Oslo.\u00a0 P\u00c5 FLYTTEFOT: Desta&hellip;\n","protected":false},"author":2,"featured_media":110640,"comment_status":"","ping_status":"","sticky":false,"template":"","format":"standard","meta":{"footnotes":""},"categories":[58],"tags":[7472,4104,13603,71,4817,479,30,28,29,2280,7927,72],"class_list":{"0":"post-110639","1":"post","2":"type-post","3":"status-publish","4":"format-standard","5":"has-post-thumbnail","7":"category-underholdning","8":"tag-desta-marie-beeder","9":"tag-eksklusivt","10":"tag-ektemann","11":"tag-entertainment","12":"tag-god-morgen-norge","13":"tag-kjendis","14":"tag-no","15":"tag-norge","16":"tag-norway","17":"tag-skal-vi-danse","18":"tag-tarjei-svalastog","19":"tag-underholdning"},"share_on_mastodon":{"url":"https:\/\/pubeurope.com\/@no\/115702565891332250","error":""},"_links":{"self":[{"href":"https:\/\/www.europesays.com\/no\/wp-json\/wp\/v2\/posts\/110639","targetHints":{"allow":["GET"]}}],"collection":[{"href":"https:\/\/www.europesays.com\/no\/wp-json\/wp\/v2\/posts"}],"about":[{"href":"https:\/\/www.europesays.com\/no\/wp-json\/wp\/v2\/types\/post"}],"author":[{"embeddable":true,"href":"https:\/\/www.europesays.com\/no\/wp-json\/wp\/v2\/users\/2"}],"replies":[{"embeddable":true,"href":"https:\/\/www.europesays.com\/no\/wp-json\/wp\/v2\/comments?post=110639"}],"version-history":[{"count":0,"href":"https:\/\/www.europesays.com\/no\/wp-json\/wp\/v2\/posts\/110639\/revisions"}],"wp:featuredmedia":[{"embeddable":true,"href":"https:\/\/www.europesays.com\/no\/wp-json\/wp\/v2\/media\/110640"}],"wp:attachment":[{"href":"https:\/\/www.europesays.com\/no\/wp-json\/wp\/v2\/media?parent=110639"}],"wp:term":[{"taxonomy":"category","embeddable":true,"href":"https:\/\/www.europesays.com\/no\/wp-json\/wp\/v2\/categories?post=110639"},{"taxonomy":"post_tag","embeddable":true,"href":"https:\/\/www.europesays.com\/no\/wp-json\/wp\/v2\/tags?post=110639"}],"curies":[{"name":"wp","href":"https:\/\/api.w.org\/{rel}","templated":true}]}}