{"id":110648,"date":"2025-12-11T19:39:39","date_gmt":"2025-12-11T19:39:39","guid":{"rendered":"https:\/\/www.europesays.com\/no\/110648\/"},"modified":"2025-12-11T19:39:39","modified_gmt":"2025-12-11T19:39:39","slug":"trump-kan-trekke-stopselet-hvis-ukraina-ikke-signerer-for-jul","status":"publish","type":"post","link":"https:\/\/www.europesays.com\/no\/110648\/","title":{"rendered":"\u2013 Trump kan \u00abtrekke st\u00f8pselet\u00bb hvis Ukraina ikke signerer f\u00f8r jul"},"content":{"rendered":"<p><strong>Forsvarsanalytiker professor Michael Clarke mener det er en reell fare for at president Trump vil kutte st\u00f8tten til Ukraina dersom fredsforhandlingene mislykkes f\u00f8r jul. Han hevder Trump er langt mer t\u00e5lmodig med Russland enn med Ukraina i forhandlingsprosessen.<\/strong><\/p>\n<p>Mens Ukraina og USA onsdag holdt begrensede samtaler om fredsprosessen, advarer Sky News\u2019 forsvarsanalytiker professor Michael Clarke om at tiden kan renne ut for president Volodymyr Zelenskyj.<\/p>\n<p>\u2013\u00a0Faren er at vi kommer til jul, en akseptabel plan fortsatt ikke er avtalt mellom de to sidene, og president Trump mister t\u00e5lmodigheten og p\u00e5 en m\u00e5te straffer Ukraina for at dette ikke fungerer, sier Clarke til <a href=\"https:\/\/youtu.be\/4NXeOV70HUU\" rel=\"nofollow noopener\" target=\"_blank\">Sky News<\/a>.<\/p>\n<p>If\u00f8lge professoren er det avgj\u00f8rende for Ukraina \u00e5 holde seg med i forhandlingene for \u00e5 unng\u00e5 at fredsplanen blir det han kaller \u00aben ren russisk utkast til overgivelse\u00bb.<\/p>\n<p>\u2013\u00a0For et par uker siden var det 28 punkter, og det var en russisk-dominert plan. S\u00e5 ble det en europeisk-ukrainsk plan. S\u00e5 gikk det tilbake til \u00e5 v\u00e6re noe midt imellom. N\u00e5 ser det ut til \u00e5 v\u00e6re tilbake til en russisk plan som europeerne og Zelenskyj pr\u00f8ver \u00e5 komme seg inn i igjen, forklarer Clarke.<\/p>\n<p>Han beskriver de neste ukene som en sv\u00e6rt intensiv diplomatisk periode, med en rekke m\u00f8ter mellom Ukraine, europeiske allierte og USA.<\/p>\n<p><strong>Hva ukrainerne frykter<\/strong><\/p>\n<p>Clarke mener ukrainerne er redde for at USA innen jul vil kreve at de signerer en plan som vil:<\/p>\n<ul class=\"wp-block-list\">\n<li>Etterlate dem uten territoriet i Donbas<\/li>\n<li>Ikke gi sikkerhetshetsgarantier som gj\u00f8r en reell forskjell<\/li>\n<li>Gj\u00f8re dem til en ikke-levedyktig stat<\/li>\n<\/ul>\n<p>\u2013\u00a0Det eneste som kan avverge dette er \u00e5 fortsette \u00e5 snakke, fortsette \u00e5 sette sammen utkast \u2013 delvis for \u00e5 overbevise president Trump, eller i det minste de rundt ham, om at de ikke er problemet. Det er russerne som ikke har flyttet seg. Russerne som ikke har gitt en tomme siden mars, sier professoren.<\/p>\n<p><strong>Risikoen: USA kutter st\u00f8tten<\/strong><\/p>\n<p>Dersom Trump ikke f\u00f8ler seg i n\u00e6rheten av en avtale ved jul, kan konsekvensene bli alvorlige for Ukraina, mener Clarke.<\/p>\n<p>\u2013\u00a0Faren er at han da bare trekker st\u00f8pselet og sier: \u2018Vel, det er det. Jeg pr\u00f8vde. Det er deres skyld at det ikke fungerte, og jeg kommer ikke til \u00e5 fortsette \u00e5 gi Ukraina den hjelpen vi for tiden gir,\u2019 forklarer han.<\/p>\n<p>Dette inkluderer etterretningsst\u00f8tte, hjelp med m\u00e5lutvelgelse, og muligheten for europeere til \u00e5 kj\u00f8pe amerikanske v\u00e5pen til Ukraina.<\/p>\n<p>\u2013\u00a0Det ville gj\u00f8re Ukrainas liv mye vanskeligere hvis de pr\u00f8ver \u00e5 kjempe videre, sier Clarke.<\/p>\n<p><strong>Ulik behandling av Russland og Ukraina<\/strong><\/p>\n<p>Professoren p\u00e5peker det han ser som en klar forskjell i hvordan Trump behandler de to partene i konflikten.<\/p>\n<p>\u2013\u00a0Trump setter opp frister hele tiden med russerne, og s\u00e5 sier russerne: \u2018Vel, de tenker p\u00e5 det, og det er mange saker \u00e5 h\u00e5ndtere,\u2019 og de bare ignorerer det. Og til syvende og sist har Trump aldri fulgt opp noen av truslene sine for \u00e5 presse Russland, sier Clarke.<\/p>\n<p>Han viser til eksempler:<\/p>\n<ul class=\"wp-block-list\">\n<li>Trump truet med \u00e5 levere Tomahawk-missiler til Ukraina, men trakk seg etter en telefonsamtale med Putin<\/li>\n<li>Han innf\u00f8rte sanksjoner mot russiske oljeselskaper Rosneft og Lukoil, men har ikke fulgt opp h\u00e5ndhevingen<\/li>\n<li>Selskapene omg\u00e5r n\u00e5 sanksjonene ved \u00e5 overf\u00f8re olje til havs via omveier<\/li>\n<\/ul>\n<p>\u2013\u00a0S\u00e5 russerne har l\u00e6rt, riktig eller galt \u2013 men jeg tror riktig \u2013 at uansett hva president Trump sier, vil han faktisk ikke f\u00f8lge opp. Han finner m\u00e5ter \u00e5 trekke seg tilbake p\u00e5, fordi han i bunn og grunn ikke vil presse Russland, men han vil presse Ukraina, mener Clarke.<\/p>\n<p><strong>Trumps motiver<\/strong><\/p>\n<p>Professoren mener det er flere grunner til denne tiln\u00e6rmingen:<\/p>\n<ul class=\"wp-block-list\">\n<li>Trumps holdning til Putin<\/li>\n<li>Hans holdning til Zelenskyj<\/li>\n<li>En tro p\u00e5 at det finnes \u00f8konomiske avtaler \u00e5 gj\u00f8re med Russland de neste 40-50 \u00e5rene<\/li>\n<\/ul>\n<p>\u2013\u00a0Og at de er mye viktigere enn det han mener st\u00e5r p\u00e5 spill i en uprovosert krig mot Ukraina, sier Clarke.<\/p>\n<p><strong>Russland har ikke flyttet seg<\/strong><\/p>\n<p>En sentral utfordring i forhandlingene er if\u00f8lge professoren at Russland ikke har gitt etter p\u00e5 noen punkter.<\/p>\n<p>\u2013\u00a0Russerne tror n\u00e5 at alle kommer til \u00e5 b\u00f8ye seg for det de sier er deres minimumsvilk\u00e5r \u2013 som i praksis er at Ukraina overgir seg, sier Clarke.<\/p>\n<p>Han mener Ukraina og europeiske allierte m\u00e5 fortsette \u00e5 demonstrere overfor Trump og hans r\u00e5dgivere at de er villige til \u00e5 forhandle, men at det er Russland som st\u00e5r i veien for fremgang.<\/p>\n<p><strong>Hva skjer n\u00e5?<\/strong><\/p>\n<p>Clarke anser det som en \u00absv\u00e6rt reell mulighet\u00bb \u2013 om enn ikke uunng\u00e5elig \u2013 at Trump innen jul mister t\u00e5lmodigheten og velger \u00e5 kutte st\u00f8tten til Ukraina.<\/p>\n<p>For Ukraina og deres europeiske allierte er de neste ukene derfor avgj\u00f8rende for \u00e5 holde USA engasjert i en forhandlingsprosess som ikke ender med det professoren kaller en \u00abovergivelsesplan\u00bb.<\/p>\n<p><strong>Bakgrunn:<\/strong>\u00a0Professor Michael Clarke er forsvars- og sikkerhetsanalytiker for Sky News og tidligere direkt\u00f8r for den britiske tenketanken Royal United Services Institute (RUSI). Han regnes som en av Storbritannias fremste eksperter p\u00e5 forsvars- og sikkerhetssp\u00f8rsm\u00e5l.<\/p>\n","protected":false},"excerpt":{"rendered":"Forsvarsanalytiker professor Michael Clarke mener det er en reell fare for at president Trump vil kutte st\u00f8tten til&hellip;\n","protected":false},"author":2,"featured_media":110649,"comment_status":"","ping_status":"","sticky":false,"template":"","format":"standard","meta":{"footnotes":""},"categories":[12],"tags":[20,21,24,25,12326,15,179,22,23,13,30,28,29,14,16,188,26,27,766,50,42,43,44,45,6495],"class_list":{"0":"post-110648","1":"post","2":"type-post","3":"status-publish","4":"format-standard","5":"has-post-thumbnail","7":"category-verden","8":"tag-breaking-news","9":"tag-breakingnews","10":"tag-featured-news","11":"tag-featurednews","12":"tag-fredsforslag","13":"tag-headlines","14":"tag-krigen-i-ukraina","15":"tag-latest-news","16":"tag-latestnews","17":"tag-news","18":"tag-no","19":"tag-norge","20":"tag-norway","21":"tag-nyheter","22":"tag-overskrifter","23":"tag-russland","24":"tag-top-stories","25":"tag-topstories","26":"tag-trump","27":"tag-usa","28":"tag-verden","29":"tag-world","30":"tag-world-news","31":"tag-worldnews","32":"tag-zelenskyj"},"share_on_mastodon":{"url":"https:\/\/pubeurope.com\/@no\/115702632855545969","error":""},"_links":{"self":[{"href":"https:\/\/www.europesays.com\/no\/wp-json\/wp\/v2\/posts\/110648","targetHints":{"allow":["GET"]}}],"collection":[{"href":"https:\/\/www.europesays.com\/no\/wp-json\/wp\/v2\/posts"}],"about":[{"href":"https:\/\/www.europesays.com\/no\/wp-json\/wp\/v2\/types\/post"}],"author":[{"embeddable":true,"href":"https:\/\/www.europesays.com\/no\/wp-json\/wp\/v2\/users\/2"}],"replies":[{"embeddable":true,"href":"https:\/\/www.europesays.com\/no\/wp-json\/wp\/v2\/comments?post=110648"}],"version-history":[{"count":0,"href":"https:\/\/www.europesays.com\/no\/wp-json\/wp\/v2\/posts\/110648\/revisions"}],"wp:featuredmedia":[{"embeddable":true,"href":"https:\/\/www.europesays.com\/no\/wp-json\/wp\/v2\/media\/110649"}],"wp:attachment":[{"href":"https:\/\/www.europesays.com\/no\/wp-json\/wp\/v2\/media?parent=110648"}],"wp:term":[{"taxonomy":"category","embeddable":true,"href":"https:\/\/www.europesays.com\/no\/wp-json\/wp\/v2\/categories?post=110648"},{"taxonomy":"post_tag","embeddable":true,"href":"https:\/\/www.europesays.com\/no\/wp-json\/wp\/v2\/tags?post=110648"}],"curies":[{"name":"wp","href":"https:\/\/api.w.org\/{rel}","templated":true}]}}