{"id":110663,"date":"2025-12-11T19:54:11","date_gmt":"2025-12-11T19:54:11","guid":{"rendered":"https:\/\/www.europesays.com\/no\/110663\/"},"modified":"2025-12-11T19:54:11","modified_gmt":"2025-12-11T19:54:11","slug":"trafikkulykke-e12-fem-personer-involvert-i-ulykke-pa-e12","status":"publish","type":"post","link":"https:\/\/www.europesays.com\/no\/110663\/","title":{"rendered":"Trafikkulykke, E12 | Fem personer involvert i ulykke p\u00e5 E12"},"content":{"rendered":"\n<p>Politiet i Nordland melder klokken 14.00 at de har rykket ut til en trafikkulykke p\u00e5 E12 ved krysset til Plurdalsveien.<\/p>\n<p>Ett kj\u00f8ret\u00f8y med fem personer er involvert.<\/p>\n<p>Politiet melder at de og ambulansen er p\u00e5 stedet og at de involverte blir tilsett av ambulanse. Det er ikke meldt om personskade.<\/p>\n<p>Politiet melder at det er glatt p\u00e5 stedet.<\/p>\n<p>Bilberger har ogs\u00e5 f\u00e5tt berget bilen.<\/p>\n<p>Samtidig som politipatruljen er p\u00e5 stedet har de f\u00e5tt beskjed om at en annen bil lenger opp ogs\u00e5 har kj\u00f8rt av veien. Patruljen sjekker denne ut.<\/p>\n<p>Politiet melder klokken 14.21 at det heller ikke er personskader i den andre hendelsen. <\/p>\n<p>Det meldes videre at entrepren\u00f8r vil str\u00f8 veien.<\/p>\n<p>Politiet gj\u00f8r ingen videre tiltak mot de involverte i de to ulykkene.<\/p>\n","protected":false},"excerpt":{"rendered":"Politiet i Nordland melder klokken 14.00 at de har rykket ut til en trafikkulykke p\u00e5 E12 ved krysset&hellip;\n","protected":false},"author":2,"featured_media":5826,"comment_status":"","ping_status":"","sticky":false,"template":"","format":"standard","meta":{"footnotes":""},"categories":[10],"tags":[36,20,21,13606,24,25,15,22,23,13,30,28,29,14,16,1360,1510,26,27,666],"class_list":{"0":"post-110663","1":"post","2":"type-post","3":"status-publish","4":"format-standard","5":"has-post-thumbnail","7":"category-norge","8":"tag-art","9":"tag-breaking-news","10":"tag-breakingnews","11":"tag-e12","12":"tag-featured-news","13":"tag-featurednews","14":"tag-headlines","15":"tag-latest-news","16":"tag-latestnews","17":"tag-news","18":"tag-no","19":"tag-norge","20":"tag-norway","21":"tag-nyheter","22":"tag-overskrifter","23":"tag-rana","24":"tag-story","25":"tag-top-stories","26":"tag-topstories","27":"tag-trafikkulykke"},"share_on_mastodon":{"url":"https:\/\/pubeurope.com\/@no\/115702691585220339","error":""},"_links":{"self":[{"href":"https:\/\/www.europesays.com\/no\/wp-json\/wp\/v2\/posts\/110663","targetHints":{"allow":["GET"]}}],"collection":[{"href":"https:\/\/www.europesays.com\/no\/wp-json\/wp\/v2\/posts"}],"about":[{"href":"https:\/\/www.europesays.com\/no\/wp-json\/wp\/v2\/types\/post"}],"author":[{"embeddable":true,"href":"https:\/\/www.europesays.com\/no\/wp-json\/wp\/v2\/users\/2"}],"replies":[{"embeddable":true,"href":"https:\/\/www.europesays.com\/no\/wp-json\/wp\/v2\/comments?post=110663"}],"version-history":[{"count":0,"href":"https:\/\/www.europesays.com\/no\/wp-json\/wp\/v2\/posts\/110663\/revisions"}],"wp:featuredmedia":[{"embeddable":true,"href":"https:\/\/www.europesays.com\/no\/wp-json\/wp\/v2\/media\/5826"}],"wp:attachment":[{"href":"https:\/\/www.europesays.com\/no\/wp-json\/wp\/v2\/media?parent=110663"}],"wp:term":[{"taxonomy":"category","embeddable":true,"href":"https:\/\/www.europesays.com\/no\/wp-json\/wp\/v2\/categories?post=110663"},{"taxonomy":"post_tag","embeddable":true,"href":"https:\/\/www.europesays.com\/no\/wp-json\/wp\/v2\/tags?post=110663"}],"curies":[{"name":"wp","href":"https:\/\/api.w.org\/{rel}","templated":true}]}}