{"id":110687,"date":"2025-12-11T20:24:17","date_gmt":"2025-12-11T20:24:17","guid":{"rendered":"https:\/\/www.europesays.com\/no\/110687\/"},"modified":"2025-12-11T20:24:17","modified_gmt":"2025-12-11T20:24:17","slug":"anne-lindmo-blir-trolig-den-eneste-som-kommer-seg-til-toppen-av-deltakerne","status":"publish","type":"post","link":"https:\/\/www.europesays.com\/no\/110687\/","title":{"rendered":"Anne Lindmo blir trolig den eneste som kommer seg til toppen av deltakerne:"},"content":{"rendered":"<p class=\"kicker \" style=\"\">Ekspedisjonen<\/p>\n<p>  Anne Lindmo blir trolig den eneste av de 6 deltakerne som n\u00e5r toppen av verdens kaldeste fjell.\u00a0<\/p>\n<p>\n    EKSPEDISJONEN: Anne Lindmo (55) er blant deltakerne i Nrk-programmet Ekspedisjonen. N\u00e5 blir hun trolig den eneste deltakeren som n\u00e5r toppen. Foto: Sveinung Svendsen\/ NRK\n  <\/p>\n<p>I det nye NRK-programmet Ekspedisjonen skal en rekke kjente profiler fors\u00f8ke \u00e5 bestige Denali \u2013 verdens kaldeste fjell. Med sine 6190 meter over havet er Denali Nord-Amerikas h\u00f8yeste fjell og en del av \u00abThe Seven Summits\u00bb, som best\u00e5r av det h\u00f8yeste fjellet p\u00e5 hvert kontinent.<\/p>\n<p>Denali regnes som mer krevende \u00e5 bestige enn selveste Mount Everest. Det er h\u00f8yt, bitende kaldt og preget av uforutsigbare v\u00e6rskifter.<\/p>\n<p>Blant deltakerne er Anne Lindmo. <a href=\"https:\/\/www.kk.no\/underholdning\/jeg-tenker-aldri-at-alderen-er-en-hindring-1\/83792551\" rel=\"nofollow noopener\" target=\"_blank\">KK har tidligere skrevet at det er spesielt \u00e9n ting hun ikke lar seg p\u00e5virke av p\u00e5 tur <\/a>\u2013 nemlig alderen.<\/p>\n<p>    <a itemprop=\"url\" href=\"https:\/\/www.kk.no\/underholdning\/det-tok-litt-tid-for-jeg-innsa-det\/83964688\" rel=\"nofollow noopener\" target=\"_blank\"><\/p>\n<p>        <img loading=\"lazy\" decoding=\"async\" src=\"https:\/\/www.europesays.com\/no\/wp-content\/uploads\/2025\/12\/83652819.webp\" width=\"147\" height=\"98\" title=\"\u00abMamma, hadde du turt det der?\u00bb\" alt=\"\" class=\"lazyload\" style=\"--aspect-ratio-image: 1.50; \"\/><\/p>\n<p>        \u00abMamma, hadde du turt det der?\u00bb<\/p>\n<p>    <\/a><\/p>\n<p>Ingen hindring\t<\/p>\n<p>\u2013 Jeg tenker aldri at alderen er en hindring. Det er nesten litt prinsipielt for meg, <a href=\"https:\/\/tv.nrk.no\/serie\/ekspedisjonen\" rel=\"nofollow noopener\" target=\"_blank\">sier hun i en av de f\u00f8rste episodene.<\/a><\/p>\n<p>Uttalelsen kom i forbindelse med en helsesjekk f\u00f8r ekspedisjonen, der blant annet ekspedisjonslege Stian Hallen unders\u00f8kte, testet og informerte deltakerne. Da fortalte han at man i utgangspunktet er litt mer bekymret for dem som er over femti.<\/p>\n<p>&#8211; Jeg blodrente f\u00f8r innspillingen. N\u00e5 er jeg femtifem \u00e5r, og jeg har aldri v\u00e6rt sterkere f\u00f8r, forteller Anne Lindmo til KK.<\/p>\n<p>I starten var de seks. Utover i programmet har deltaker etter deltaker m\u00e5ttet gi seg \u2013 noen p\u00e5 grunn av sykdom eller symptomer p\u00e5 h\u00f8ydesyke, andre av egen vilje. I den nyeste episoden ser det ut til at den eneste som trolig kommer seg til toppen er Anne Lindmo.<\/p>\n<p>&#8211; Det er ekstremt g\u00f8y \u00e5 kunne overraske. Jeg ble gradvis mer og mer forundret over at jeg hadde det bra mens den ene etter den andre fikk komplikasjoner i hodet eller kroppen.\u00a0<\/p>\n<p>&#8211; Mange av deltakerne kunne v\u00e6rt ungene mine, likevel dunket jeg fra dem. Det overrasket meg.<\/p>\n<p class=\"italic m-italic\" data-lab-italic=\"italic\">Ble du noen gang demotivert av at turf\u00f8lget ble f\u00e6rre?<\/p>\n<p>&#8211; Nei jeg ble ikke demotivert, for jeg hadde forberedt meg mentalt p\u00e5 at jeg ikke skulle bli det.<\/p>\n<p>At Anne Lindmo har et mot uten like f\u00e5r man se i den nest siste episoden av <a href=\"https:\/\/tv.nrk.no\/serie\/ekspedisjonen\/sesong\/1\/episode\/KMTE62007720\" rel=\"nofollow noopener\" target=\"_blank\">Ekspedisjonen<\/a>. Der legger hun ikke tvil p\u00e5 at hun skal komme seg til tops.\u00a0<\/p>\n<p>\u2013 Jeg skal g\u00e5 opp det fjellet. La det ikke v\u00e6re noen tvil. Det har det aldri v\u00e6rt heller. Alt annet er helt, helt umulig for meg, <a href=\"https:\/\/tv.nrk.no\/serie\/ekspedisjonen\" rel=\"nofollow noopener\" target=\"_blank\">sier Anne i den nyeste episoden.<\/a><\/p>\n<p>    <a itemprop=\"url\" href=\"https:\/\/www.kk.no\/underholdning\/dette-er-de-nye-deltakerne\/83952285\" rel=\"nofollow noopener\" target=\"_blank\"><\/p>\n<p>        <img loading=\"lazy\" decoding=\"async\" src=\"https:\/\/www.europesays.com\/no\/wp-content\/uploads\/2025\/12\/1765484654_623_83952294.webp\" width=\"980\" height=\"441\" title=\"Dette er de nye deltakerne\" alt=\"\" class=\"lazyload\" style=\"--aspect-ratio-image: 2.22; \"\/><\/p>\n<p>        Dette er de nye deltakerne<\/p>\n<p>    <\/a><\/p>\n<p>Toppst\u00f8tet\t<\/p>\n<p>\u00abJeg elsker n\u00e5r livet overrasker meg, og jeg overrasker meg selv. Begge deler skjedde i Denali i mai! En vanvittig fin og sammensatt gjeng la i vei opp i is\u00f8det \u2013 vi delte begeistring og skuffelser, grining og eufori, kuldesjokk og heteslag. Og n\u00e5 ser det alts\u00e5 ut til at bare jeg og Rune Malterud, to totninger fra flatbygdene ved Mj\u00f8sa, har bestemt oss for \u00e5 gj\u00f8re toppst\u00f8tet\u00bb, skriver Anne Lindmo til sine Instagram-f\u00f8lgere.<\/p>\n<p>    <a itemprop=\"url\" href=\"https:\/\/www.kk.no\/samliv\/psykolog-advarer-jeg-har-ofte-sett-utroskap-starte-pa-denne-maten\/74169553\" rel=\"nofollow noopener\" target=\"_blank\"><\/p>\n<p>        <img loading=\"lazy\" decoding=\"async\" src=\"https:\/\/www.europesays.com\/no\/wp-content\/uploads\/2025\/12\/80678071.webp\" width=\"980\" height=\"441\" title=\"Psykolog advarer: - Jeg har ofte sett utroskap starte p\u00e5 denne m\u00e5ten\" alt=\"\" class=\"lazyload\" style=\"--aspect-ratio-image: 2.22; \"\/><\/p>\n<p>        Psykolog advarer: &#8211; Jeg har ofte sett utroskap starte p\u00e5 denne m\u00e5ten<\/p>\n<p>    <\/a><\/p>\n<p>Videre skriver Lindmo:\u00a0<\/p>\n<p>\u00abSp\u00f8rsm\u00e5let st\u00e5r fortsatt: Hvem f\u00e5r vi med oss opp i dette iskalde og risikable fors\u00f8ket? Neste fredag f\u00e5r dere se hvordan det g\u00e5r til slutt!\u00bb<\/p>\n<p>    <a itemprop=\"url\" href=\"https:\/\/www.kk.no\/underholdning\/na-skal-hun-gjore-dette\/83931212\" rel=\"nofollow noopener\" target=\"_blank\"><\/p>\n<p>        <img loading=\"lazy\" decoding=\"async\" src=\"https:\/\/www.europesays.com\/no\/wp-content\/uploads\/2025\/12\/1765484657_319_83931226.webp\" width=\"980\" height=\"441\" title=\"N\u00e5 skal hun gj\u00f8re dette\" alt=\"\" class=\"lazyload\" style=\"--aspect-ratio-image: 2.22; \"\/><\/p>\n<p>        N\u00e5 skal hun gj\u00f8re dette<\/p>\n<p>    <\/a><\/p>\n","protected":false},"excerpt":{"rendered":"Ekspedisjonen Anne Lindmo blir trolig den eneste av de 6 deltakerne som n\u00e5r toppen av verdens kaldeste fjell.\u00a0&hellip;\n","protected":false},"author":2,"featured_media":110688,"comment_status":"","ping_status":"","sticky":false,"template":"","format":"standard","meta":{"footnotes":""},"categories":[10],"tags":[5538,20,21,12128,2663,11976,24,25,15,7414,22,23,13,30,28,29,787,14,16,4448,26,27,72],"class_list":{"0":"post-110687","1":"post","2":"type-post","3":"status-publish","4":"format-standard","5":"has-post-thumbnail","7":"category-norge","8":"tag-anne-lindmo","9":"tag-breaking-news","10":"tag-breakingnews","11":"tag-denali","12":"tag-ekspedisjon","13":"tag-ekspedisjonen","14":"tag-featured-news","15":"tag-featurednews","16":"tag-headlines","17":"tag-kvinne","18":"tag-latest-news","19":"tag-latestnews","20":"tag-news","21":"tag-no","22":"tag-norge","23":"tag-norway","24":"tag-nrk","25":"tag-nyheter","26":"tag-overskrifter","27":"tag-program","28":"tag-top-stories","29":"tag-topstories","30":"tag-underholdning"},"share_on_mastodon":{"url":"https:\/\/pubeurope.com\/@no\/115702809838898916","error":""},"_links":{"self":[{"href":"https:\/\/www.europesays.com\/no\/wp-json\/wp\/v2\/posts\/110687","targetHints":{"allow":["GET"]}}],"collection":[{"href":"https:\/\/www.europesays.com\/no\/wp-json\/wp\/v2\/posts"}],"about":[{"href":"https:\/\/www.europesays.com\/no\/wp-json\/wp\/v2\/types\/post"}],"author":[{"embeddable":true,"href":"https:\/\/www.europesays.com\/no\/wp-json\/wp\/v2\/users\/2"}],"replies":[{"embeddable":true,"href":"https:\/\/www.europesays.com\/no\/wp-json\/wp\/v2\/comments?post=110687"}],"version-history":[{"count":0,"href":"https:\/\/www.europesays.com\/no\/wp-json\/wp\/v2\/posts\/110687\/revisions"}],"wp:featuredmedia":[{"embeddable":true,"href":"https:\/\/www.europesays.com\/no\/wp-json\/wp\/v2\/media\/110688"}],"wp:attachment":[{"href":"https:\/\/www.europesays.com\/no\/wp-json\/wp\/v2\/media?parent=110687"}],"wp:term":[{"taxonomy":"category","embeddable":true,"href":"https:\/\/www.europesays.com\/no\/wp-json\/wp\/v2\/categories?post=110687"},{"taxonomy":"post_tag","embeddable":true,"href":"https:\/\/www.europesays.com\/no\/wp-json\/wp\/v2\/tags?post=110687"}],"curies":[{"name":"wp","href":"https:\/\/api.w.org\/{rel}","templated":true}]}}