{"id":110715,"date":"2025-12-11T21:01:25","date_gmt":"2025-12-11T21:01:25","guid":{"rendered":"https:\/\/www.europesays.com\/no\/110715\/"},"modified":"2025-12-11T21:01:25","modified_gmt":"2025-12-11T21:01:25","slug":"kenza-souiten-avslorer-kjonnet-pa-sitt-fjerde-barn","status":"publish","type":"post","link":"https:\/\/www.europesays.com\/no\/110715\/","title":{"rendered":"Kenza Souiten avsl\u00f8rer kj\u00f8nnet p\u00e5 sitt fjerde barn"},"content":{"rendered":"<p class=\"kicker \" style=\"\">Kenza Zouiten:\u00a0<\/p>\n<p>  Den svenske influenseren venter sitt fjerde barn, og deler n\u00e5 deler hun kj\u00f8nnet med f\u00f8lgerne sine.\u00a0<\/p>\n<p>\n    UTVIDER FAMILIEN: Kenza og ektemannen Aleksandar avsl\u00f8rer at de skal bli firebarnsforeldre. Foto: Skjermbilde: @kenzas \/ Instagram\n  <\/p>\n<p>Den svenske influenseren Kenza Souiten (34) og ektemannen Aleksandar Subosic (40) kunne forrige m\u00e5ned dele at de venter sitt fjerde barn sammen.\u00a0<\/p>\n<p>    <a itemprop=\"url\" href=\"https:\/\/www.seher.no\/kjendis\/hardt-ut-mot-se-og-hor\/83971826\" rel=\"nofollow noopener\" target=\"_blank\"><\/p>\n<p>        <img loading=\"lazy\" decoding=\"async\" src=\"https:\/\/www.europesays.com\/no\/wp-content\/uploads\/2025\/12\/83971852.webp\" width=\"980\" height=\"441\" title=\"Hardt ut mot Se og H\u00f8r\" alt=\"\" class=\"lazyload\" style=\"--aspect-ratio-image: 2.22; \"\/><\/p>\n<p>        Hardt ut mot Se og H\u00f8r<\/p>\n<p>    <\/a><\/p>\n<p>Gladnyheten delte paret i et innlegg p\u00e5 <a href=\"https:\/\/www.instagram.com\/kenzas\/\" rel=\"nofollow noopener\" target=\"_blank\">Instagram<\/a>.\u00a0<\/p>\n<p>Tre uker senere kommer paret med enda en oppdatering. Til stor jubel fra f\u00f8lgerne hennes p\u00e5 sosiale medier.\u00a0<\/p>\n<p class=\"font-weight-bold m-font-weight-bold\" data-lab-font_weight=\"font-weight-bold\">Kenza venter nemlig sin f\u00f8rste jente!\u00a0<\/p>\n<p>\u00abVi gleder oss s\u00e5nn til \u00e5 m\u00f8te deg, lille venn\u00bb, skriver hun til innlegget.\u00a0<\/p>\n<p>Veien til \u00e5 bli mamma v\u00e6rt alt annet enn enkel for den svenske influenseren. Hun har tidligere v\u00e6rt \u00e5pen\u00a0<a href=\"https:\/\/www.seher.no\/kjendis\/hatet-kroppen-min-sa-mye\/82341783\" rel=\"nofollow noopener\" target=\"_blank\">om sine store utfordringer med \u00e5 bli gravid<\/a>, og har delt sin historie for \u00e5 gi h\u00e5p til andre i samme situasjon.<\/p>\n<p>        <img loading=\"lazy\" decoding=\"async\" src=\"https:\/\/www.europesays.com\/no\/wp-content\/uploads\/2025\/12\/83972143.webp\" width=\"686\" height=\"1002\" title=\"GLADMELDING: - Jeg har holdt p\u00e5 en liten hemmelighet, skriver influenseren p\u00e5 Instagram Story. Foto: Skjermbilde: @kenzas \/ Instagram\" alt=\"\" class=\"\" style=\"--aspect-ratio-image: 0.68; \"\/><\/p>\n<p>\n        GLADMELDING: &#8211; Jeg har holdt p\u00e5 en liten hemmelighet, skriver influenseren p\u00e5 Instagram Story. Foto: Skjermbilde: @kenzas \/ Instagram\n    <\/p>\n<p>Som 26-\u00e5ring fikk hun det knusende budskapet fra legene om at hun ville komme tidlig i overgangsalderen, og at sjansen for \u00e5 f\u00e5 biologiske barn var sv\u00e6rt liten. Hun hadde ekstremt f\u00e5 egg, og legene var tydelige p\u00e5 at det mest sannsynlig ikke ville v\u00e6re mulig for henne \u00e5 f\u00e5 egne barn.<\/p>\n<p>        BR\u00d8T L\u00d8FTE: \u00abLove Island Australia\u00bb-deltakeren avsl\u00f8rer at foreldrene ba henne om \u00e5 ikke gj\u00f8re \u00e9n ting p\u00e5 TV.  Video: \u00abLove Island Australia\u00bb\/ TV 2 Play\/ YouTube\/ R\u00f8d L\u00f8per<\/p>\n<p> I SVT-dokumentaren\u00a0<a href=\"https:\/\/www.svtplay.se\/video\/ja4gZkv\/kenza-den-forsta\" rel=\"nofollow noopener\" target=\"_blank\">\u00abKenza den f\u00f6rsta\u00bb<\/a>\u00a0fortalte hun \u00e5pent om hvor vanskelig denne perioden var for henne. <\/p>\n<p> &#8211; F\u00f8rst br\u00f8t jeg sammen. Jeg hadde aldri hatet kroppen min s\u00e5 mye som det \u00e5ret. Jeg var s\u00e5 sint p\u00e5 meg selv, dette var det mest naturlige i verden, hvorfor gikk det ikke? Jeg var jo ung, sa hun i dokumentaren. <\/p>\n<p>        <img loading=\"lazy\" decoding=\"async\" src=\"https:\/\/www.europesays.com\/no\/wp-content\/uploads\/2025\/12\/83972145.webp\" width=\"686\" height=\"735\" title=\"TRE GUTTER: Kenza og Aleksandar har s\u00f8nnene Nikola, Danilo og Sasha fra f\u00f8r av. N\u00e5 skal de bli storebr\u00f8dre. Foto: Skjermbilde: @kenzas \/ Instagram\" alt=\"\" class=\"\" style=\"--aspect-ratio-image: 0.93; \"\/><\/p>\n<p>\n        TRE GUTTER: Kenza og Aleksandar har s\u00f8nnene Nikola, Danilo og Sasha fra f\u00f8r av. N\u00e5 skal de bli storebr\u00f8dre. Foto: Skjermbilde: @kenzas \/ Instagram\n    <\/p>\n<p> Utad s\u00e5 det ut som om Kenza og Aleksandar var et lykkelig nygift par, men bak fasaden kjempet de en t\u00f8ff kamp. Paret gjennomgikk flere mislykkede IVF-fors\u00f8k, og Kenza beskrev tiden som ekstremt krevende b\u00e5de fysisk og psykisk. <\/p>\n<p class=\"font-weight-bold m-font-weight-bold\" data-lab-font_weight=\"font-weight-bold\"> <a href=\"https:\/\/www.seher.no\/kjendis\/avslorer-gladnyhet\/83865394\" rel=\"nofollow noopener\" target=\"_blank\">Midt i denne vanskelige prosessen<\/a> mistet hun ogs\u00e5 faren sin, noe som gjorde belastningen enda tyngre \u00e5 b\u00e6re. <\/p>\n<p>        <img loading=\"lazy\" decoding=\"async\" src=\"https:\/\/www.europesays.com\/no\/wp-content\/uploads\/2025\/12\/79737741.webp\" width=\"686\" height=\"721\" title=\"GRAVIDLYKKE: Dette blir den svenske influenserens fjerde barn, og hennes f\u00f8rste datter. Foto: Instagram \/ @kenzas\" alt=\"\" class=\"\" style=\"--aspect-ratio-image: 0.95; \"\/><\/p>\n<p>\n        GRAVIDLYKKE: Dette blir den svenske influenserens fjerde barn, og hennes f\u00f8rste datter. Foto: Instagram \/ @kenzas\n    <\/p>\n<p> &#8211; Det er veldig vanskelig \u00e5 g\u00e5 gjennom noe s\u00e5 stort og ikke dele noe om det, n\u00e5r man er s\u00e5 vant til \u00e5 dele s\u00e5 mye annet. Men jeg klarte det ikke, og jeg f\u00f8lte meg s\u00e5 s\u00e5rbar. Jeg hadde hele mitt liv dr\u00f8mt om \u00e5 f\u00e5 min egen familie, fortalte hun i dokumentaren. <\/p>\n<p>Men n\u00e5 er de snart en familie p\u00e5 seks og influenseren str\u00e5ler av lykke<\/p>\n<p><script async src=\"\/\/www.instagram.com\/embed.js\"><\/script><\/p>\n","protected":false},"excerpt":{"rendered":"Kenza Zouiten:\u00a0 Den svenske influenseren venter sitt fjerde barn, og deler n\u00e5 deler hun kj\u00f8nnet med f\u00f8lgerne sine.\u00a0&hellip;\n","protected":false},"author":2,"featured_media":110716,"comment_status":"","ping_status":"","sticky":false,"template":"","format":"standard","meta":{"footnotes":""},"categories":[58],"tags":[71,13609,479,13468,30,28,29,72],"class_list":{"0":"post-110715","1":"post","2":"type-post","3":"status-publish","4":"format-standard","5":"has-post-thumbnail","7":"category-underholdning","8":"tag-entertainment","9":"tag-kenza-zouiten-subosic","10":"tag-kjendis","11":"tag-kjendisdeksen","12":"tag-no","13":"tag-norge","14":"tag-norway","15":"tag-underholdning"},"share_on_mastodon":{"url":"https:\/\/pubeurope.com\/@no\/115702956427394867","error":""},"_links":{"self":[{"href":"https:\/\/www.europesays.com\/no\/wp-json\/wp\/v2\/posts\/110715","targetHints":{"allow":["GET"]}}],"collection":[{"href":"https:\/\/www.europesays.com\/no\/wp-json\/wp\/v2\/posts"}],"about":[{"href":"https:\/\/www.europesays.com\/no\/wp-json\/wp\/v2\/types\/post"}],"author":[{"embeddable":true,"href":"https:\/\/www.europesays.com\/no\/wp-json\/wp\/v2\/users\/2"}],"replies":[{"embeddable":true,"href":"https:\/\/www.europesays.com\/no\/wp-json\/wp\/v2\/comments?post=110715"}],"version-history":[{"count":0,"href":"https:\/\/www.europesays.com\/no\/wp-json\/wp\/v2\/posts\/110715\/revisions"}],"wp:featuredmedia":[{"embeddable":true,"href":"https:\/\/www.europesays.com\/no\/wp-json\/wp\/v2\/media\/110716"}],"wp:attachment":[{"href":"https:\/\/www.europesays.com\/no\/wp-json\/wp\/v2\/media?parent=110715"}],"wp:term":[{"taxonomy":"category","embeddable":true,"href":"https:\/\/www.europesays.com\/no\/wp-json\/wp\/v2\/categories?post=110715"},{"taxonomy":"post_tag","embeddable":true,"href":"https:\/\/www.europesays.com\/no\/wp-json\/wp\/v2\/tags?post=110715"}],"curies":[{"name":"wp","href":"https:\/\/api.w.org\/{rel}","templated":true}]}}