{"id":110746,"date":"2025-12-11T21:34:13","date_gmt":"2025-12-11T21:34:13","guid":{"rendered":"https:\/\/www.europesays.com\/no\/110746\/"},"modified":"2025-12-11T21:34:13","modified_gmt":"2025-12-11T21:34:13","slug":"julen-ga-de-verste-opplevelsene","status":"publish","type":"post","link":"https:\/\/www.europesays.com\/no\/110746\/","title":{"rendered":"\u2013 Julen ga de verste opplevelsene"},"content":{"rendered":"\n<ul class=\"_list_o9xde_3 _list_64s2r_85 _unordered_o9xde_106 text-sans-m\">\n<li class=\"_item_o9xde_30\">Ole Erevik oppfordrer voksne til \u00e5 tenke seg om f\u00f8r de drikker alkohol i juleh\u00f8ytiden.<\/li>\n<li class=\"_item_o9xde_30\">Erevik beskriver sin barndom  som til tider var preget av voksnes alkoholmisbruk <\/li>\n<li class=\"_item_o9xde_30\">Han var barnet med en vond klump i magen.<\/li>\n<li class=\"_item_o9xde_30\">Som h\u00e5ndballproff slet han i en periode med depresjon, knyttet til oppveksten.<\/li>\n<li class=\"_item_o9xde_30\">Han betoner viktigheten av \u00e5 beskytte egne barn og alle andre barn fra lignende opplevelser.<\/li>\n<\/ul>\n<p>Vis mer <\/p>\n<p class=\"_paragraph_o9xde_4 _paragraph_xtcu6_10 layout-component text-serif-m layout-normal text-serif-m layout-padded\">\u2013 Jeg har l\u00e6rt \u00e5 g\u00e5 p\u00e5 n\u00e5ler og glatte over, beskriver <a href=\"https:\/\/www.vg.no\/tag\/ole-erevik?utm_source=vg-article&amp;utm_medium=auto-tagger&amp;utm_campaign=M7g56m\" class=\"_link_o9xde_39\" rel=\"nofollow noopener\" target=\"_blank\">Ole Erevik<\/a>.<\/p>\n<p class=\"_paragraph_o9xde_4 _paragraph_xtcu6_10 layout-component text-serif-m layout-normal text-serif-m layout-padded\">TV-profilen er 44 \u00e5r n\u00e5, har selv f\u00e5tt barn, men kjenner fortsatt p\u00e5 det vanskelige fra egen oppvekst. Smellen fra barndommen kom for 10 \u00e5r siden. Plutselig var det en kamp bare \u00e5 st\u00e5 opp av sengen for h\u00e5ndballproffen.<\/p>\n<p class=\"_paragraph_o9xde_4 _paragraph_xtcu6_10 layout-component text-serif-m layout-normal text-serif-m layout-padded\"><strong class=\"_strong_o9xde_25\">\u2013 Jeg er blitt var for lyder. Jeg t\u00e5ler ikke lyden av skrukorken. \u00c5 fytti hel &#8230; Jeg reagerer p\u00e5 knirkingen n\u00e5r barskapet \u00e5pnes. Da visste jeg hva som skulle skje, sier Ole Erevik til VG i h\u00e5ndball-VM.<\/strong><\/p>\n<p class=\"_paragraph_o9xde_4 _paragraph_xtcu6_10 layout-component text-serif-m layout-normal text-serif-m layout-padded\">Han debuterte p\u00e5 h\u00e5ndballandslaget allerede da han var 20 \u2013 og ble der i 16 \u00e5r.<\/p>\n<p><img alt=\"Foto: Jan Petter Lynau \/ VG\" class=\"_image_qp4xg_65 layout-component layout-normal\" data-fullscreen- data-track-element-type=\"Article image fullscreen\" data-track-name=\"ImageFullscreen\" decoding=\"async\" loading=\"lazy\" height=\"1190\" itemprop=\"image\"  src=\"https:\/\/www.europesays.com\/no\/wp-content\/uploads\/2025\/12\/0da613d8-51a0-455e-9155-5a9eda303d7d\"  style=\"object-position:0% 0%\" width=\"1550\"\/>Foto: Jan Petter Lynau \/ VG<\/p>\n<p class=\"_paragraph_o9xde_4 _paragraph_xtcu6_10 layout-component text-serif-m layout-normal text-serif-m layout-padded\">Viaplays h\u00e5ndballekspert forteller \u00e5pent om en barndom og ungdom som var vanskelig n\u00e5r det gjaldt voksnes alkoholbruk. Han har 184 landskamper og VM-s\u00f8lv. Erevik takker ogs\u00e5 sine n\u00e6re relasjoner for sin vellykkede karriere og det gode livet han har n\u00e5. <\/p>\n<p class=\"_paragraph_o9xde_4 _paragraph_xtcu6_10 layout-component text-serif-m layout-normal text-serif-m layout-padded\">\u2013 P\u00e5 de aller fleste omr\u00e5dene av oppvekst hadde jeg verdens beste st\u00f8tte. Jeg har blitt kj\u00f8rt rundt og blitt lagt til rette for. Jeg hadde ikke v\u00e6rt den samme personen, eller v\u00e6rt p\u00e5 den samme plassen i livet, om det ikke hadde v\u00e6rt for mine n\u00e6re relasjoner, understreker han.<\/p>\n<p class=\"_paragraph_o9xde_4 _paragraph_xtcu6_10 layout-component text-serif-m layout-normal text-serif-m layout-padded\">Ole Erevik snakket f\u00f8rst om disse temaene i NRKs podkast <a href=\"https:\/\/radio.nrk.no\/podkast\/drivkraft\/sesong\/202501\/l_f94aaae9-b456-49c7-8aaa-e9b45629c734\" class=\"_link_o9xde_39\" rel=\"nofollow noopener\" target=\"_blank\">Drivkraft<\/a> sist vinter. N\u00e5 har han ogs\u00e5 gjort et intervju med <a href=\"https:\/\/avogtil.no\/historie\/ole-erevik-jeg-har-vaert-barnet-med-en-vond-klump-i-magen\/\" class=\"_link_o9xde_39\" rel=\"nofollow noopener\" target=\"_blank\">Av-og-til<\/a>, en organisasjon som jobber for alkovett.<\/p>\n<p><img alt=\"Foto: Privat\" class=\"_image_qp4xg_65 layout-component layout-normal\" data-fullscreen- data-track-element-type=\"Article image fullscreen\" data-track-name=\"ImageFullscreen\" decoding=\"async\" loading=\"lazy\" height=\"4032\" itemprop=\"image\"  src=\"https:\/\/www.europesays.com\/no\/wp-content\/uploads\/2025\/12\/089894eb-94aa-4a33-8d1f-70aff066cc0c\"  style=\"object-position:0% 0%\" width=\"3024\"\/>Foto: Privat<\/p>\n<p class=\"_paragraph_o9xde_4 _paragraph_xtcu6_10 layout-component text-serif-m layout-normal text-serif-m layout-padded\">\u2013 Jeg har v\u00e6rt barnet med en vond klump i magen, sier Erevik til Av-og-til. <\/p>\n<p class=\"_paragraph_o9xde_4 _paragraph_xtcu6_10 layout-component text-serif-m layout-normal text-serif-m layout-padded\">Han har f\u00e5tt noen rynker p\u00e5 sjelen. En fure i sinnet.<\/p>\n<p class=\"_paragraph_o9xde_4 _paragraph_xtcu6_10 layout-component text-serif-m layout-normal text-serif-m layout-padded\">\u2013 Det er typisk at h\u00f8ytider, helger og ferier ofte er perioder hvor denne problematikken kommer opp. B\u00e5de for omgivelsene og de som sliter med avhengighet. Det er norsk juletradisjon at det skal v\u00e6re alkohol p\u00e5 bordet.<\/p>\n<p class=\"_paragraph_o9xde_4 _paragraph_xtcu6_10 layout-component text-serif-m layout-normal text-serif-m layout-padded\">\u2013 Kjenner du klumpen i magen fortsatt?<\/p>\n<p class=\"_paragraph_o9xde_4 _paragraph_xtcu6_10 layout-component text-serif-m layout-normal text-serif-m layout-padded\">\u2013 Ja, det gj\u00f8r jeg. Det er ekstra koordinering og planlegging n\u00e5r vi feirer jul i Norge. Man vet fortsatt ikke hva man kommer til. Det er viktig \u00e5 beskytte mine egne barn mot de samme opplevelsene, sier Erevik som selv har unger p\u00e5 11 og 8 \u00e5r.<\/p>\n<p class=\"_paragraph_o9xde_4 _paragraph_xtcu6_10 layout-component text-serif-m layout-normal text-serif-m layout-padded\">\u2013 I julen var det sterkest. Da var man sammen mye mer. Julen ga de verste opplevelsene. Noen julefeiringer endte med \u00e5 bli ille, men julen var god n\u00e5r den som misbrukte hadde vakt p\u00e5 jobb. Slikt skjer i mange familier, mener han.<\/p>\n<p class=\"_paragraph_o9xde_4 _paragraph_xtcu6_10 layout-component text-serif-m layout-normal text-serif-m layout-padded\">Erevik er journalistutdannet, bor i K\u00f8benhavn og jobber i dag ogs\u00e5 som keepertrener i Odense.<\/p>\n<p class=\"_paragraph_o9xde_4 _paragraph_xtcu6_10 layout-component text-serif-m layout-normal text-serif-m layout-padded\"><strong class=\"_strong_o9xde_25\">Han er \u00e5pen om egne opplevelser for \u00e5 fokusere p\u00e5 noe som er tabu i mange familier: foreldres omgang med \u00f8l, vin og sprit.<\/strong><\/p>\n<p class=\"_paragraph_o9xde_4 _paragraph_xtcu6_10 layout-component text-serif-m layout-normal text-serif-m layout-padded\">\u2013 Tenk p\u00e5 barna. Misbruk av alkohol er forferdelig for den det gjelder, men ogs\u00e5 p\u00e5r\u00f8rende tar skade av det. Hos noen f\u00f8rer alkoholen til at personen endrer personlighet. Sjelden til det bedre. Det er en skade som setter seg mentalt hos omgivelsene, og mest fysisk hos den som lider av misbruk, sier han.<\/p>\n<p><img alt=\"Foto: Bj\u00f8rn S. Delebekk \/ VG\" class=\"_image_qp4xg_65 layout-component layout-normal\" data-fullscreen- data-track-element-type=\"Article image fullscreen\" data-track-name=\"ImageFullscreen\" decoding=\"async\" loading=\"lazy\" height=\"4272\" itemprop=\"image\"  src=\"https:\/\/www.europesays.com\/no\/wp-content\/uploads\/2025\/12\/a78263d8-8c39-4cae-b875-fbc26874134e\"  style=\"object-position:0% 0%\" width=\"6400\"\/>Foto: Bj\u00f8rn S. Delebekk \/ VG<\/p>\n<p class=\"_paragraph_o9xde_4 _paragraph_xtcu6_10 layout-component text-serif-m layout-normal text-serif-m layout-padded\">VG intervjuer Ole Erevik i et dunkelt hj\u00f8rne av den stengte baren p\u00e5 Mercure Centrum Hotel i Dortmund. Han har ingen problemer med lokasjonen.<\/p>\n<p class=\"_paragraph_o9xde_4 _paragraph_xtcu6_10 layout-component text-serif-m layout-normal text-serif-m layout-padded\">\u2013 Jeg har et bevisst forhold til alkohol, men jeg er ikke avholds og har aldri v\u00e6rt det. Det er helt ok at folk tar seg en fest eller blir fulle p\u00e5 julebordet. Det er ogs\u00e5 greit \u00e5 dele en flaske vin hjemme til en god middag.<\/p>\n<p class=\"_paragraph_o9xde_4 _paragraph_xtcu6_10 layout-component text-serif-m layout-normal text-serif-m layout-padded\">\u2013 Hvor g\u00e5r grensen?<\/p>\n<p class=\"_paragraph_o9xde_4 _paragraph_xtcu6_10 layout-component text-serif-m layout-normal text-serif-m layout-padded\">\u2013 Hvis alkoholen blir viktigere enn tryggheten til de du har rundt deg. Stopp hvis de rundt deg forteller deg at det blir for mye. Det mener jeg skjer om du blir beruset. Det skjer ofte f\u00f8r man selv tror. Det er forskjell p\u00e5 om barn vokser opp med fyll eller en hyggelig stemning hjemme, sier han. Erevik mener at noen b\u00f8r holde seg helt unna \u00e5 drikke.<\/p>\n<p class=\"_paragraph_o9xde_4 _paragraph_xtcu6_10 layout-component text-serif-m layout-normal text-serif-m layout-padded\">\u2013 For enkelte s\u00e5 kan bare en \u00f8l bety at de neste tre dagene g\u00e5r til helvete. Da skal man la v\u00e6re. De voksne har ansvaret, understreker han.<\/p>\n<p class=\"_paragraph_o9xde_4 _paragraph_xtcu6_10 layout-component text-serif-m layout-normal text-serif-m layout-padded\"><strong class=\"_strong_o9xde_25\">I oppveksten m\u00e5tte Ole selv h\u00e5ndtere situasjoner han egentlig ikke hadde noen forutsetninger for. Det gikk bra lenge.<\/strong><\/p>\n<p class=\"_paragraph_o9xde_4 _paragraph_xtcu6_10 layout-component text-serif-m layout-normal text-serif-m layout-padded\">\u2013 Jeg har l\u00e6rt at det \u00e5 skjule, pakke inn og beskytte egentlig ikke har gjort meg noe godt. Jeg var godt over 30 \u00e5r f\u00f8r jeg aksepterte det jeg opplevde.<\/p>\n<p><img alt=\"Foto: Bj\u00f8rn S. Delebekk \/ VG\" class=\"_image_qp4xg_65 layout-component layout-normal\" data-fullscreen- data-track-element-type=\"Article image fullscreen\" data-track-name=\"ImageFullscreen\" decoding=\"async\" loading=\"lazy\" height=\"2367\" itemprop=\"image\"  src=\"https:\/\/www.europesays.com\/no\/wp-content\/uploads\/2025\/12\/3af3da22-74e2-46f0-bbdd-16dea2b358ce\"  style=\"object-position:0% 0%\" width=\"4090\"\/>Foto: Bj\u00f8rn S. Delebekk \/ VG<\/p>\n<p class=\"_paragraph_o9xde_4 _paragraph_xtcu6_10 layout-component text-serif-m layout-normal text-serif-m layout-padded\">Som 34-\u00e5rig profesjonell idrettsut\u00f8ver sank han inn i en depresjon. Han setter sine mentale problemer i sammenheng med det han opplevde som barn.<\/p>\n<p class=\"_paragraph_o9xde_4 _paragraph_xtcu6_10 layout-component text-serif-m layout-normal text-serif-m layout-padded\">\u2013 Det er mange drypp og opplevelser man har fortrengt og ignorert. Jeg trodde jeg bare kunne g\u00e5 videre, men problematikken forsvant ikke selv om jeg flyttet til nye omgivelser. Det kom til et tidspunkt da kroppen bare slukket.<\/p>\n<p class=\"_paragraph_o9xde_4 _paragraph_xtcu6_10 layout-component text-serif-m layout-normal text-serif-m layout-padded\">\u2013 Hva trigget det?<\/p>\n<p class=\"_paragraph_o9xde_4 _paragraph_xtcu6_10 layout-component text-serif-m layout-normal text-serif-m layout-padded\">\u2013 Det har jeg ikke et godt svar p\u00e5. Det sa bare bang, beskriver han. Ole Erevik var nylig kommet til den franske klubben Pays d&#8217;Aix i Frankrike. Det var vanskelig \u00e5 snakke med den nye arbeidsgiveren om det som plaget ham innvendig.<\/p>\n<p><img alt=\"Foto: Vidar Ruud \/ NTB\" class=\"_image_qp4xg_65 layout-component layout-normal\" data-fullscreen- data-track-element-type=\"Article image fullscreen\" data-track-name=\"ImageFullscreen\" decoding=\"async\" loading=\"lazy\" height=\"1602\" itemprop=\"image\"  src=\"https:\/\/www.europesays.com\/no\/wp-content\/uploads\/2025\/12\/48bd1452-ba2e-4a71-a166-b1a61996cbd5\"  style=\"object-position:0% 0%\" width=\"2104\"\/>Foto: Vidar Ruud \/ NTB<\/p>\n<p class=\"_paragraph_o9xde_4 _paragraph_xtcu6_10 layout-component text-serif-m layout-normal text-serif-m layout-padded\">Demningen brast da han kom p\u00e5 norsk landslagssamling h\u00f8sten 2015. Han \u00e5pnet seg for tidligere landslagssjef Christian Berge og hans dav\u00e6rende team. Landslagets lege, Thomas Torgalsen, skaffet raskt psykologisk hjelp.<\/p>\n<p class=\"_paragraph_o9xde_4 _paragraph_xtcu6_10 layout-component text-serif-m layout-normal text-serif-m layout-padded\">\u2013 Jeg satte meg bare ned p\u00e5 f\u00f8rste landslagstrening og sa \u00abjeg orker ikke mer\u00bb, forteller han. <\/p>\n<p class=\"_paragraph_o9xde_4 _paragraph_xtcu6_10 layout-component text-serif-m layout-normal text-serif-m layout-padded\">Ole Erevik hadde p\u00e5 dette tidspunktet spilt 160 ganger med flagget p\u00e5 brystet. M\u00e5lvakten ble sykmeldt og brukte lang tid p\u00e5 \u00e5 komme tilbake p\u00e5 banen, men var med p\u00e5 herrelandslagets gjennombrudd med 4. plass i EM 2016 og VM-s\u00f8lv \u00e5ret etterp\u00e5.<\/p>\n<p class=\"_paragraph_o9xde_4 _paragraph_xtcu6_10 layout-component text-serif-m layout-normal text-serif-m layout-padded\">Innimellom de to mesterskapene r\u00f8k keeperen p\u00e5 en akutt \u00f8yesykdom. Han m\u00e5tte spille med beskyttelsesbriller.<\/p>\n<p class=\"_paragraph_o9xde_4 _paragraph_xtcu6_10 layout-component text-serif-m layout-normal text-serif-m layout-padded\">\u2013 Jeg tror ikke det hadde noen sammenheng med depresjonen, sier han.<\/p>\n<p><img alt=\"Foto: Vidar Ruud \/ NTB\" class=\"_image_qp4xg_65 layout-component layout-normal\" data-fullscreen- data-track-element-type=\"Article image fullscreen\" data-track-name=\"ImageFullscreen\" decoding=\"async\" loading=\"lazy\" height=\"1990\" itemprop=\"image\"  src=\"https:\/\/www.europesays.com\/no\/wp-content\/uploads\/2025\/12\/b99f2bcd-463f-4f2c-ad8a-bf0e3828d958\"  style=\"object-position:0% 0%\" width=\"2713\"\/>Foto: Vidar Ruud \/ NTB<\/p>\n<p class=\"_paragraph_o9xde_4 _paragraph_xtcu6_10 layout-component text-serif-m layout-normal text-serif-m layout-padded\">\u2013 Hva har dette gjort med deg som menneske?<\/p>\n<p class=\"_paragraph_o9xde_4 _paragraph_xtcu6_10 layout-component text-serif-m layout-normal text-serif-m layout-padded\">\u2013 Det har v\u00e6rt utrolig l\u00e6rerikt. Jeg har mange gode minner som jeg pr\u00f8ver \u00e5 videref\u00f8re til min egen familie. S\u00e5 har jeg noen negative opplevelser som jeg ikke tar med meg inn dit. Jeg er klar over at jeg hverken er perfekt som privatperson eller i arbeidssituasjoner eller som partner eller far. Jeg forventer ikke at noen er perfekte, men jeg pr\u00f8ver \u00e5 gj\u00f8re det bedre enn det jeg selv opplevde, svarer han og fortsetter:<\/p>\n<p class=\"_paragraph_o9xde_4 _paragraph_xtcu6_10 layout-component text-serif-m layout-normal text-serif-m layout-padded\">\u2013 Det har gjort meg mer bevisst som far. Men det har ogs\u00e5 gjort meg til en mer introvert person. Jeg er veldig introvert.<\/p>\n<p class=\"_paragraph_o9xde_4 _paragraph_xtcu6_10 layout-component text-serif-m layout-normal text-serif-m layout-padded\">\u2013 Det kan vi ikke se p\u00e5 TV?<\/p>\n<p class=\"_paragraph_o9xde_4 _paragraph_xtcu6_10 layout-component text-serif-m layout-normal text-serif-m layout-padded\">\u2013 Jeg er profesjonelt ekstrovert. Men i sosiale settinger, hvor jeg ikke er trygg, er jeg ekstremt introvert. Det tror jeg kan ha med oppveksten \u00e5 gj\u00f8re. Jeg er ikke den beste til \u00e5 vise f\u00f8lelser. Hverken de gode eller n\u00e5r jeg er sur, lei meg eller forbannet. Jeg har aldri blitt en \u00abklemmer\u00bb. Jeg mangler den fysiske n\u00e6rheten til andre.<\/p>\n<p class=\"_paragraph_o9xde_4 _paragraph_xtcu6_10 layout-component text-serif-m layout-normal text-serif-m layout-padded\">VG har informert Ole Ereviks n\u00e6re omgivelser om denne saken. De \u00f8nsker ikke \u00e5 kommentere den.<\/p>\n","protected":false},"excerpt":{"rendered":"Ole Erevik oppfordrer voksne til \u00e5 tenke seg om f\u00f8r de drikker alkohol i juleh\u00f8ytiden. Erevik beskriver sin&hellip;\n","protected":false},"author":2,"featured_media":110747,"comment_status":"","ping_status":"","sticky":false,"template":"","format":"standard","meta":{"footnotes":""},"categories":[59],"tags":[1095,2319,105,9443,12118,30,28,29,13149,83,82],"class_list":{"0":"post-110746","1":"post","2":"type-post","3":"status-publish","4":"format-standard","5":"has-post-thumbnail","7":"category-sport","8":"tag-alkohol","9":"tag-familieliv","10":"tag-handball","11":"tag-handball-vm","12":"tag-juletradisjon","13":"tag-no","14":"tag-norge","15":"tag-norway","16":"tag-ole-erevik","17":"tag-sport","18":"tag-sports"},"share_on_mastodon":{"url":"https:\/\/pubeurope.com\/@no\/115703085257584006","error":""},"_links":{"self":[{"href":"https:\/\/www.europesays.com\/no\/wp-json\/wp\/v2\/posts\/110746","targetHints":{"allow":["GET"]}}],"collection":[{"href":"https:\/\/www.europesays.com\/no\/wp-json\/wp\/v2\/posts"}],"about":[{"href":"https:\/\/www.europesays.com\/no\/wp-json\/wp\/v2\/types\/post"}],"author":[{"embeddable":true,"href":"https:\/\/www.europesays.com\/no\/wp-json\/wp\/v2\/users\/2"}],"replies":[{"embeddable":true,"href":"https:\/\/www.europesays.com\/no\/wp-json\/wp\/v2\/comments?post=110746"}],"version-history":[{"count":0,"href":"https:\/\/www.europesays.com\/no\/wp-json\/wp\/v2\/posts\/110746\/revisions"}],"wp:featuredmedia":[{"embeddable":true,"href":"https:\/\/www.europesays.com\/no\/wp-json\/wp\/v2\/media\/110747"}],"wp:attachment":[{"href":"https:\/\/www.europesays.com\/no\/wp-json\/wp\/v2\/media?parent=110746"}],"wp:term":[{"taxonomy":"category","embeddable":true,"href":"https:\/\/www.europesays.com\/no\/wp-json\/wp\/v2\/categories?post=110746"},{"taxonomy":"post_tag","embeddable":true,"href":"https:\/\/www.europesays.com\/no\/wp-json\/wp\/v2\/tags?post=110746"}],"curies":[{"name":"wp","href":"https:\/\/api.w.org\/{rel}","templated":true}]}}