{"id":110750,"date":"2025-12-11T21:41:15","date_gmt":"2025-12-11T21:41:15","guid":{"rendered":"https:\/\/www.europesays.com\/no\/110750\/"},"modified":"2025-12-11T21:41:15","modified_gmt":"2025-12-11T21:41:15","slug":"har-brukt-40-millioner-pa-to-boliger-i-samme-nabolag-fvn-no","status":"publish","type":"post","link":"https:\/\/www.europesays.com\/no\/110750\/","title":{"rendered":"(+) Har brukt 40 millioner p\u00e5 to boliger i samme nabolag &#8211; fvn.no"},"content":{"rendered":"<ol>\n<li><a href=\"https:\/\/news.google.com\/rss\/articles\/CBMioAFBVV95cUxQOVI1bGVzMlJIZjFQd2FCRDJuOTZWVjU2OEFEdENObDhwdWhCLVpRTE1kN3VkdmhwamRBRE0zUGtKRVRpVU51YW1nVEdPMXhkTW5xdzhWR2VNdFBERTFCUEtZSXZkaFdJNmJCX0c3ejY3dkZBMUpDRDUyVUJweTBlSHRiaE9VeG9UaEFGeXRiMFg0alZJdUk2eXMwMXVZbVZZ?oc=5\" target=\"_blank\" rel=\"nofollow noopener\">(+) Har brukt 40 millioner p\u00e5 to boliger i samme nabolag<\/a>&nbsp;&nbsp;fvn.no<\/li>\n<li><a href=\"https:\/\/news.google.com\/rss\/articles\/CBMirAFBVV95cUxNZkt2cXh5ZVdfajNCOFlJcDdENXVMR3UzQWFwdGxNNm5Md3pqSjg4ZGoweXBXSHBDYjFHLUNWcGZxcmxSVkc0dFNZaC16YTVDU0I0eE5VT09BWU9yanRmak1FMTlsTjRKTzVsc2RqR3dIaHlFR3FqOGZsbzNDdnduSTJDMWdUcnFIY2wtcFdLNWQwRzBwN2loZENRWkJNV19mV2RfeFNGVW53Y3Ry?oc=5\" target=\"_blank\" rel=\"nofollow noopener\">Norge-stjernen har brukt 40 millioner p\u00e5 boliger i Oslo-str\u00f8k<\/a>&nbsp;&nbsp;Nettavisen<\/li>\n<li><a href=\"https:\/\/news.google.com\/rss\/articles\/CBMif0FVX3lxTE4yYjB5ODFTQ0s1VWZ0M0tsc1lvbzBLSXBpa0xON29PbTA1dXNWOFczc1R5WndyQnRLT3IzMjB4ZXo0bml0dmFTdmxIQnd2V3E3SlBnZldyeEEtT3dhRXpBM2hocmFXYU9sbkdvekR2aW1NeUxUeFNxUXc3dnN0MGs?oc=5\" target=\"_blank\" rel=\"nofollow noopener\">Kj\u00f8per bolig nummer to p\u00e5 Rodel\u00f8kka<\/a>&nbsp;&nbsp;E24<\/li>\n<li><a href=\"https:\/\/news.google.com\/rss\/articles\/CBMingFBVV95cUxNMDVHQUYzUmVlN2ZYcjI1bS1paEhHZGJjSjdQTmJzdUtscTVPa1BMcW1BVU1nRXU2cmp1c2F0QnV3N0R3YzJRbldzT1RUMHV0bE5zcjZuN2NiOUdzd3U0NEdtMHJkbnNhMWszTXFBV1BRTDZwZnBWUUZpM3haNlFidVdQQzlySGJ6V3FhSUNkY3R1N3pkNGpPWkhrczFRZw?oc=5\" target=\"_blank\" rel=\"nofollow noopener\">Julian Ryerson har forelsket seg i Rodel\u00f8kka<\/a>&nbsp;&nbsp;Finansavisen<\/li>\n<li><a href=\"https:\/\/news.google.com\/rss\/articles\/CBMiowFBVV95cUxPbjdrRDBNdzhCREtsMjY4Rm5lY3E5Wks4M2g5Y2VBQ1hvX0NrWUkwWEdYS2hoRkJud2ZSbDNQaGRKUWoyb3J0bFpEc21OVUJMYjNEcGVsQUJLQ2NfTUlJb1dFRTdQRnY5c091Y2szZjVtMk4zZEp0UldyWUNBaWY1WDRrUWpCUGp0TnY0UV9aTV9hQUw3YlphcjFlQV9XUG9UY3hB?oc=5\" target=\"_blank\" rel=\"nofollow noopener\">Landslagsspiller kj\u00f8per sin andre bolig p\u00e5 Rodel\u00f8kka<\/a>&nbsp;&nbsp;Avisa Oslo<\/li>\n<\/ol>\n","protected":false},"excerpt":{"rendered":"(+) Har brukt 40 millioner p\u00e5 to boliger i samme nabolag&nbsp;&nbsp;fvn.no Norge-stjernen har brukt 40 millioner p\u00e5 boliger&hellip;\n","protected":false},"author":2,"featured_media":110751,"comment_status":"","ping_status":"","sticky":false,"template":"","format":"standard","meta":{"footnotes":""},"categories":[59],"tags":[237,92,8496,717,30,28,29,636,83,82],"class_list":{"0":"post-110750","1":"post","2":"type-post","3":"status-publish","4":"format-standard","5":"has-post-thumbnail","7":"category-sport","8":"tag-bolig","9":"tag-fotball","10":"tag-julian-ryerson","11":"tag-lyngdal","12":"tag-no","13":"tag-norge","14":"tag-norway","15":"tag-oslo","16":"tag-sport","17":"tag-sports"},"share_on_mastodon":{"url":"https:\/\/pubeurope.com\/@no\/115703112192646176","error":""},"_links":{"self":[{"href":"https:\/\/www.europesays.com\/no\/wp-json\/wp\/v2\/posts\/110750","targetHints":{"allow":["GET"]}}],"collection":[{"href":"https:\/\/www.europesays.com\/no\/wp-json\/wp\/v2\/posts"}],"about":[{"href":"https:\/\/www.europesays.com\/no\/wp-json\/wp\/v2\/types\/post"}],"author":[{"embeddable":true,"href":"https:\/\/www.europesays.com\/no\/wp-json\/wp\/v2\/users\/2"}],"replies":[{"embeddable":true,"href":"https:\/\/www.europesays.com\/no\/wp-json\/wp\/v2\/comments?post=110750"}],"version-history":[{"count":0,"href":"https:\/\/www.europesays.com\/no\/wp-json\/wp\/v2\/posts\/110750\/revisions"}],"wp:featuredmedia":[{"embeddable":true,"href":"https:\/\/www.europesays.com\/no\/wp-json\/wp\/v2\/media\/110751"}],"wp:attachment":[{"href":"https:\/\/www.europesays.com\/no\/wp-json\/wp\/v2\/media?parent=110750"}],"wp:term":[{"taxonomy":"category","embeddable":true,"href":"https:\/\/www.europesays.com\/no\/wp-json\/wp\/v2\/categories?post=110750"},{"taxonomy":"post_tag","embeddable":true,"href":"https:\/\/www.europesays.com\/no\/wp-json\/wp\/v2\/tags?post=110750"}],"curies":[{"name":"wp","href":"https:\/\/api.w.org\/{rel}","templated":true}]}}