{"id":110762,"date":"2025-12-11T21:55:32","date_gmt":"2025-12-11T21:55:32","guid":{"rendered":"https:\/\/www.europesays.com\/no\/110762\/"},"modified":"2025-12-11T21:55:32","modified_gmt":"2025-12-11T21:55:32","slug":"stale-solbakken-forlenger-fortsetter-som-landslagssjef","status":"publish","type":"post","link":"https:\/\/www.europesays.com\/no\/110762\/","title":{"rendered":"St\u00e5le Solbakken forlenger &#8211; fortsetter som landslagssjef"},"content":{"rendered":"<p>Nyheten ble bekreftet p\u00e5 en pressekonferanse p\u00e5 Ullevaal stadion torsdag ettermiddag.\u00a0<\/p>\n<p> Den nye kontrakten l\u00f8per til og med et eventuelt EM i 2028. <\/p>\n<p>\u2013 Det er en glede \u00e5 kunne si at vi har forlenget avtalen med Solbakken. Vi var aldri i tvil om at vi ville forlenge med ham, sier president i Norges Fotballforbund Lise Klaveness.<\/p>\n<p class=\"bold m-bold\" data-lab-font_weight=\"bold\">Hun opplyser at Solbakken f\u00e5r ti millioner kroner i \u00e5rsl\u00f8nn som landslagssjef. Hans tidligere \u00e5rsl\u00f8nn var p\u00e5 seks millioner kroner.<\/p>\n<p data-lab-font_weight=\"\">Han vil ogs\u00e5 f\u00e5 en bonus p\u00e5 fem millioner kroner om Norge kvalifiserer seg til EM i 2028.<\/p>\n<p>        <img class=\"image__img lazyload\" itemprop=\"image\" title=\"Foto: Stian Lysberg Solum \/ NTB\" alt=\"SKREV UNDER: St\u00e5le Solbakken skrev under sin nye kontrakt underveis i pressekonferansen. Foto: Stian Lysberg Solum \/ NTB\" width=\"978\" height=\"656\" bad-src=\"https:\/\/www.europesays.com\/no\/wp-content\/uploads\/2025\/12\/18376678.webp\" fetchpriority=\"auto\" \/><\/p>\n<p>      SKREV UNDER: St\u00e5le Solbakken skrev under sin nye kontrakt underveis i pressekonferansen.<br \/>\n         Foto: Stian Lysberg Solum \/ NTB<\/p>\n<p>Har f\u00e5tt store tilbud<\/p>\n<p data-lab-font_weight=\"\">\u2013 Ti millioner kroner er voldsomt mye penger, sier Solbakken om summen, samtidig som han begrunnet det med at markedsverdien sin er langt h\u00f8yere om han hadde valgt \u00e5 heller g\u00e5 tilbake som klubbtrener.<\/p>\n<p data-lab-font_weight=\"\">Landslagssjefen bekrefter at han kunne takket ja til andre tilbud med \u00e5rsl\u00f8nn p\u00e5 opp mot 40 millioner kroner.<\/p>\n<p data-lab-font_weight=\"\">\u2013 Det var tilbud som jeg eventuelt m\u00e5tte kombinert med den jobben her, som egentlig er umulig. S\u00e5 var det ogs\u00e5 noen som ville vente til etter VM, sier han til TV 2 om jobbtilbudene. <\/p>\n<p>Solbakken sin kontrakt utl\u00f8p opprinnelig etter VM i USA, Canada og Mexico til sommeren.\u00a0<\/p>\n<p> Underveis i pressekonferansen skrev han offisielt under kontrakten. <\/p>\n<p class=\"italic m-italic\" data-lab-italic=\"italic\">\u2013 N\u00e5r bestemte du deg?<\/p>\n<p>\u2013 Det er egentlig de siste dagene. Jeg har hatt andre muligheter som jeg har visst om i ganske lang tid. De mulighetene ble st\u00f8rre i takt med resultatene. Men jeg har landet p\u00e5 at det er dette jeg vil gj\u00f8re n\u00e5, og jeg har en veldig god f\u00f8lelse p\u00e5 det, sier Solbakken.<\/p>\n<p class=\"bold m-bold\" data-lab-font_weight=\"bold\">Til TV 2 opplyser han at det endelig valget ble tatt i begynnelsen av denne uken.<\/p>\n<p> \u2013 Jeg har en ro i magen og gleder meg utrolig mye til det hele Norge gleder seg til, sier Solbakken.<\/p>\n<p>        <img class=\"image__img lazyload\" itemprop=\"image\" title=\"Foto: Stian Lysberg Solum \/ NTB\" alt=\"L\u00c5 I KORTENE: St\u00e5le Solbakken kom smilende til pressekonferansen. I forkant hadde TV 2 og flere medier gjort det klart at mye tydet p\u00e5 at Solbakken kom til \u00e5 forlenge sin kontrakt. Foto: Stian Lysberg Solum \/ NTB\" width=\"978\" height=\"656\" bad-src=\"https:\/\/www.europesays.com\/no\/wp-content\/uploads\/2025\/12\/18376803.webp\" fetchpriority=\"auto\" \/><\/p>\n<p>      L\u00c5 I KORTENE: St\u00e5le Solbakken kom smilende til pressekonferansen. I forkant hadde TV 2 og flere medier gjort det klart at mye tydet p\u00e5 at Solbakken kom til \u00e5 forlenge sin kontrakt.<br \/>\n         Foto: Stian Lysberg Solum \/ NTB<\/p>\n<p>\u2013 Kunne tjent langt mer<\/p>\n<p> \u2013 St\u00e5le er ettertraktet, s\u00e5 det var ikke bare enkelt, sier generalsekret\u00e6r Karl Petter L\u00f8ken.<\/p>\n<p>Han har tidligere v\u00e6rt klar p\u00e5 at mesterskapet blir hans siste som norsk landslagssjef, men 57-\u00e5ringen har gradvis \u00e5pnet mer og mer opp for \u00e5 forlenge kontrakten med Norges Fotballforbund.\u00a0<\/p>\n<p>Solbakken og NFF har i det siste har v\u00e6rt i samtaler om en ny avtale, og n\u00e5 er en ny avtale alts\u00e5 i boks. Solbakken leder Norge ogs\u00e5 etter Norges f\u00f8rste mesterskap p\u00e5 26 \u00e5r.\u00a0<\/p>\n<p> \u2013 St\u00e5le Solbakken har virkelig f\u00e5tt sving p\u00e5 landslaget, og p\u00e5 vei inn i et VM er det viktig \u00e5 f\u00e5 en avklaring p\u00e5 hans posisjon. Dette gir mening for alle parter, sier TV 2s fotballekspert Jesper Mathisen.<\/p>\n<p><b>Han mener det er naturlig at l\u00f8nnen blir h\u00f8yere.<\/b><\/p>\n<p><b> \u2013 Han kunne garantert tjent langt mer enn det andre steder, og med de resultatene landslaget har hatt de siste \u00e5rene har det garantert v\u00e6rt nok av alternativer. N\u00e5r det presteres som fotballtrener, s\u00e5 fortjenes det h\u00f8yere l\u00f8nn, og presterer man ikke kan man noen ganger ende opp med sparken, sier Mathisen.<br \/><\/b><\/p>\n<p>Etter VM er EM i Storbritannia og Irland i 2028 neste m\u00e5l. Solbakken ble ansatt som norsk landslagssjef i desember 2020.\u00a0<\/p>\n","protected":false},"excerpt":{"rendered":"Nyheten ble bekreftet p\u00e5 en pressekonferanse p\u00e5 Ullevaal stadion torsdag ettermiddag.\u00a0 Den nye kontrakten l\u00f8per til og med&hellip;\n","protected":false},"author":2,"featured_media":110763,"comment_status":"","ping_status":"","sticky":false,"template":"","format":"standard","meta":{"footnotes":""},"categories":[59],"tags":[30,28,29,83,82],"class_list":{"0":"post-110762","1":"post","2":"type-post","3":"status-publish","4":"format-standard","5":"has-post-thumbnail","7":"category-sport","8":"tag-no","9":"tag-norge","10":"tag-norway","11":"tag-sport","12":"tag-sports"},"share_on_mastodon":{"url":"https:\/\/pubeurope.com\/@no\/115703167254865451","error":""},"_links":{"self":[{"href":"https:\/\/www.europesays.com\/no\/wp-json\/wp\/v2\/posts\/110762","targetHints":{"allow":["GET"]}}],"collection":[{"href":"https:\/\/www.europesays.com\/no\/wp-json\/wp\/v2\/posts"}],"about":[{"href":"https:\/\/www.europesays.com\/no\/wp-json\/wp\/v2\/types\/post"}],"author":[{"embeddable":true,"href":"https:\/\/www.europesays.com\/no\/wp-json\/wp\/v2\/users\/2"}],"replies":[{"embeddable":true,"href":"https:\/\/www.europesays.com\/no\/wp-json\/wp\/v2\/comments?post=110762"}],"version-history":[{"count":0,"href":"https:\/\/www.europesays.com\/no\/wp-json\/wp\/v2\/posts\/110762\/revisions"}],"wp:featuredmedia":[{"embeddable":true,"href":"https:\/\/www.europesays.com\/no\/wp-json\/wp\/v2\/media\/110763"}],"wp:attachment":[{"href":"https:\/\/www.europesays.com\/no\/wp-json\/wp\/v2\/media?parent=110762"}],"wp:term":[{"taxonomy":"category","embeddable":true,"href":"https:\/\/www.europesays.com\/no\/wp-json\/wp\/v2\/categories?post=110762"},{"taxonomy":"post_tag","embeddable":true,"href":"https:\/\/www.europesays.com\/no\/wp-json\/wp\/v2\/tags?post=110762"}],"curies":[{"name":"wp","href":"https:\/\/api.w.org\/{rel}","templated":true}]}}