{"id":110790,"date":"2025-12-11T22:22:15","date_gmt":"2025-12-11T22:22:15","guid":{"rendered":"https:\/\/www.europesays.com\/no\/110790\/"},"modified":"2025-12-11T22:22:15","modified_gmt":"2025-12-11T22:22:15","slug":"influensasesong-sykdom-influensautbruddet-oker-kraftig-i-ostfold-ventes-betydelig-mer-influensa-i-omlop-for-jul-enn-tidligere","status":"publish","type":"post","link":"https:\/\/www.europesays.com\/no\/110790\/","title":{"rendered":"Influensasesong, Sykdom | Influensautbruddet \u00f8ker kraftig i \u00d8stfold: \u2013 Ventes betydelig mer influensa i oml\u00f8p f\u00f8r jul enn tidligere"},"content":{"rendered":"\n<p>Influensautbruddet i Norge er \u00f8kende, og sykehusene m\u00e5 forberede seg p\u00e5 flere innleggelser, melder Folkehelseinstituttet.<\/p>\n<p>Andelen pr\u00f8ver med p\u00e5vist influensavirus var p\u00e5 23 prosent i uke 49, opp fra 16 prosent uken f\u00f8r.<\/p>\n<p>17 d\u00f8dsfall forrige uke<\/p>\n<p>Det er stor geografisk variasjon i utbruddet. H\u00f8yest influensaforekomst er det i Akershus med 33 prosent, Oslo med 32 prosent, \u00d8stfold med 32 prosent og M\u00f8re og Romsdal med 28 prosent.<\/p>\n<p>Forekomsten \u00f8ker i alle aldersgrupper, og er h\u00f8yest blant skolebarn. I aldersgruppen 5\u201314 \u00e5r var 47 prosent av pr\u00f8vene positive.<\/p>\n<p>\u2013 Det er viktig at uvaksinerte eldre, barn i risikogrupper og helsepersonell med pasientkontakt vaksinerer seg s\u00e5 raskt som mulig, heter det i rapporten fra <a rel=\"noopener nofollow\" href=\"https:\/\/www.fhi.no\/publ\/statusrapporter\/luftveisinfeksjoner\/\" target=\"_blank\">Folkehelseinstituttet<\/a>.<\/p>\n<p>I uke 49 ble det rapportert om 438 sykehusinnleggelser med influensa, etter 289 uken f\u00f8r. Det ble registrert 17 d\u00f8dsfall assosiert med influensa i uke 49, etter \u00e5tte uken f\u00f8r.<\/p>\n<p>Leverer rapport f\u00f8r jul<\/p>\n<p>If\u00f8lge FHI vil det bli langt flere som blir syke n\u00e5r vi n\u00e6rmer oss jul.<\/p>\n<p>\u2013 Til tross for tidlig sesongstart, forl\u00f8per sesongen s\u00e5 langt som normalt, men i regioner hvor utbruddet er i gang \u00f8ker smitten raskt. Som ventet \u00f8ker ogs\u00e5 antall sykehusinnleggelser i takt med \u00f8kende smitte, og aldersfordelingen blant disse er som normalt. Det ventes betydelig mer influensa i oml\u00f8p f\u00f8r jul enn tidligere \u00e5r. Folkehelseinstituttet f\u00f8lger situasjonen n\u00f8ye og vil publisere en \u00abUtsikter for sesongen\u00bb-rapport f\u00f8r jul, skriver FHI p\u00e5 sine nettsider.<\/p>\n<p>If\u00f8lge Folkegelseinstituttet er det flere \u00e5r siden influensa A(H3N2)-virus har dominert influensautbruddene. De skriver at den nyere \u00abK\u00bb-varianten av dette viruset driver utbruddet og har ogs\u00e5 st\u00e5tt for en tidlig sesongstart i flere land.<\/p>\n","protected":false},"excerpt":{"rendered":"Influensautbruddet i Norge er \u00f8kende, og sykehusene m\u00e5 forberede seg p\u00e5 flere innleggelser, melder Folkehelseinstituttet. Andelen pr\u00f8ver med&hellip;\n","protected":false},"author":2,"featured_media":110791,"comment_status":"","ping_status":"","sticky":false,"template":"","format":"standard","meta":{"footnotes":""},"categories":[10],"tags":[36,20,21,24,25,3525,15,13616,5593,22,23,13,30,28,29,14,16,656,1510,1185,26,27],"class_list":{"0":"post-110790","1":"post","2":"type-post","3":"status-publish","4":"format-standard","5":"has-post-thumbnail","7":"category-norge","8":"tag-art","9":"tag-breaking-news","10":"tag-breakingnews","11":"tag-featured-news","12":"tag-featurednews","13":"tag-folkehelseinstituttet","14":"tag-headlines","15":"tag-influensasesong","16":"tag-jul","17":"tag-latest-news","18":"tag-latestnews","19":"tag-news","20":"tag-no","21":"tag-norge","22":"tag-norway","23":"tag-nyheter","24":"tag-overskrifter","25":"tag-ostfold","26":"tag-story","27":"tag-sykdom","28":"tag-top-stories","29":"tag-topstories"},"share_on_mastodon":{"url":"https:\/\/pubeurope.com\/@no\/115703273412397167","error":""},"_links":{"self":[{"href":"https:\/\/www.europesays.com\/no\/wp-json\/wp\/v2\/posts\/110790","targetHints":{"allow":["GET"]}}],"collection":[{"href":"https:\/\/www.europesays.com\/no\/wp-json\/wp\/v2\/posts"}],"about":[{"href":"https:\/\/www.europesays.com\/no\/wp-json\/wp\/v2\/types\/post"}],"author":[{"embeddable":true,"href":"https:\/\/www.europesays.com\/no\/wp-json\/wp\/v2\/users\/2"}],"replies":[{"embeddable":true,"href":"https:\/\/www.europesays.com\/no\/wp-json\/wp\/v2\/comments?post=110790"}],"version-history":[{"count":0,"href":"https:\/\/www.europesays.com\/no\/wp-json\/wp\/v2\/posts\/110790\/revisions"}],"wp:featuredmedia":[{"embeddable":true,"href":"https:\/\/www.europesays.com\/no\/wp-json\/wp\/v2\/media\/110791"}],"wp:attachment":[{"href":"https:\/\/www.europesays.com\/no\/wp-json\/wp\/v2\/media?parent=110790"}],"wp:term":[{"taxonomy":"category","embeddable":true,"href":"https:\/\/www.europesays.com\/no\/wp-json\/wp\/v2\/categories?post=110790"},{"taxonomy":"post_tag","embeddable":true,"href":"https:\/\/www.europesays.com\/no\/wp-json\/wp\/v2\/tags?post=110790"}],"curies":[{"name":"wp","href":"https:\/\/api.w.org\/{rel}","templated":true}]}}