{"id":110812,"date":"2025-12-11T22:46:16","date_gmt":"2025-12-11T22:46:16","guid":{"rendered":"https:\/\/www.europesays.com\/no\/110812\/"},"modified":"2025-12-11T22:46:16","modified_gmt":"2025-12-11T22:46:16","slug":"siktede-for-drapet-pa-charlie-kirk-motte-i-retten-for-forste-gang","status":"publish","type":"post","link":"https:\/\/www.europesays.com\/no\/110812\/","title":{"rendered":"Siktede for drapet p\u00e5 Charlie Kirk m\u00f8tte i retten for f\u00f8rste gang"},"content":{"rendered":"\n<p class=\"_lead_o9xde_2 _lead_xtcu6_50 layout-component text-serif-m layout-normal text-serif-l layout-component layout-wide layout-padded _wide_17hqh_1 layout-padded\">Flere amerikanske medier kjemper n\u00e5 for retten til full \u00e5penhet i rettssaken mot siktede Tyler Robinson.<\/p>\n<p> <img class=\"_image_qp4xg_65 layout-component layout-wide\" data-fullscreen- data-track-element-type=\"Article image fullscreen\" data-track-name=\"ImageFullscreen\" fetchpriority=\"high\" decoding=\"sync\" loading=\"eager\" height=\"181\" itemprop=\"image\"  src=\"https:\/\/www.europesays.com\/no\/wp-content\/uploads\/2025\/12\/d05ae3b1751e54992f8b41f352be5e1c.jpg\"  style=\"object-position:50% 50%;aspect-ratio:1.75;height:auto;object-fit:cover;width:100%\" width=\"102\"\/>  <\/p>\n<ul aria-hidden=\"true\" class=\"_images_ntbth_112\">\n<li><a class=\"_link_ntbth_117\" href=\"https:\/\/www.vg.no\/forfatter\/anja-ariel-toernes-brekke\" style=\"z-index:2\" title=\"Anja A. T. Brekke\" rel=\"nofollow noopener\" target=\"_blank\"><img alt=\"Bilde av Anja A. T. Brekke\" class=\"_image_ntbth_93\" fetchpriority=\"low\" loading=\"lazy\" decoding=\"async\" itemprop=\"image\"  src=\"https:\/\/www.europesays.com\/no\/wp-content\/uploads\/2025\/12\/1765493171_921_064db0a6-f784-4fee-a84a-81e3f5807bb6\"  width=\"480\"\/><\/a><\/li>\n<li><a class=\"_link_ntbth_117\" href=\"https:\/\/www.vg.no\/forfatter\/anton-lier\" style=\"z-index:1\" title=\"Anton Lier\" rel=\"nofollow noopener\" target=\"_blank\"><img alt=\"Bilde av Anton Lier\" class=\"_image_ntbth_93\" fetchpriority=\"low\" loading=\"lazy\" decoding=\"async\" itemprop=\"image\"  src=\"https:\/\/www.europesays.com\/no\/wp-content\/uploads\/2025\/12\/c9508846-652a-4f47-92ce-de6ab3444f63\"  width=\"480\"\/><\/a><\/li>\n<\/ul>\n<p> Oppdatert torsdag 11. desember kl. 23:22    <\/p>\n<ul class=\"_list_o9xde_3 _list_64s2r_85 _unordered_o9xde_106 text-sans-m\">\n<li class=\"_item_o9xde_30\">Tyler Robinson m\u00f8tte i retten for f\u00f8rste gang etter drapssiktelsen mot Charlie Kirk.<\/li>\n<li class=\"_item_o9xde_30\">Robinson risikerer d\u00f8dsstraff og hans advokater \u00f8nsker \u00e5 begrense mediedekningen.<\/li>\n<li class=\"_item_o9xde_30\">Kirks enke, Erika Kirk, st\u00f8tter kameradekning i retten.<\/li>\n<li class=\"_item_o9xde_30\">Flere medier kjemper for full \u00e5penhet i rettssaken.<\/li>\n<\/ul>\n<p>Vis mer <\/p>\n<p class=\"_paragraph_o9xde_4 _paragraph_xtcu6_10 layout-component text-serif-m layout-normal text-serif-m layout-padded\">For f\u00f8rste gang siden han ble arrestert, m\u00f8tte Tyler Robinson (22) personlig i tingretten i Utah. Tidligere har han kun deltatt over video eller lyd fra fengselet. <\/p>\n<p class=\"_paragraph_o9xde_4 _paragraph_xtcu6_10 layout-component text-serif-m layout-normal text-serif-m layout-padded\">Robinson er siktet for \u00e5 ha skutt og drept 31 \u00e5r gamle Charlie Kirk og risikerer <a href=\"https:\/\/www.vg.no\/nyheter\/i\/jQRWve\/paatalemyndigheten-om-siktede-etter-kirk-drapet\" data-track-element-type=\"Link\" data-track-id=\"link:jQRWve\" class=\"_link_o9xde_39\" rel=\"nofollow noopener\" target=\"_blank\">d\u00f8dsstraff<\/a>.<\/p>\n<p class=\"_paragraph_o9xde_4 _paragraph_xtcu6_10 layout-component text-serif-m layout-normal text-serif-m layout-padded\">Kirk ble drept den 10. september mens han holdt et foredrag for organisasjonen Turning Point USA ved Utah Valley University, kun noen kilometer fra tingretten. <\/p>\n<p>Familien til stede<\/p>\n<p class=\"_paragraph_o9xde_4 _paragraph_xtcu6_10 layout-component text-serif-m layout-normal text-serif-m layout-padded\">Robinson satt ved siden av forsvarerne sine, ikledd lysebl\u00e5 skjorte, stripete slips og kakibukser, skriver nyhetsbyr\u00e5et AP, som var til stede i tingretten. <\/p>\n<p><img alt=\"Foto: RICK EGAN \/ POOL \/ EPA \/ NTB\" class=\"_image_qp4xg_65 layout-component layout-normal\" data-fullscreen- data-track-element-type=\"Article image fullscreen\" data-track-name=\"ImageFullscreen\" decoding=\"async\" loading=\"lazy\" height=\"2400\" itemprop=\"image\"  src=\"https:\/\/www.europesays.com\/no\/wp-content\/uploads\/2025\/12\/c0a18225-9615-4afb-808a-cf8062b9cc87\"  style=\"object-position:0% 0%\" width=\"3600\"\/>Foto: RICK EGAN \/ POOL \/ EPA \/ NTB<\/p>\n<p class=\"_paragraph_o9xde_4 _paragraph_xtcu6_10 layout-component text-serif-m layout-normal text-serif-m layout-padded\">Begge foreldrene hans og broren til Robinson var ogs\u00e5 til stede, bemerket forsvareren hans Richard Novak. <\/p>\n<p class=\"_paragraph_o9xde_4 _paragraph_xtcu6_10 layout-component text-serif-m layout-normal text-serif-m layout-padded\">Robinson er tiltalt for grovt drap, ulovlig bruk av skytev\u00e5pen, hindring av rettferdighet og vitnemanipulasjon.<\/p>\n<p><img alt=\"Charlie Kirk snakket p\u00e5 et politisk arrangementet p\u00e5 Utah Valley University, da han ble skutt og drept.   Foto: Trent Nelson\/The Salt Lake Tribune \/ Reuters \/ NTB\" class=\"_image_qp4xg_65 layout-component layout-normal\" data-fullscreen- data-track-element-type=\"Article image fullscreen\" data-track-name=\"ImageFullscreen\" decoding=\"async\" loading=\"lazy\" height=\"2667\" itemprop=\"image\"  src=\"https:\/\/www.europesays.com\/no\/wp-content\/uploads\/2025\/12\/048a9ea7-5466-4914-a208-068f4b03ee22\"  style=\"object-position:0% 0%\" width=\"4000\"\/>Charlie Kirk snakket p\u00e5 et politisk arrangementet p\u00e5 Utah Valley University, da han ble skutt og drept.   Foto: Trent Nelson\/The Salt Lake Tribune \/ Reuters \/ NTB<\/p>\n<p class=\"_paragraph_o9xde_4 _paragraph_xtcu6_10 layout-component text-serif-m layout-normal text-serif-m layout-padded\">Dagens rettsm\u00f8te handler hovedsakelig om sp\u00f8rsm\u00e5l knyttet til \u00e5penhet og offentlig tilgang til rettssaken. <\/p>\n<p>Vil forby kameraer<\/p>\n<p class=\"_paragraph_o9xde_4 _paragraph_xtcu6_10 layout-component text-serif-m layout-normal text-serif-m layout-padded\">Robinsons advokater \u00f8nsker \u00e5 begrense mediedekningen for \u00e5 sikre en rettferdig rettergang, og har bedt om forbud mot kameraer i rettssalen.<\/p>\n<p class=\"_paragraph_o9xde_4 _paragraph_xtcu6_10 layout-component text-serif-m layout-normal text-serif-m layout-padded\">De frykter at det kan \u00f8delegge for hans rett til en rettferdig rettsbehandling.<\/p>\n<p><img alt=\"Foto: RICK EGAN \/ POOL \/ EPA \/ NTB\" class=\"_image_qp4xg_65 layout-component layout-normal\" data-fullscreen- data-track-element-type=\"Article image fullscreen\" data-track-name=\"ImageFullscreen\" decoding=\"async\" loading=\"lazy\" height=\"2400\" itemprop=\"image\"  src=\"https:\/\/www.europesays.com\/no\/wp-content\/uploads\/2025\/12\/c719f07d-6219-4a09-8107-5819bbbe42b0\"  style=\"object-position:0% 0%\" width=\"3600\"\/>Foto: RICK EGAN \/ POOL \/ EPA \/ NTB<\/p>\n<p class=\"_paragraph_o9xde_4 _paragraph_xtcu6_10 layout-component text-serif-m layout-normal text-serif-m layout-padded\">Etter kort tid ble d\u00f8rene til rettsm\u00f8tet lukket. Publikum, presse og Robinsons familie ble bedt om \u00e5 forlate salen. <\/p>\n<p class=\"_paragraph_o9xde_4 _paragraph_xtcu6_10 layout-component text-serif-m layout-normal text-serif-m layout-padded\">Under det lukkede m\u00f8tet skal dommer Tony Graf og advokatene diskutere hva som kan offentliggj\u00f8res fra de tidligere lukkede rettsm\u00f8tene, skriver Reuters. <\/p>\n<p><img alt=\"Dommer Tony Graf.   Foto: Laura Seitz \/ Reuters \/ NTB\" class=\"_image_qp4xg_65 layout-component layout-normal\" data-fullscreen- data-track-element-type=\"Article image fullscreen\" data-track-name=\"ImageFullscreen\" decoding=\"async\" loading=\"lazy\" height=\"2014\" itemprop=\"image\"  src=\"https:\/\/www.europesays.com\/no\/wp-content\/uploads\/2025\/12\/5314b3fd-b982-428e-896c-52858a83e4ee\"  style=\"object-position:0% 0%\" width=\"3000\"\/>Dommer Tony Graf.   Foto: Laura Seitz \/ Reuters \/ NTB<\/p>\n<p class=\"_paragraph_o9xde_4 _paragraph_xtcu6_10 layout-component text-serif-m layout-normal text-serif-m layout-padded\">Flere nasjonale og lokale nyhetsorganisasjoner kjemper n\u00e5 for \u00e5 bevare medienes tilgang i saken, skriver Ap, som ogs\u00e5 stiller seg bak dette.<\/p>\n<p class=\"_paragraph_o9xde_4 _paragraph_xtcu6_10 layout-component text-serif-m layout-normal text-serif-m layout-padded\">Allerede er det strenge regler til hvordan pressen kan dekke saken. <\/p>\n<p class=\"_paragraph_o9xde_4 _paragraph_xtcu6_10 layout-component text-serif-m layout-normal text-serif-m layout-padded\">Siktede Robinson f\u00e5r m\u00f8te i sivile kl\u00e6r, men m\u00e5 v\u00e6re fysisk fastspent av sikkerhetshensyn. Mediene har f\u00e5tt ogs\u00e5 blitt i lagt forbud mot \u00e5 filme eller fotografere lenkene hans.<\/p>\n<p>\u00d8nsker kameraer<\/p>\n<p class=\"_paragraph_o9xde_4 _paragraph_xtcu6_10 layout-component text-serif-m layout-normal text-serif-m layout-padded\">Charlie Kirks enke, Erika Kirk, har v\u00e6rt tydelig p\u00e5 at hun \u00f8nsker kameraer til stede. <\/p>\n<p class=\"_paragraph_o9xde_4 _paragraph_xtcu6_10 layout-component text-serif-m layout-normal text-serif-m layout-padded\">\u2013 Det var kameraer overalt rettet mot min ektemann da han ble drept. Det har v\u00e6rt kameraer rettet mot mine venner og min familie \u2013 som s\u00f8rger. Det har v\u00e6rt kameraer rettet mot meg konstant, som analyserer den minste av mine bevegelser, hvert eneste smil, hver eneste t\u00e5re, sa Kirk i et TV-intervju med Fox News 5. november. <\/p>\n<p class=\"_paragraph_o9xde_4 _paragraph_xtcu6_10 layout-component text-serif-m layout-normal text-serif-m layout-padded\">\u2013 Vi fortjener \u00e5 ha kameraer der inne, la hun til.<\/p>\n<p><img alt=\"Erika Kirk da hun deltok p\u00e5 programmet Fox &amp; Friends 9. desember.   Foto: Evan Agostini \/ AP \/ NTB\" class=\"_image_qp4xg_65 layout-component layout-normal\" data-fullscreen- data-track-element-type=\"Article image fullscreen\" data-track-name=\"ImageFullscreen\" decoding=\"async\" loading=\"lazy\" height=\"2394\" itemprop=\"image\"  src=\"https:\/\/www.europesays.com\/no\/wp-content\/uploads\/2025\/12\/bfdda453-e837-4575-a699-39f33ee0adf9\"  style=\"object-position:0% 0%\" width=\"3500\"\/>Erika Kirk da hun deltok p\u00e5 programmet Fox &amp; Friends 9. desember.   Foto: Evan Agostini \/ AP \/ NTB<\/p>\n<p class=\"_paragraph_o9xde_4 _paragraph_xtcu6_10 layout-component text-serif-m layout-normal text-serif-m layout-padded\">Kirk var en innflytelsesrik aktivist p\u00e5 den kristenkonservative h\u00f8yresiden i amerikansk politikk, med stor appell til unge. Han var en n\u00e6r alliert av Trump.<\/p>\n<p class=\"_paragraph_o9xde_4 _paragraph_xtcu6_10 layout-component text-serif-m layout-normal text-serif-m layout-padded\"><strong class=\"_strong_o9xde_25\">Se video \u2013 her blir Charlie Kirk skutt:<\/strong><\/p>\n","protected":false},"excerpt":{"rendered":"Flere amerikanske medier kjemper n\u00e5 for retten til full \u00e5penhet i rettssaken mot siktede Tyler Robinson. Oppdatert torsdag&hellip;\n","protected":false},"author":2,"featured_media":110813,"comment_status":"","ping_status":"","sticky":false,"template":"","format":"standard","meta":{"footnotes":""},"categories":[12],"tags":[20,21,5133,6525,24,25,15,22,23,13,30,28,29,14,16,26,27,50,5095,42,43,44,45],"class_list":{"0":"post-110812","1":"post","2":"type-post","3":"status-publish","4":"format-standard","5":"has-post-thumbnail","7":"category-verden","8":"tag-breaking-news","9":"tag-breakingnews","10":"tag-drapet-pa-charlie-kirk","11":"tag-erika-kirk","12":"tag-featured-news","13":"tag-featurednews","14":"tag-headlines","15":"tag-latest-news","16":"tag-latestnews","17":"tag-news","18":"tag-no","19":"tag-norge","20":"tag-norway","21":"tag-nyheter","22":"tag-overskrifter","23":"tag-top-stories","24":"tag-topstories","25":"tag-usa","26":"tag-utah","27":"tag-verden","28":"tag-world","29":"tag-world-news","30":"tag-worldnews"},"share_on_mastodon":{"url":"https:\/\/pubeurope.com\/@no\/115703368569990550","error":""},"_links":{"self":[{"href":"https:\/\/www.europesays.com\/no\/wp-json\/wp\/v2\/posts\/110812","targetHints":{"allow":["GET"]}}],"collection":[{"href":"https:\/\/www.europesays.com\/no\/wp-json\/wp\/v2\/posts"}],"about":[{"href":"https:\/\/www.europesays.com\/no\/wp-json\/wp\/v2\/types\/post"}],"author":[{"embeddable":true,"href":"https:\/\/www.europesays.com\/no\/wp-json\/wp\/v2\/users\/2"}],"replies":[{"embeddable":true,"href":"https:\/\/www.europesays.com\/no\/wp-json\/wp\/v2\/comments?post=110812"}],"version-history":[{"count":0,"href":"https:\/\/www.europesays.com\/no\/wp-json\/wp\/v2\/posts\/110812\/revisions"}],"wp:featuredmedia":[{"embeddable":true,"href":"https:\/\/www.europesays.com\/no\/wp-json\/wp\/v2\/media\/110813"}],"wp:attachment":[{"href":"https:\/\/www.europesays.com\/no\/wp-json\/wp\/v2\/media?parent=110812"}],"wp:term":[{"taxonomy":"category","embeddable":true,"href":"https:\/\/www.europesays.com\/no\/wp-json\/wp\/v2\/categories?post=110812"},{"taxonomy":"post_tag","embeddable":true,"href":"https:\/\/www.europesays.com\/no\/wp-json\/wp\/v2\/tags?post=110812"}],"curies":[{"name":"wp","href":"https:\/\/api.w.org\/{rel}","templated":true}]}}