{"id":110814,"date":"2025-12-11T22:47:17","date_gmt":"2025-12-11T22:47:17","guid":{"rendered":"https:\/\/www.europesays.com\/no\/110814\/"},"modified":"2025-12-11T22:47:17","modified_gmt":"2025-12-11T22:47:17","slug":"therese-johaug-storo-en-hoygravid-therese-johaug-var-til-stede-under-storoskytingen-tenkte-det-verste","status":"publish","type":"post","link":"https:\/\/www.europesays.com\/no\/110814\/","title":{"rendered":"Therese johaug, Storo | En h\u00f8ygravid Therese Johaug var til stede under Storoskytingen: \u2013 Tenkte det verste"},"content":{"rendered":"\n<p>\u2013 Man begynner \u00e5 tenke p\u00e5 Ut\u00f8ya og f\u00e5r de verste bildene i hodet, forteller Therese Johaug i podkasten <a href=\"https:\/\/open.spotify.com\/episode\/4cXk8MjsrJcI1yC45q6lYP?si=0f8ab422cac24bae\" rel=\"Follow nofollow noopener\" target=\"_blank\">Gukild og Johaug<\/a>, som kom ut 11. desember.<\/p>\n<p>I starten av episoden p\u00e5 podkasten, som hun har sammen med Emil Gukild, skal Therese Johaug fortelle hvordan den siste uka har v\u00e6rt. Det var vanskelig for Gukild \u00e5 toppe Johaugs historie, da hun kunne fortelle at hun fikk en traumatisk start p\u00e5 uka.<\/p>\n<p>Hun var nemlig til stede under skyteepisoden p\u00e5 Storsenteret denne uka.<\/p>\n<p>Avisa Oslo har v\u00e6rt i kontakt med Therese Johaugs manager J\u00f8rn Ernst, som forteller at hun ikke \u00f8nsker \u00e5 kommentere saken ytterligere. <\/p>\n<p>Venterommet<\/p>\n<p>Johaug er gravid med sitt andre barn, og har termin i januar. Derfor var det p\u00e5 tide \u00e5 kj\u00f8pe seg nye s\u00e5ler.<\/p>\n<p>\u2013 Jeg hadde time p\u00e5 Storosenteret fordi jeg trengte nye innleggss\u00e5ler, jeg har skikkelig plattfot og n\u00e5 med graviditet og h\u00f8yere vekt s\u00e5 var det viktig \u00e5 skaffe disse s\u00e5lene.<\/p>\n<p>Videre forteller Johaug at hun parkerte bilen omtrent 10.50 og deretter gikk inn.<\/p>\n<p>\u2013 Da var det fullstendig kaos med politibiler og masse stressede mennesker som lurte p\u00e5 hva som foregikk.<\/p>\n<p>Johaug gikk til klinikken hun skulle bes\u00f8ke og satte seg p\u00e5 venterommet. Da h\u00f8rte hun:<\/p>\n<p>\u2013 \u00abDet er skyting p\u00e5 Storosenteret. Det er skyting!\u00bb, gjenforteller Johaug.<\/p>\n<p><b>\u2013 Jeg satt der med t\u00e5rer i ansiktet og var dritredd.<\/b><\/p>\n<p>Gukild sp\u00f8r s\u00e5 hvorfor hun ble sittende p\u00e5 venterommet og grine.<\/p>\n<p>\u2013 Jeg kan ikke r\u00f8mme, det er det verste man gj\u00f8r. Her m\u00e5 man sitte stille i b\u00e5ten. Jeg turte ikke \u00e5 ta opp telefonen eller \u00e5 gj\u00f8re noe som helst.<\/p>\n<p>   <img decoding=\"async\" width=\"3936\" height=\"2632\" fetchpriority=\"low\"  loading=\"lazy\"  src=\"https:\/\/www.europesays.com\/no\/wp-content\/uploads\/2025\/12\/NTB_qPbkbiZbxsU+%281%29.jpg\" alt=\"Oslo 20250526. &#10;Therese Johaug har bestemt seg for \u00e5 avslutte langrennssatsingen og legger opp.&#10;Foto: Lise \u00c5serud \/ NTB\" class=\"brick-c-cFOWSL\" style=\"--brick-image-ratio: 3936 \/ 2632;\"\/><\/p>\n<p>      Therese Johaug fikk en dramatisk start p\u00e5 uka. Hun var til stede p\u00e5 kj\u00f8pesenteret under skyteepisoden p\u00e5 Storo (arkivbilde).<br \/>\n      Foto: Lise \u00c5serud \/ NTB\n    <\/p>\n<p>  \u2013 Tenkte det verste<\/p>\n<p>Mens hele Storosenteret evakuerte ble Johaug v\u00e6rende p\u00e5 klinikken.<\/p>\n<p>\u2013 Det var helt kaos.<\/p>\n<p>\u2013 De stengte klinikken, tok meg med inn p\u00e5 kontoret og sa \u00abdu er trygg her, du er trygg her\u00bb.<\/p>\n<p>Hun forteller at det betrygget henne, men at man aldri kan f\u00f8le seg helt trygg i en s\u00e5nn situasjon.<\/p>\n<p>P\u00e5 dette tidspunktet hadde de tatt gjerningspersonen, men de visste ikke om det var en eller flere.<\/p>\n<p>\u2013 Jeg var s\u00e5 redd at hun ene p\u00e5 klinikken m\u00e5tte f\u00f8lge meg ut til bilen min.<\/p>\n<p>Hendelsen har tydelig preget den tidligere skistjernen.<\/p>\n<p>\u2013 Jeg har aldri v\u00e6rt borti en s\u00e5nn situasjon f\u00f8r, s\u00e5 det var bare veldig, veldig ubehagelig, forteller hun.<\/p>\n<p>P\u00e5 sp\u00f8rsm\u00e5l fra Gukild om hvordan det var \u00e5 plutselig befinne seg i noe hun beskriver som et mareritt, svarer hun \u00e6rlig:<\/p>\n<p><b>\u2013 Du blir jo veldig tatt p\u00e5 senga, man vet ikke hvordan man skal reagere. Man begynner \u00e5 tenke p\u00e5 Ut\u00f8ya og f\u00e5r de verste bildene i hodet. <\/b><\/p>\n<p><b>Les ogs\u00e5: <\/b><\/p>\n<p>  <a href=\"https:\/\/www.ao.no\/5-128-1211711\" class=\"related-teaser has-image default-story-teaser article--c-eRUmMG article--c-eRUmMG-jKCPdD-design-default\" rel=\"nofollow noopener\" target=\"_blank\"><\/p>\n<p>    <img decoding=\"async\" loading=\"lazy\"  src=\"https:\/\/www.europesays.com\/no\/wp-content\/uploads\/2025\/12\/1765493235_411_52286c8b-6fb7-4842-ac6d-d9648caf0112_1.jpg\" alt=\"\" class=\"brick-c-cFOWSL\" style=\"\"\/><\/p>\n<p>\n            Les ogs\u00e5<\/p>\n<p>              19-\u00e5ring siktet for grov befatning med skytev\u00e5pen og grove trusler p\u00e5 Storo-senteret\n        <\/p>\n<p>  <\/a><\/p>\n<p>  <a href=\"https:\/\/www.ao.no\/5-128-1212910\" class=\"related-teaser has-image default-story-teaser article--c-eRUmMG article--c-eRUmMG-jKCPdD-design-default\" rel=\"nofollow noopener\" target=\"_blank\"><\/p>\n<p>    <img decoding=\"async\" loading=\"lazy\"  src=\"https:\/\/www.europesays.com\/no\/wp-content\/uploads\/2025\/12\/1765493236_364_IMG_1615_1.JPG\" alt=\"\" class=\"brick-c-cFOWSL\" style=\"\"\/><\/p>\n<p>\n            Les ogs\u00e5<\/p>\n<p>              Tar selvkritikk etter Storo-skyting: \u2013 Butikker opplevde tyveri\n        <\/p>\n<p>  <\/a><\/p>\n<p>  <a href=\"https:\/\/www.ao.no\/5-128-1211425\" class=\"related-teaser has-image default-story-teaser article--c-eRUmMG article--c-eRUmMG-jKCPdD-design-default\" rel=\"nofollow noopener\" target=\"_blank\"><\/p>\n<p>    <img decoding=\"async\" loading=\"lazy\"  src=\"https:\/\/www.europesays.com\/no\/wp-content\/uploads\/2025\/12\/photo+-+2025-12-08T114805.036.jpg\" alt=\"\" class=\"brick-c-cFOWSL\" style=\"\"\/><\/p>\n<p>\n            Les ogs\u00e5<\/p>\n<p>              Skj\u00f8t med hagle i taket p\u00e5 Storo Storsenter\n        <\/p>\n<p>  <\/a><\/p>\n","protected":false},"excerpt":{"rendered":"\u2013 Man begynner \u00e5 tenke p\u00e5 Ut\u00f8ya og f\u00e5r de verste bildene i hodet, forteller Therese Johaug i&hellip;\n","protected":false},"author":2,"featured_media":110815,"comment_status":"","ping_status":"","sticky":false,"template":"","format":"standard","meta":{"footnotes":""},"categories":[10],"tags":[36,20,21,24,25,15,479,22,23,13,30,836,28,29,14,16,13620,10024,13350,1510,6328,26,27],"class_list":{"0":"post-110814","1":"post","2":"type-post","3":"status-publish","4":"format-standard","5":"has-post-thumbnail","7":"category-norge","8":"tag-art","9":"tag-breaking-news","10":"tag-breakingnews","11":"tag-featured-news","12":"tag-featurednews","13":"tag-headlines","14":"tag-kjendis","15":"tag-latest-news","16":"tag-latestnews","17":"tag-news","18":"tag-no","19":"tag-nordre-aker","20":"tag-norge","21":"tag-norway","22":"tag-nyheter","23":"tag-overskrifter","24":"tag-skyting-pa-storo-storsenter","25":"tag-storo","26":"tag-storo-storsenter","27":"tag-story","28":"tag-therese-johaug","29":"tag-top-stories","30":"tag-topstories"},"share_on_mastodon":{"url":"https:\/\/pubeurope.com\/@no\/115703371913409077","error":""},"_links":{"self":[{"href":"https:\/\/www.europesays.com\/no\/wp-json\/wp\/v2\/posts\/110814","targetHints":{"allow":["GET"]}}],"collection":[{"href":"https:\/\/www.europesays.com\/no\/wp-json\/wp\/v2\/posts"}],"about":[{"href":"https:\/\/www.europesays.com\/no\/wp-json\/wp\/v2\/types\/post"}],"author":[{"embeddable":true,"href":"https:\/\/www.europesays.com\/no\/wp-json\/wp\/v2\/users\/2"}],"replies":[{"embeddable":true,"href":"https:\/\/www.europesays.com\/no\/wp-json\/wp\/v2\/comments?post=110814"}],"version-history":[{"count":0,"href":"https:\/\/www.europesays.com\/no\/wp-json\/wp\/v2\/posts\/110814\/revisions"}],"wp:featuredmedia":[{"embeddable":true,"href":"https:\/\/www.europesays.com\/no\/wp-json\/wp\/v2\/media\/110815"}],"wp:attachment":[{"href":"https:\/\/www.europesays.com\/no\/wp-json\/wp\/v2\/media?parent=110814"}],"wp:term":[{"taxonomy":"category","embeddable":true,"href":"https:\/\/www.europesays.com\/no\/wp-json\/wp\/v2\/categories?post=110814"},{"taxonomy":"post_tag","embeddable":true,"href":"https:\/\/www.europesays.com\/no\/wp-json\/wp\/v2\/tags?post=110814"}],"curies":[{"name":"wp","href":"https:\/\/api.w.org\/{rel}","templated":true}]}}