{"id":110825,"date":"2025-12-11T22:59:17","date_gmt":"2025-12-11T22:59:17","guid":{"rendered":"https:\/\/www.europesays.com\/no\/110825\/"},"modified":"2025-12-11T22:59:17","modified_gmt":"2025-12-11T22:59:17","slug":"det-foles-sa-urettferdig","status":"publish","type":"post","link":"https:\/\/www.europesays.com\/no\/110825\/","title":{"rendered":"\u2013 Det f\u00f8les s\u00e5 urettferdig"},"content":{"rendered":"\n<ul class=\"_list_o9xde_3 _list_64s2r_85 _unordered_o9xde_106 text-sans-m\">\n<li class=\"_item_o9xde_30\">17-\u00e5r gamle Eline Yttervoll fra Troms\u00f8 m\u00e5 velge mellom livsforlengende behandling og god livskvalitet.<\/li>\n<li class=\"_item_o9xde_30\">Hun har Ewings sarkom, en sjelden beinkreft som har spredd seg til lungene.<\/li>\n<li class=\"_item_o9xde_30\">Eline deler sin historie p\u00e5 TikTok for \u00e5 vise andre unge med kreft at de ikke er alene.<\/li>\n<li class=\"_item_o9xde_30\">Til tross for sykdommen pr\u00f8ver hun \u00e5 leve s\u00e5 normalt som mulig.<\/li>\n<\/ul>\n<p>Vis mer <\/p>\n<p class=\"_paragraph_o9xde_4 _paragraph_xtcu6_10 layout-component text-serif-m layout-normal text-serif-m layout-padded\">17 \u00e5r gamle Eline Yttervoll fra Troms\u00f8 st\u00e5r overfor et av livets vanskeligste valg.<\/p>\n<p class=\"_paragraph_o9xde_4 _paragraph_xtcu6_10 layout-component text-serif-m layout-normal text-serif-m layout-padded\">Livsforlengende behandling \u2013 eller god livskvalitet.<\/p>\n<p class=\"_paragraph_o9xde_4 _paragraph_xtcu6_10 layout-component text-serif-m layout-normal text-serif-m layout-padded\">For f\u00e5 \u00e5r siden gikk hun p\u00e5 skolen, var med venner og danset ballett. Et helt vanlig ten\u00e5ringsliv.<\/p>\n<p class=\"_paragraph_o9xde_4 _paragraph_xtcu6_10 layout-component text-serif-m layout-normal text-serif-m layout-padded\">S\u00e5 endrer alt seg.<\/p>\n<p><img alt=\"Foto: Privat\" class=\"_image_qp4xg_65 layout-component layout-right\" data-fullscreen- data-track-element-type=\"Article image fullscreen\" data-track-name=\"ImageFullscreen\" decoding=\"async\" loading=\"lazy\" height=\"1608\" itemprop=\"image\"  src=\"https:\/\/www.europesays.com\/no\/wp-content\/uploads\/2025\/12\/33077cc1-2c64-45d7-88d5-752abd7d833a\"  style=\"object-position:0% 0%\" width=\"1206\"\/>Foto: Privat<img alt=\"Foto: Privat\" class=\"_image_qp4xg_65 layout-component layout-right\" data-fullscreen- data-track-element-type=\"Article image fullscreen\" data-track-name=\"ImageFullscreen\" decoding=\"async\" loading=\"lazy\" height=\"904\" itemprop=\"image\"  src=\"https:\/\/www.europesays.com\/no\/wp-content\/uploads\/2025\/12\/83d4a908-8e1e-45cb-94a2-8188519754a1\"  style=\"object-position:0% 0%\" width=\"1206\"\/>Foto: Privat<img alt=\"Foto: Privat\" class=\"_image_qp4xg_65 layout-component layout-right\" data-fullscreen- data-track-element-type=\"Article image fullscreen\" data-track-name=\"ImageFullscreen\" decoding=\"async\" loading=\"lazy\" height=\"904\" itemprop=\"image\"  src=\"https:\/\/www.europesays.com\/no\/wp-content\/uploads\/2025\/12\/83d4a908-8e1e-45cb-94a2-8188519754a1\"  style=\"object-position:0% 0%\" width=\"1206\"\/>Foto: Privat<\/p>\n<p class=\"_paragraph_o9xde_4 _paragraph_xtcu6_10 layout-component text-serif-m layout-normal text-serif-m layout-padded\"><strong class=\"_strong_o9xde_25\">Eline har Ewings sarkomEwings sarkomEwings sarkom er en sjelden, aggressiv kreftsvulst som vanligvis oppst\u00e5r i skjelettet. Kreftsvulsten danner et vev med celler som ligner umodne nerveceller (atypisk nevroektodermalt vev). Disse cellene kan spre seg til andre deler av kroppen., en sjelden form for beinkreft. <\/strong><\/p>\n<p class=\"_paragraph_o9xde_4 _paragraph_xtcu6_10 layout-component text-serif-m layout-normal text-serif-m layout-padded\">Den startet i l\u00e5ret og etter flere runder med behandling og tilbakefall, har kreften n\u00e5 spredd seg til lungene.<\/p>\n<p class=\"_paragraph_o9xde_4 _paragraph_xtcu6_10 layout-component text-serif-m layout-normal text-serif-m layout-padded\">\u2013 De fleste unge blir friske fra kreft, men jeg er nok ikke en av dem, sier Eline til VG.<\/p>\n<p class=\"_paragraph_o9xde_4 _paragraph_xtcu6_10 layout-component text-serif-m layout-normal text-serif-m layout-padded\">\u00c5 f\u00e5 den beskjeden var ubeskrivelig vondt, forteller hun.<\/p>\n<p class=\"_paragraph_o9xde_4 _paragraph_xtcu6_10 layout-component text-serif-m layout-normal text-serif-m layout-padded\">\u2013 Det var som om verden stoppet opp. Jeg ble helt tom. <\/p>\n<p class=\"_paragraph_o9xde_4 _paragraph_xtcu6_10 layout-component text-serif-m layout-normal text-serif-m layout-padded\">N\u00e5 m\u00e5 hun ta stilling til hva slags liv hun vil ha. Hvor lenge, og hvordan.<\/p>\n<p class=\"_paragraph_o9xde_4 _paragraph_xtcu6_10 layout-component text-serif-m layout-normal text-serif-m layout-padded\"><strong class=\"_strong_o9xde_25\">\u2013 Det f\u00f8les s\u00e5 urettferdig \u00e5 m\u00e5tte bestemme meg for dette som 17-\u00e5ring.<\/strong><\/p>\n<p><img alt=\"Foto: Privat\" class=\"_image_qp4xg_65 layout-component layout-left\" data-fullscreen- data-track-element-type=\"Article image fullscreen\" data-track-name=\"ImageFullscreen\" decoding=\"async\" loading=\"lazy\" height=\"1269\" itemprop=\"image\"  src=\"https:\/\/www.europesays.com\/no\/wp-content\/uploads\/2025\/12\/c57e1174-c136-4262-ba1c-6ee4d2510cba\"  style=\"object-position:0% 0%\" width=\"952\"\/>Foto: Privat<img alt=\"Foto: Privat\" class=\"_image_qp4xg_65 layout-component layout-left\" data-fullscreen- data-track-element-type=\"Article image fullscreen\" data-track-name=\"ImageFullscreen\" decoding=\"async\" loading=\"lazy\" height=\"904\" itemprop=\"image\"  src=\"https:\/\/www.europesays.com\/no\/wp-content\/uploads\/2025\/12\/4db3769b-f3df-4511-9eed-e74a605219c7\"  style=\"object-position:0% 0%\" width=\"1206\"\/>Foto: Privat<img alt=\"Foto: Privat\" class=\"_image_qp4xg_65 layout-component layout-left\" data-fullscreen- data-track-element-type=\"Article image fullscreen\" data-track-name=\"ImageFullscreen\" decoding=\"async\" loading=\"lazy\" height=\"904\" itemprop=\"image\"  src=\"https:\/\/www.europesays.com\/no\/wp-content\/uploads\/2025\/12\/4db3769b-f3df-4511-9eed-e74a605219c7\"  style=\"object-position:0% 0%\" width=\"1206\"\/>Foto: Privat<\/p>\n<p class=\"_paragraph_o9xde_4 _paragraph_xtcu6_10 layout-component text-serif-m layout-normal text-serif-m layout-padded\">Cellegift kan bremse sykdommen. Kanskje gi henne mer tid, men prisen er h\u00f8y.<\/p>\n<p class=\"_paragraph_o9xde_4 _paragraph_xtcu6_10 layout-component text-serif-m layout-normal text-serif-m layout-padded\">\u2013 Jeg f\u00f8ler meg egentlig ikke syk n\u00e5, jeg merker nesten ikke kreften, sier hun.<\/p>\n<p class=\"_paragraph_o9xde_4 _paragraph_xtcu6_10 layout-component text-serif-m layout-normal text-serif-m layout-padded\">Med cellegift blir dagene lange og tunge.<\/p>\n<p class=\"_paragraph_o9xde_4 _paragraph_xtcu6_10 layout-component text-serif-m layout-normal text-serif-m layout-padded\"><strong class=\"_strong_o9xde_25\">\u2013 Det g\u00e5r ut over alt. Energi, livet og hverdagen.<\/strong><\/p>\n<p><img class=\"_image_s2syr_92\" fetchpriority=\"low\" loading=\"lazy\" decoding=\"async\"  src=\"https:\/\/www.europesays.com\/no\/wp-content\/uploads\/2025\/12\/6944be70-16b0-4c86-b423-e25e8770cbbc\"  style=\"--hotspot:67.86898839137645% 46.66508987701041%;object-fit:cover\"\/>Foto: Privat<\/p>\n<p class=\"_lead_o9xde_2 _lead_xtcu6_50 _lead_s2syr_104 layout-component text-serif-m layout-normal\">Hun vet ikke om hun orker en ny runde. <\/p>\n<p class=\"_paragraph_o9xde_4 _paragraph_xtcu6_10 layout-component text-serif-m layout-normal text-serif-m layout-padded\">Alternativet er derfor \u00e5 vente til kreften presser mot luftveiene, og til lungene ikke lenger klarer jobben sin.<\/p>\n<p class=\"_paragraph_o9xde_4 _paragraph_xtcu6_10 layout-component text-serif-m layout-normal text-serif-m layout-padded\">\u2013 Jeg vet ikke hva som er riktig. Det er det som gj\u00f8r det s\u00e5 vanskelig.<\/p>\n<p class=\"_paragraph_o9xde_4 _paragraph_xtcu6_10 layout-component text-serif-m layout-normal text-serif-m layout-padded\">Hun har tenkt p\u00e5 \u00e5 skrive en liste over fordeler og ulemper.<\/p>\n<p class=\"_paragraph_o9xde_4 _paragraph_xtcu6_10 layout-component text-serif-m layout-normal text-serif-m layout-padded\">\u2013 Men hvordan skal jeg gj\u00f8re det? Det er jo livet mitt det st\u00e5r om, sier 17-\u00e5ringen.<\/p>\n<p class=\"_paragraph_o9xde_4 _paragraph_xtcu6_10 layout-component text-serif-m layout-normal text-serif-m layout-padded\">VG har sett Elines journalnotater og snakket med hennes behandler, som bekrefter det Eline forteller. <\/p>\n<p><img decoding=\"async\" alt=\"Bilde av Ivar Hompland \" class=\"_image_ygndg_42\" height=\"40\" itemprop=\"image\" loading=\"lazy\"  src=\"https:\/\/www.europesays.com\/no\/wp-content\/uploads\/2025\/12\/98f4dcf3-b4a5-40b6-add1-738bb6ef4f7d\"  width=\"40\"\/><strong class=\"_name_ygndg_51 title-serif-xs\">Ivar Hompland <\/strong><\/p>\n<p class=\"_paragraph_o9xde_4 text-sans-m _description_ygndg_56\">Elines behandler, overlege p\u00e5 Oslo universitetssykehus.<\/p>\n<p class=\"_paragraph_o9xde_4 _paragraph_xtcu6_10 layout-component text-serif-m layout-normal text-serif-m layout-padded\">\u2013 Dette er ikke noe en 17-\u00e5ring burde st\u00e5 i, men det er dessverre realiteten, sier han til VG.<\/p>\n<p class=\"_paragraph_o9xde_4 _paragraph_xtcu6_10 layout-component text-serif-m layout-normal text-serif-m layout-padded\">Hompland gir informasjon om fordeler og ulemper med behandlingen.<\/p>\n<p class=\"_paragraph_o9xde_4 _paragraph_xtcu6_10 layout-component text-serif-m layout-normal text-serif-m layout-padded\">\u2013 Men dette er hennes valg, som selvsagt er utrolig t\u00f8ft. <\/p>\n<p><img alt=\"Foto: Privat\" class=\"_image_qp4xg_65 layout-component layout-right\" data-fullscreen- data-track-element-type=\"Article image fullscreen\" data-track-name=\"ImageFullscreen\" decoding=\"async\" loading=\"lazy\" height=\"2236\" itemprop=\"image\"  src=\"https:\/\/www.europesays.com\/no\/wp-content\/uploads\/2025\/12\/28427553-806f-4c24-8c71-55fb60514836\"  style=\"object-position:0% 0%\" width=\"1677\"\/>Foto: Privat<\/p>\n<p class=\"_paragraph_o9xde_4 _paragraph_xtcu6_10 layout-component text-serif-m layout-normal text-serif-m layout-padded\">Det som gj\u00f8r valget umulig for henne, er all uvissheten det f\u00f8rer med seg. Per n\u00e5 er ikke kreften aggressiv, n\u00e5r den blir det, er umulig \u00e5 si, forteller Eline. <\/p>\n<p class=\"_paragraph_o9xde_4 _paragraph_xtcu6_10 layout-component text-serif-m layout-normal text-serif-m layout-padded\"><strong class=\"_strong_o9xde_25\">\u2013 Det kan v\u00e6re snakk om ett \u00e5r eller fem \u00e5r. Vi vet ikke. <\/strong><\/p>\n<p class=\"_paragraph_o9xde_4 _paragraph_xtcu6_10 layout-component text-serif-m layout-normal text-serif-m layout-padded\">Ingen har gitt henne en tidsramme. \u00c5 ha kreft er \u00e5 leve i usikkerhet, beskriver hun.<\/p>\n<p class=\"_paragraph_o9xde_4 _paragraph_xtcu6_10 layout-component text-serif-m layout-normal text-serif-m layout-padded\">\u2013 Det er rart \u00e5 v\u00e6re 17 \u00e5r og vite at dette er det jeg kommer til \u00e5 d\u00f8 av, bare ikke n\u00e5r.<\/p>\n<p class=\"_paragraph_o9xde_4 _paragraph_xtcu6_10 layout-component text-serif-m layout-normal text-serif-m layout-padded\">Samtidig klarer hun \u00e5 ha gode dager. Hun pr\u00f8ver \u00e5 la sykdommen ta mindre plass.<\/p>\n<p class=\"_paragraph_o9xde_4 _paragraph_xtcu6_10 layout-component text-serif-m layout-normal text-serif-m layout-padded\">\u2013 Jeg presser ikke f\u00f8lelsene vekk, men jeg lar dem ikke ta over alt.<\/p>\n<p class=\"_paragraph_o9xde_4 _paragraph_xtcu6_10 layout-component text-serif-m layout-normal text-serif-m layout-padded\">\u00c5 v\u00e6re med venner, se TV og gj\u00f8re ting som gj\u00f8r henne glad, hjelper. Hun er ogs\u00e5 tilbake p\u00e5 skolen \u2013 i 2. klasse p\u00e5 videreg\u00e5ende.<\/p>\n<p><img class=\"_image_s2syr_92\" fetchpriority=\"low\" loading=\"lazy\" decoding=\"async\"  src=\"https:\/\/www.europesays.com\/no\/wp-content\/uploads\/2025\/12\/c8043eb2-5dff-4e71-bb1f-1856b86de9f8\"  style=\"--hotspot:51.36554621848739% 27.030812324929972%;object-fit:cover\"\/>Foto: Privat<\/p>\n<p class=\"_lead_o9xde_2 _lead_xtcu6_50 _lead_s2syr_104 layout-component text-serif-m layout-normal\">Eline deler \u00e6rlig om det hun st\u00e5r i p\u00e5 TikTok.<\/p>\n<p class=\"_paragraph_o9xde_4 _paragraph_xtcu6_10 layout-component text-serif-m layout-normal text-serif-m layout-padded\">Hun opplever sterk st\u00f8tte.<\/p>\n<p class=\"_paragraph_o9xde_4 _paragraph_xtcu6_10 layout-component text-serif-m layout-normal text-serif-m layout-padded\">\u2013 Jeg deler det jeg vil, n\u00e5r jeg vil. Det gj\u00f8r det lettere.<\/p>\n<p class=\"_paragraph_o9xde_4 _paragraph_xtcu6_10 layout-component text-serif-m layout-normal text-serif-m layout-padded\">Hun vil vise andre unge med kreft at de ikke trenger \u00e5 gjemme seg.<\/p>\n<p class=\"_paragraph_o9xde_4 _paragraph_xtcu6_10 layout-component text-serif-m layout-normal text-serif-m layout-padded\">Generalsekret\u00e6r Ingrid Stenstadvold Ross i Kreftforeningen sier \u00e5penhet ofte gj\u00f8r hverdagen lettere for unge med kreft.<\/p>\n<p class=\"_paragraph_o9xde_4 _paragraph_xtcu6_10 layout-component text-serif-m layout-normal text-serif-m layout-padded\">\u2013 Det kan gi mer forst\u00e5else og tilrettelegging. I tillegg kan de f\u00f8le seg mindre alene.<\/p>\n<p><img decoding=\"async\" alt=\"Bilde av Ross understreker at det ikke bare er \u00e9n m\u00e5te \u00e5 v\u00e6re \u00e5pen p\u00e5.\" class=\"_image_ygndg_42\" height=\"27\" itemprop=\"image\" loading=\"lazy\"  src=\"https:\/\/www.europesays.com\/no\/wp-content\/uploads\/2025\/12\/8654ca3b-20d4-4fde-99b7-179e3ce5cd00\"  width=\"40\"\/><strong class=\"_name_ygndg_51 title-serif-xs\">Ross understreker at det ikke bare er \u00e9n m\u00e5te \u00e5 v\u00e6re \u00e5pen p\u00e5.<\/strong><\/p>\n<p class=\"_paragraph_o9xde_4 _paragraph_xtcu6_10 layout-component text-serif-m layout-normal text-serif-m layout-padded\">\u2013 Noen deler mye, andre lite. Det viktigste er at ungdom blir tatt p\u00e5 alvor.<\/p>\n<p class=\"_paragraph_o9xde_4 _paragraph_xtcu6_10 layout-component text-serif-m layout-normal text-serif-m layout-padded\">Ross peker ogs\u00e5 p\u00e5 at sosiale medier er en naturlig del av hverdagen til unge.<\/p>\n<p class=\"_paragraph_o9xde_4 _paragraph_xtcu6_10 layout-component text-serif-m layout-normal text-serif-m layout-padded\">\u2013 For mange blir det ogs\u00e5 en viktig arena n\u00e5r de f\u00e5r kreft.<\/p>\n<p><img class=\"_image_s2syr_92\" fetchpriority=\"low\" loading=\"lazy\" decoding=\"async\"  src=\"https:\/\/www.europesays.com\/no\/wp-content\/uploads\/2025\/12\/f98c4ddb-3511-4951-b8f9-697758418319\"  style=\"--hotspot:43.13725490196079% 31.15371148459384%;object-fit:cover\"\/>Foto: Privat<\/p>\n<p class=\"_lead_o9xde_2 _lead_xtcu6_50 _lead_s2syr_104 layout-component text-serif-m layout-normal\">Foreldrene lar Eline velge selv hva hun vil gj\u00f8re.<\/p>\n<p class=\"_paragraph_o9xde_4 _paragraph_xtcu6_10 layout-component text-serif-m layout-normal text-serif-m layout-padded\">\u2013 Mamma og pappa sier at det er mitt valg. At de st\u00f8tter meg uansett.<\/p>\n<p class=\"_paragraph_o9xde_4 _paragraph_xtcu6_10 layout-component text-serif-m layout-normal text-serif-m layout-padded\">Eline vet at det er en skummel tid, ogs\u00e5 for foreldrene Siri og Per.<\/p>\n<p class=\"_paragraph_o9xde_4 _paragraph_xtcu6_10 layout-component text-serif-m layout-normal text-serif-m layout-padded\"><strong class=\"_strong_o9xde_25\">\u2013 Men de er der for meg.<\/strong><\/p>\n<p><img alt=\"Foto: Privat\" class=\"_image_qp4xg_65 layout-component layout-left\" data-fullscreen- data-track-element-type=\"Article image fullscreen\" data-track-name=\"ImageFullscreen\" decoding=\"async\" loading=\"lazy\" height=\"1879\" itemprop=\"image\"  src=\"https:\/\/www.europesays.com\/no\/wp-content\/uploads\/2025\/12\/a6ed8bcd-2a08-4520-a782-dc0d95b300ec\"  style=\"object-position:0% 0%\" width=\"1410\"\/>Foto: Privat<img alt=\"Foto: Privat\" class=\"_image_qp4xg_65 layout-component layout-left\" data-fullscreen- data-track-element-type=\"Article image fullscreen\" data-track-name=\"ImageFullscreen\" decoding=\"async\" loading=\"lazy\" height=\"1152\" itemprop=\"image\"  src=\"https:\/\/www.europesays.com\/no\/wp-content\/uploads\/2025\/12\/d8015c1f-654e-49bd-91fe-f6cd69e4ddf8\"  style=\"object-position:0% 0%\" width=\"1536\"\/>Foto: Privat<img alt=\"Foto: Privat\" class=\"_image_qp4xg_65 layout-component layout-left\" data-fullscreen- data-track-element-type=\"Article image fullscreen\" data-track-name=\"ImageFullscreen\" decoding=\"async\" loading=\"lazy\" height=\"1152\" itemprop=\"image\"  src=\"https:\/\/www.europesays.com\/no\/wp-content\/uploads\/2025\/12\/d8015c1f-654e-49bd-91fe-f6cd69e4ddf8\"  style=\"object-position:0% 0%\" width=\"1536\"\/>Foto: Privat<\/p>\n<p class=\"_paragraph_o9xde_4 _paragraph_xtcu6_10 layout-component text-serif-m layout-normal text-serif-m layout-padded\">Eline pr\u00f8ver s\u00e5 godt det lar seg gj\u00f8re \u00e5 leve s\u00e5 normalt hun kan. <\/p>\n<p class=\"_paragraph_o9xde_4 _paragraph_xtcu6_10 layout-component text-serif-m layout-normal text-serif-m layout-padded\">\u2013 Jeg vil ikke bare v\u00e6re \u00abhun syke\u00bb.<\/p>\n<p class=\"_paragraph_o9xde_4 _paragraph_xtcu6_10 layout-component text-serif-m layout-normal text-serif-m layout-padded\"><strong class=\"_strong_o9xde_25\">Men det umulige valget henger over henne.<\/strong><\/p>\n<p class=\"_paragraph_o9xde_4 _paragraph_xtcu6_10 layout-component text-serif-m layout-normal text-serif-m layout-padded\">\u2013 Jeg har bestemt meg for \u00e5 bruke denne julen til \u00e5 kjenne etter hva jeg virkelig vil \u2013 og s\u00e5 bare hoppe i det n\u00e5r jeg bestemmer meg.<\/p>\n<p> Sunniva M\u00f8llerl\u00f8kken<\/p>\n<p class=\"text-sans-s\">Journalist<\/p>\n<p><img decoding=\"async\" alt=\"Sunniva M\u00f8llerl\u00f8kken\" class=\"_image_uv074_179\" src=\"https:\/\/www.europesays.com\/no\/wp-content\/uploads\/2025\/12\/fb974e11-d63d-4bcf-884c-5814d0b8c72d\" width=\"480\"\/>Kontakt Sunniva M\u00f8llerl\u00f8kken     <\/p>\n","protected":false},"excerpt":{"rendered":"17-\u00e5r gamle Eline Yttervoll fra Troms\u00f8 m\u00e5 velge mellom livsforlengende behandling og god livskvalitet. Hun har Ewings sarkom,&hellip;\n","protected":false},"author":2,"featured_media":110826,"comment_status":"","ping_status":"","sticky":false,"template":"","format":"standard","meta":{"footnotes":""},"categories":[5],"tags":[20,21,24,25,15,19,1401,22,23,7577,17,18,13,30,28,29,14,16,13621,26,27,785],"class_list":{"0":"post-110825","1":"post","2":"type-post","3":"status-publish","4":"format-standard","5":"has-post-thumbnail","7":"category-overskrifter","8":"tag-breaking-news","9":"tag-breakingnews","10":"tag-featured-news","11":"tag-featurednews","12":"tag-headlines","13":"tag-hovedoppslag","14":"tag-kreft","15":"tag-latest-news","16":"tag-latestnews","17":"tag-livskvalitet","18":"tag-main-news","19":"tag-mainnews","20":"tag-news","21":"tag-no","22":"tag-norge","23":"tag-norway","24":"tag-nyheter","25":"tag-overskrifter","26":"tag-tenaringsliv","27":"tag-top-stories","28":"tag-topstories","29":"tag-vghubben"},"share_on_mastodon":{"url":"https:\/\/pubeurope.com\/@no\/115703420014978996","error":""},"_links":{"self":[{"href":"https:\/\/www.europesays.com\/no\/wp-json\/wp\/v2\/posts\/110825","targetHints":{"allow":["GET"]}}],"collection":[{"href":"https:\/\/www.europesays.com\/no\/wp-json\/wp\/v2\/posts"}],"about":[{"href":"https:\/\/www.europesays.com\/no\/wp-json\/wp\/v2\/types\/post"}],"author":[{"embeddable":true,"href":"https:\/\/www.europesays.com\/no\/wp-json\/wp\/v2\/users\/2"}],"replies":[{"embeddable":true,"href":"https:\/\/www.europesays.com\/no\/wp-json\/wp\/v2\/comments?post=110825"}],"version-history":[{"count":0,"href":"https:\/\/www.europesays.com\/no\/wp-json\/wp\/v2\/posts\/110825\/revisions"}],"wp:featuredmedia":[{"embeddable":true,"href":"https:\/\/www.europesays.com\/no\/wp-json\/wp\/v2\/media\/110826"}],"wp:attachment":[{"href":"https:\/\/www.europesays.com\/no\/wp-json\/wp\/v2\/media?parent=110825"}],"wp:term":[{"taxonomy":"category","embeddable":true,"href":"https:\/\/www.europesays.com\/no\/wp-json\/wp\/v2\/categories?post=110825"},{"taxonomy":"post_tag","embeddable":true,"href":"https:\/\/www.europesays.com\/no\/wp-json\/wp\/v2\/tags?post=110825"}],"curies":[{"name":"wp","href":"https:\/\/api.w.org\/{rel}","templated":true}]}}