{"id":110827,"date":"2025-12-11T23:00:17","date_gmt":"2025-12-11T23:00:17","guid":{"rendered":"https:\/\/www.europesays.com\/no\/110827\/"},"modified":"2025-12-11T23:00:17","modified_gmt":"2025-12-11T23:00:17","slug":"tom-stiansen-om-panikkanfall-og-press-i-71-grader-nord","status":"publish","type":"post","link":"https:\/\/www.europesays.com\/no\/110827\/","title":{"rendered":"Tom Stiansen om panikkanfall og press i \u00ab71 grader nord\u00bb"},"content":{"rendered":"<p class=\"kicker \" style=\"\">Tom Stiansen:<\/p>\n<p>  Programlederen m\u00e5tte ta timeout f\u00f8r \u00ab71 grader nord\u00bb. N\u00e5 innr\u00f8mmer han hva som skjedde.<\/p>\n<p>\n    SNAKKER UT: Tom Stiansen forteller at han fryktet \u00e5 \u00f8delegge innspillingen. Foto: Morten Eik \/ Se og H\u00f8r\n  <\/p>\n<p>Det norske realityprogrammet \u00ab71 grader nord\u00bb har v\u00e6rt en del av nordmenns liv i mange \u00e5r. Serien debuterte p\u00e5 TV i 1999, og har siden da v\u00e6rt \u00e5 se i ulike versjoner.<\/p>\n<p>I 2006 tok tidligere alpinist Tom Stiansen (55) over som programleder, og siden da har han v\u00e6rt tilknyttet \u00ab71\u00bb-universet.<\/p>\n<p>    <a itemprop=\"url\" href=\"https:\/\/www.seher.no\/kjendis\/har-droppet-mye\/83972381\" rel=\"nofollow noopener\" target=\"_blank\"><\/p>\n<p>        <img loading=\"lazy\" decoding=\"async\" src=\"https:\/\/www.europesays.com\/no\/wp-content\/uploads\/2025\/12\/83972227.webp\" width=\"980\" height=\"441\" title=\"- Har droppet mye\" alt=\"\" class=\"lazyload\" style=\"--aspect-ratio-image: 2.22; \"\/><\/p>\n<p>        &#8211; Har droppet mye<\/p>\n<p>    <\/a><\/p>\n<p>Stiansen innr\u00f8mmer i podkasten \u00ab<a href=\"https:\/\/podme.com\/no\/podkast\/big-5-med-nils-og-harald-2\/?utm_source=google&amp;utm_medium=cpc&amp;utm_campaign=p-no-gsearch-premium-exact-2022&amp;utm_content=no-prsp-big_5-20220601&amp;utm_term=big%205%20harald%20eia&amp;gad_source=1&amp;gad_campaignid=17514920852&amp;gbraid=0AAAAACWFTDQxYSZgaHkLLgmuAq8oLVwX3&amp;gclid=Cj0KCQiA9OnJBhD-ARIsAPV51xNasdUkB6GpWIOrNHQPliP5cqrCtqsgKoBnRDxRLjG2EM5jsL8llMAaAukwEALw_wcB\" target=\"_blank\" rel=\"nofollow noopener\">Big 5 med Nils og Harald<\/a>\u00bb at han ikke visste hva han gikk til da han tok p\u00e5 seg rollen. Likevel gikk den f\u00f8rste sesongen hans fint.\u00a0<\/p>\n<p class=\"font-weight-bold m-font-weight-bold\" data-lab-font_weight=\"font-weight-bold\">Det var derimot da han returnerte til sitt andre \u00e5r at han m\u00f8tte p\u00e5 utfordringer.<\/p>\n<p>        <img loading=\"lazy\" decoding=\"async\" src=\"https:\/\/www.europesays.com\/no\/wp-content\/uploads\/2025\/12\/83973232.webp\" width=\"686\" height=\"446\" title=\"Programleder Tom Stiansen her med tidligere deltakere Mimmi L\u00f6fwenius Veum, Jenny Huse, Mush Bakenga, Ingrid Gjessing Linhave, Daniel Kvammen, Susanne Wergeland, Mayoo Indiran, J\u00f8rgen Karterud, Hedvig Glestad, Henrik Fladseth, H\u00e5vard Lilleheie og Sanna Sarromaa. Foto: Matti Bernitz\/Warner Bros. Discovery\" alt=\"\" class=\"\" style=\"--aspect-ratio-image: 1.54; \"\/><\/p>\n<p>\n        Programleder Tom Stiansen her med tidligere deltakere Mimmi L\u00f6fwenius Veum, Jenny Huse, Mush Bakenga, Ingrid Gjessing Linhave, Daniel Kvammen, Susanne Wergeland, Mayoo Indiran, J\u00f8rgen Karterud, Hedvig Glestad, Henrik Fladseth, H\u00e5vard Lilleheie og Sanna Sarromaa. Foto: Matti Bernitz\/Warner Bros. Discovery\n    <\/p>\n<p>R\u00f8per: Fikk panikkanfall\t<\/p>\n<p>55-\u00e5ringen, som tidligere har snakket \u00e5pent om at han sliter med ordblindhet, forteller at det \u00e5 skulle g\u00e5 og snakke samtidig var en ekstra stressfaktor for ham.<\/p>\n<p>&#8211; Jeg fikk et lite panikkanfall da jeg ankom Lindesnes f\u00f8r sesong to. \u00abDette orker jeg ikke\u00bb, tenkte jeg. Jeg skulle v\u00e6re p\u00e5 tur i seks uker, m\u00e5tte pugge manus og \u00e5tte kameraer skulle st\u00e5 og filme meg. \u00abDet her er for mye press\u00bb.<\/p>\n<p>        IKKE SKJEDD F\u00d8R: \u00ab71 grader nord\u00bb-programleder Tom Stiansen m\u00f8ter p\u00e5 utfordringer under innspillingen. Video: TV Norge \/ Kine Falch<\/p>\n<p>Stiansen var redd for \u00e5 \u00f8delegge ting ved \u00e5 si feil, og at produksjonen dermed var n\u00f8dt til \u00e5 vente p\u00e5 at han m\u00e5tte spille inn ting p\u00e5 nytt.<\/p>\n<p>&#8211; Jeg m\u00e5tte ta fem minutter for meg selv. Jeg ble litt engstelig for alt jeg skulle gjennom, fordi da hadde jeg skj\u00f8nt hva det innebar.<\/p>\n<p>    <a itemprop=\"url\" href=\"https:\/\/www.seher.no\/kjendis\/tenkte-det-verste\/83970658\" rel=\"nofollow noopener\" target=\"_blank\"><\/p>\n<p>        <img loading=\"lazy\" decoding=\"async\" src=\"https:\/\/www.europesays.com\/no\/wp-content\/uploads\/2025\/12\/83970695.webp\" width=\"980\" height=\"441\" title=\"- Tenkte det verste\" alt=\"\" class=\"lazyload\" style=\"--aspect-ratio-image: 2.22; \"\/><\/p>\n<p>        &#8211; Tenkte det verste<\/p>\n<p>    <\/a><\/p>\n<p>Programlederen forteller videre at ordblindheten ikke er helt borte, og at han \u00ableser noenlunde\u00bb. Heldigvis har stresset og panikken rundt avtatt.\u00a0<\/p>\n<p>&#8211; F\u00f8r var det stress, men n\u00e5 synes jeg at det bare er kos. Jeg kan ta meg selv i \u00e5 glemme kameraene, og det er veldig deilig. Jeg klarer \u00e5 ta et skritt tilbake og se meg selv.<\/p>\n<p>        FORBANNA: Terje Sporsem f\u00f8lte seg urettferdig behandla i \u00ab71 grader nord &#8211; kjendis\u00bb. Video: R\u00f8d L\u00f8per<\/p>\n<p>&#8211; Klyper meg i armen\t<\/p>\n<p>Stiansen har tidligere snakket varmt om rollen som programleder &#8211; en jobb som betyr sv\u00e6rt mye for ham.\u00a0<\/p>\n<p>&#8211; Det har blitt en del av\u00a0identiteten min, egentlig, sa han til Se og H\u00f8r i h\u00f8st.<\/p>\n<p>&#8211; Jeg er veldig takknemlig, for det er en fantastisk fin jobb. Jeg klyper meg i armen hvert \u00e5r n\u00e5r jeg f\u00e5r fornyet tillit.<\/p>\n<p>    <a itemprop=\"url\" href=\"https:\/\/www.seher.no\/kjendis\/jeg-var-mentalt-utslitt\/83967844\" rel=\"nofollow noopener\" target=\"_blank\"><\/p>\n<p>        <img loading=\"lazy\" decoding=\"async\" src=\"https:\/\/www.europesays.com\/no\/wp-content\/uploads\/2025\/12\/1765494017_510_83967790.webp\" width=\"980\" height=\"441\" title=\"- Jeg var mentalt utslitt\" alt=\"\" class=\"lazyload\" style=\"--aspect-ratio-image: 2.22; \"\/><\/p>\n<p>        &#8211; Jeg var mentalt utslitt<\/p>\n<p>    <\/a><\/p>\n<p>55-\u00e5ringen blir ogs\u00e5 \u00e5 se n\u00e5r \u00ab71 grader nord &#8211; teams\u00bb ruller over skjermen\u00a0v\u00e5ren 2026.<\/p>\n<p class=\"italic m-italic\" data-lab-italic=\"italic\">Tom Stiansen har forel\u00f8pig ikke besvart Se og H\u00f8rs henvendelser.\u00a0<\/p>\n","protected":false},"excerpt":{"rendered":"Tom Stiansen: Programlederen m\u00e5tte ta timeout f\u00f8r \u00ab71 grader nord\u00bb. N\u00e5 innr\u00f8mmer han hva som skjedde. SNAKKER UT:&hellip;\n","protected":false},"author":2,"featured_media":110828,"comment_status":"","ping_status":"","sticky":false,"template":"","format":"standard","meta":{"footnotes":""},"categories":[59],"tags":[4575,479,2543,30,28,29,83,82,4413],"class_list":{"0":"post-110827","1":"post","2":"type-post","3":"status-publish","4":"format-standard","5":"has-post-thumbnail","7":"category-sport","8":"tag-71-grader-nord","9":"tag-kjendis","10":"tag-kjendisdesken","11":"tag-no","12":"tag-norge","13":"tag-norway","14":"tag-sport","15":"tag-sports","16":"tag-tom-stiansen"},"share_on_mastodon":{"url":"","error":""},"_links":{"self":[{"href":"https:\/\/www.europesays.com\/no\/wp-json\/wp\/v2\/posts\/110827","targetHints":{"allow":["GET"]}}],"collection":[{"href":"https:\/\/www.europesays.com\/no\/wp-json\/wp\/v2\/posts"}],"about":[{"href":"https:\/\/www.europesays.com\/no\/wp-json\/wp\/v2\/types\/post"}],"author":[{"embeddable":true,"href":"https:\/\/www.europesays.com\/no\/wp-json\/wp\/v2\/users\/2"}],"replies":[{"embeddable":true,"href":"https:\/\/www.europesays.com\/no\/wp-json\/wp\/v2\/comments?post=110827"}],"version-history":[{"count":0,"href":"https:\/\/www.europesays.com\/no\/wp-json\/wp\/v2\/posts\/110827\/revisions"}],"wp:featuredmedia":[{"embeddable":true,"href":"https:\/\/www.europesays.com\/no\/wp-json\/wp\/v2\/media\/110828"}],"wp:attachment":[{"href":"https:\/\/www.europesays.com\/no\/wp-json\/wp\/v2\/media?parent=110827"}],"wp:term":[{"taxonomy":"category","embeddable":true,"href":"https:\/\/www.europesays.com\/no\/wp-json\/wp\/v2\/categories?post=110827"},{"taxonomy":"post_tag","embeddable":true,"href":"https:\/\/www.europesays.com\/no\/wp-json\/wp\/v2\/tags?post=110827"}],"curies":[{"name":"wp","href":"https:\/\/api.w.org\/{rel}","templated":true}]}}