{"id":110861,"date":"2025-12-11T23:51:08","date_gmt":"2025-12-11T23:51:08","guid":{"rendered":"https:\/\/www.europesays.com\/no\/110861\/"},"modified":"2025-12-11T23:51:08","modified_gmt":"2025-12-11T23:51:08","slug":"ikke-pene-bilder","status":"publish","type":"post","link":"https:\/\/www.europesays.com\/no\/110861\/","title":{"rendered":"&#8211; Ikke pene bilder"},"content":{"rendered":"<p>Brann &#8211; Fenerbahce 0-4<\/p>\n<p>Brann ble ydymket i Europa League av det tyrkiske storlaget, og etter kampen utspilte det seg noen ekle bilder p\u00e5 Brann stadion.<\/p>\n<p class=\"font-weight-bold m-font-weight-bold\" data-lab-font_weight=\"font-weight-bold\">En gruppe personer fra bortefansen heiv seg plutselig mot personer i den ene utgangen, og det oppsto tumulter som gjorde at politiet m\u00e5tte gripe inn.<\/p>\n<p>&#8211; Noe gj\u00f8r at Fenerbahce-supporterne blir s\u00e5 provosert at de stormer over gjerdene og pr\u00f8ver \u00e5 ta noen. Det tar litt tid f\u00f8r politiet kommer. Det er noen jenter som st\u00e5r vakt, og de er ikke rustet til \u00e5 st\u00e5 imot n\u00e5r det kommer voksne menn som renner over dem og vil forbi. S\u00e5 kom politiet, og da roet det seg fort, sa Viaplay-ekspert P\u00e5l Andr\u00e9 Helland.<\/p>\n<p>        <img loading=\"lazy\" decoding=\"async\" src=\"https:\/\/www.europesays.com\/no\/wp-content\/uploads\/2025\/12\/83973655.webp\" width=\"980\" height=\"559\" title=\"BR\u00c5K: Det oppsto br\u00e5k p\u00e5 tribunen etter kampen. Foto: Paul S. Amundsen \/ NTB\" alt=\"\" class=\"\" style=\"--aspect-ratio-image: 1.75; \"\/><\/p>\n<p>\n        BR\u00c5K: Det oppsto br\u00e5k p\u00e5 tribunen etter kampen. Foto: Paul S. Amundsen \/ NTB\n    <\/p>\n<p>Det var satt inn ekstra sikkerhetsvakter i forbindelse med oppgj\u00f8ret.<\/p>\n<p>&#8211; Det var litt hjerte i halsen en stund der, sa Helland videre.<\/p>\n<p class=\"font-weight-bold m-font-weight-bold\" data-lab-font_weight=\"font-weight-bold\">Det er ikke ofte det utspiller seg slike scener p\u00e5 tribuner i Norge.<\/p>\n<p>&#8211; Ikke pene bilder. De fikk etter hvert l\u00f8snet opp, selv om det var till\u00f8p til litt sm\u00e5panikk her, sa Viaplay-reporter \u00d8rjan Bj\u00f8rnstad.<\/p>\n<p>Minst \u00e9n person har blitt anholdt p\u00e5 stedet i forbindelse med br\u00e5ket.<\/p>\n<p>&#8211; Det er litt uavklart. Om det har v\u00e6rt en provokasjon vet vi ikke. Det varte heldigvis i kort tid, s\u00e5 vi fikk kontroll p\u00e5 situasjonen, sier Branns daglige leder Christian Kalvenes til Viaplay.<\/p>\n<p>&#8211; Det er litt for tidlig \u00e5 si hva som har skjedd. Det viktigste for meg er at de h\u00e5ndterte det raskt, sier han videre.<\/p>\n<p>Det var ogs\u00e5 satt opp sikkerhetsnett rett ved de tyrkiske supporterne underveis i kampen, ogs\u00e5 et noe uvanlig syn i Norge.<\/p>\n<p>&#8211; Det som var litt ekstra i dag var nett, noe som var anbefalt i forhold til kast og slike ting, sier Kalvenes.<\/p>\n<p class=\"italic m-italic\" data-lab-italic=\"italic\">Dagbladet har ikke lyktes med \u00e5 f\u00e5 kontakt med politiet i Bergen.<\/p>\n<p>        <img loading=\"lazy\" decoding=\"async\" src=\"https:\/\/www.europesays.com\/no\/wp-content\/uploads\/2025\/12\/83973665.webp\" width=\"686\" height=\"460\" title=\"REAGERTE: Deler av bortefansen fra Tyrkia reagerte p\u00e5 noe. Foto: Paul S. Amundsen \/ NTB\" alt=\"\" class=\"\" style=\"--aspect-ratio-image: 1.49; \"\/><\/p>\n<p>\n        REAGERTE: Deler av bortefansen fra Tyrkia reagerte p\u00e5 noe. Foto: Paul S. Amundsen \/ NTB\n    <\/p>\n<p>    <a itemprop=\"url\" href=\"https:\/\/www.dagbladet.no\/sport\/ydmyket\/83973476\" rel=\"nofollow noopener\" target=\"_blank\"><\/p>\n<p>        <img loading=\"lazy\" decoding=\"async\" src=\"https:\/\/www.europesays.com\/no\/wp-content\/uploads\/2025\/12\/83973501.webp\" width=\"980\" height=\"441\" title=\"Ydmyket\" alt=\"\" class=\"lazyload\" style=\"--aspect-ratio-image: 2.22; \"\/><\/p>\n<p>        Ydmyket<\/p>\n<p>    <\/a><\/p>\n","protected":false},"excerpt":{"rendered":"Brann &#8211; Fenerbahce 0-4 Brann ble ydymket i Europa League av det tyrkiske storlaget, og etter kampen utspilte&hellip;\n","protected":false},"author":2,"featured_media":110862,"comment_status":"","ping_status":"","sticky":false,"template":"","format":"standard","meta":{"footnotes":""},"categories":[5],"tags":[20,21,24,25,92,15,19,22,23,17,18,13,30,28,29,14,16,83,26,27],"class_list":{"0":"post-110861","1":"post","2":"type-post","3":"status-publish","4":"format-standard","5":"has-post-thumbnail","7":"category-overskrifter","8":"tag-breaking-news","9":"tag-breakingnews","10":"tag-featured-news","11":"tag-featurednews","12":"tag-fotball","13":"tag-headlines","14":"tag-hovedoppslag","15":"tag-latest-news","16":"tag-latestnews","17":"tag-main-news","18":"tag-mainnews","19":"tag-news","20":"tag-no","21":"tag-norge","22":"tag-norway","23":"tag-nyheter","24":"tag-overskrifter","25":"tag-sport","26":"tag-top-stories","27":"tag-topstories"},"share_on_mastodon":{"url":"https:\/\/pubeurope.com\/@no\/115703623560775866","error":""},"_links":{"self":[{"href":"https:\/\/www.europesays.com\/no\/wp-json\/wp\/v2\/posts\/110861","targetHints":{"allow":["GET"]}}],"collection":[{"href":"https:\/\/www.europesays.com\/no\/wp-json\/wp\/v2\/posts"}],"about":[{"href":"https:\/\/www.europesays.com\/no\/wp-json\/wp\/v2\/types\/post"}],"author":[{"embeddable":true,"href":"https:\/\/www.europesays.com\/no\/wp-json\/wp\/v2\/users\/2"}],"replies":[{"embeddable":true,"href":"https:\/\/www.europesays.com\/no\/wp-json\/wp\/v2\/comments?post=110861"}],"version-history":[{"count":0,"href":"https:\/\/www.europesays.com\/no\/wp-json\/wp\/v2\/posts\/110861\/revisions"}],"wp:featuredmedia":[{"embeddable":true,"href":"https:\/\/www.europesays.com\/no\/wp-json\/wp\/v2\/media\/110862"}],"wp:attachment":[{"href":"https:\/\/www.europesays.com\/no\/wp-json\/wp\/v2\/media?parent=110861"}],"wp:term":[{"taxonomy":"category","embeddable":true,"href":"https:\/\/www.europesays.com\/no\/wp-json\/wp\/v2\/categories?post=110861"},{"taxonomy":"post_tag","embeddable":true,"href":"https:\/\/www.europesays.com\/no\/wp-json\/wp\/v2\/tags?post=110861"}],"curies":[{"name":"wp","href":"https:\/\/api.w.org\/{rel}","templated":true}]}}