{"id":110891,"date":"2025-12-12T01:20:18","date_gmt":"2025-12-12T01:20:18","guid":{"rendered":"https:\/\/www.europesays.com\/no\/110891\/"},"modified":"2025-12-12T01:20:18","modified_gmt":"2025-12-12T01:20:18","slug":"zelensky-apner-for-valg-i-ukraina","status":"publish","type":"post","link":"https:\/\/www.europesays.com\/no\/110891\/","title":{"rendered":"Zelensky \u00e5pner for valg i Ukraina"},"content":{"rendered":"\n<ul class=\"_list_o9xde_3 _list_64s2r_85 _unordered_o9xde_106 text-sans-m\">\n<li class=\"_item_o9xde_30\">Eksdiplomat Kai Eide kaller valg i Ukraina en illusjon.<\/li>\n<li class=\"_item_o9xde_30\">En rekke faktorer gj\u00f8r et valg sv\u00e6rt vanskelig, if\u00f8lge Eide.<\/li>\n<li class=\"_item_o9xde_30\">President Zelenskyj sier valg kan holdes innen 60 &#8211; 90 dager med sikkerhetsgarantier.<\/li>\n<li class=\"_item_o9xde_30\">Trump anklager Zelenskyj for \u00e5 unng\u00e5 valg for \u00e5 beholde makten.<\/li>\n<li class=\"_item_o9xde_30\">Kun ti prosent av ukrainere st\u00f8tter valg f\u00f8r krigen er over.<\/li>\n<\/ul>\n<p>Vis mer <\/p>\n<p class=\"_paragraph_o9xde_4 _paragraph_xtcu6_10 layout-component text-serif-m layout-normal text-serif-m layout-padded\">President Volodymyr Zelenskyj uttaler at Ukraina kan v\u00e6re klar for valg innen 60 til 90 dager, dersom sikkerheten kan garanteres av USA og andre allierte. <\/p>\n<p class=\"_paragraph_o9xde_4 _paragraph_xtcu6_10 layout-component text-serif-m layout-normal text-serif-m layout-padded\">Han sier ogs\u00e5 at eventuelle kompromisser knyttet til ukrainske territorier m\u00e5 avgj\u00f8res av folket i Ukraina.<\/p>\n<p class=\"_paragraph_o9xde_4 _paragraph_xtcu6_10 layout-component text-serif-m layout-normal text-serif-m layout-padded\">Utspillet kommer etter \u00f8kende press fra USA. President Donald Trump har anklaget Zelenskyj for \u00e5 bruke krigen til \u00e5 unng\u00e5 valg og holde seg ved makten.<\/p>\n<p><img alt=\"USAs president Donald Trump og Ukrainas president Volodymyr Zelenskyj i Det hvite hus 28. februar 2025.   Foto: SAUL LOEB \/ AFP \/ NTB\" class=\"_image_qp4xg_65 layout-component layout-normal\" data-fullscreen- data-track-element-type=\"Article image fullscreen\" data-track-name=\"ImageFullscreen\" decoding=\"async\" loading=\"lazy\" height=\"5504\" itemprop=\"image\"  src=\"https:\/\/www.europesays.com\/no\/wp-content\/uploads\/2025\/12\/d6f3b2aa-a682-47c5-932f-48a50d1b8ac7\"  style=\"object-position:0% 0%\" width=\"5504\"\/>USAs president Donald Trump og Ukrainas president Volodymyr Zelenskyj i Det hvite hus 28. februar 2025.   Foto: SAUL LOEB \/ AFP \/ NTB<\/p>\n<p class=\"_paragraph_o9xde_4 _paragraph_xtcu6_10 layout-component text-serif-m layout-normal text-serif-m layout-padded\">\u2013 Jeg tror at det ukrainske folket vil svare p\u00e5 dette sp\u00f8rsm\u00e5let. Enten det er i form av valg eller en folkeavstemningfolkeavstemningEn prosess der befolkningen i et land eller omr\u00e5de stemmer direkte p\u00e5 et spesifikt sp\u00f8rsm\u00e5l eller forslag., m\u00e5 det ukrainske folket f\u00e5 si noe, sa presidenten torsdag om eventuelle kompromisser knyttet til ukrainske territorier.<\/p>\n<p> \u2013 Nedrig propagandakrig<\/p>\n<p class=\"_paragraph_o9xde_4 _paragraph_xtcu6_10 layout-component text-serif-m layout-normal text-serif-m layout-padded\">Det er betydelige praktiske hindringer for \u00e5 gjennomf\u00f8re valg under krig. <\/p>\n<p class=\"_paragraph_o9xde_4 _paragraph_xtcu6_10 layout-component text-serif-m layout-normal text-serif-m layout-padded\"><strong class=\"_strong_o9xde_25\">Tidligere toppdiplomattoppdiplomatEn person som representerer sitt land i utlandet og jobber med internasjonale relasjoner og forhandlinger. Kai Eide kalte det hele for et skittent spill i en Facebook-post onsdag.<\/strong><\/p>\n<p class=\"_paragraph_o9xde_4 _paragraph_xtcu6_10 layout-component text-serif-m layout-normal text-serif-m layout-padded\">\u2013 Dette er en del av den nedrige propagandakrigen fra Russland. Det er tragisk at Trump har falt for dette, sier Kai Eide til VG.<\/p>\n<p class=\"_paragraph_o9xde_4 _paragraph_xtcu6_10 layout-component text-serif-m layout-normal text-serif-m layout-padded\">\u2013 Det har jo lenge v\u00e6rt \u00e5penbart at Zelenskyj ikke er Trumps \u00abfavoritt\u00bb. Ved \u00e5 igjen legge utilb\u00f8rlig press p\u00e5 ham gj\u00f8r Trump seg igjen til et redskap for russisk politikk.<\/p>\n<p><img alt=\"Kai Eide, tidligere diplomat og ambassad\u00f8r.  Foto: Terje Pedersen \/ NTB\" class=\"_image_qp4xg_65 layout-component layout-normal\" data-fullscreen- data-track-element-type=\"Article image fullscreen\" data-track-name=\"ImageFullscreen\" decoding=\"async\" loading=\"lazy\" height=\"3371\" itemprop=\"image\"  src=\"https:\/\/www.europesays.com\/no\/wp-content\/uploads\/2025\/12\/46f07617-6ec4-49ed-a28d-0a666b9cddec\"  style=\"object-position:0% 0%\" width=\"3371\"\/>Kai Eide, tidligere diplomat og ambassad\u00f8r.  Foto: Terje Pedersen \/ NTB<\/p>\n<p class=\"_paragraph_o9xde_4 _paragraph_xtcu6_10 layout-component text-serif-m layout-normal text-serif-m layout-padded\">Eide sier det er en rekke faktorer som gj\u00f8r valg i Ukraina sv\u00e6rt vanskelig \u00e5 gjennomf\u00f8re p\u00e5 en demokratisk m\u00e5te:<\/p>\n<ol class=\"_list_o9xde_3 _list_xtcu6_9 _ordered_o9xde_79 layout-component text-serif-m layout-normal text-serif-m layout-padded\">\n<li class=\"_item_o9xde_30\">\u2013 Skal de okkuperte omr\u00e5dene \u2013 og de omr\u00e5dene Putin for \u00f8vrig gj\u00f8r krav p\u00e5 \u2013 holdes utenfor et eventuelt valg? Det vil i s\u00e5 fall betraktes som en indirekte anerkjennelse av russisk okkupasjon, sier han.<\/li>\n<li class=\"_item_o9xde_30\">\u2013 Samtidig p\u00e5g\u00e5r det krigshandlinger i store deler av landet. Millioner rammes daglig. Ukraina har titusener av soldater i felt og ved fronten. Hvordan skal det kunne gjennomf\u00f8res trygge valg i en slik situasjon? <\/li>\n<li class=\"_item_o9xde_30\">\u2013 Er Putin plutselig villig til \u00e5 g\u00e5 med p\u00e5 en lengre v\u00e5penhvile? Og hvordan skal ukrainerne ha tillit til at den overholdes?<\/li>\n<li class=\"_item_o9xde_30\">\u2013 I tillegg er det 5,9 millioner ukrainere p\u00e5 flukt i andre land p\u00e5 grunn av konflikten. De har ogs\u00e5 stemmerett. Hvordan skal dette organiseres?<\/li>\n<\/ol>\n<p><img alt=\"Et tog p\u00e5 vei til Polen med ukrainske flyktninger i starten av den russiske invasjonen av landet, 5. mars 2022.  Foto: KAI PFAFFENBACH \/ Reuters \/ NTB\" class=\"_image_qp4xg_65 layout-component layout-normal\" data-fullscreen- data-track-element-type=\"Article image fullscreen\" data-track-name=\"ImageFullscreen\" decoding=\"async\" loading=\"lazy\" height=\"3085\" itemprop=\"image\"  src=\"https:\/\/www.europesays.com\/no\/wp-content\/uploads\/2025\/12\/57220386-ad5f-4807-9536-7c01e39e7417\"  style=\"object-position:0% 0%\" width=\"3085\"\/>Et tog p\u00e5 vei til Polen med ukrainske flyktninger i starten av den russiske invasjonen av landet, 5. mars 2022.  Foto: KAI PFAFFENBACH \/ Reuters \/ NTB Krever seks m\u00e5neder<\/p>\n<p class=\"_paragraph_o9xde_4 _paragraph_xtcu6_10 layout-component text-serif-m layout-normal text-serif-m layout-padded\">If\u00f8lge nestlederen i Ukrainas valgkommisjonvalgkommisjonEn offisiell gruppe som er ansvarlig for \u00e5 organisere og overv\u00e5ke valg i et land., Serhiy Dubovyk, er kun 75 prosent av Ukrainas valgsteder for \u00f8yeblikket operative.<\/p>\n<p class=\"_paragraph_o9xde_4 _paragraph_xtcu6_10 layout-component text-serif-m layout-normal text-serif-m layout-padded\">Dubovyk sa at det ville kreve seks m\u00e5neders forberedelse \u00e5 m\u00f8te internasjonale standarder for et fritt og rettferdig valg i Ukraina. Hvis valg holdes tidligere, er det \u00abumulig \u00e5 fullt ut garantere overholdelse av alle internasjonale standarder\u00bb, sa han.<\/p>\n<p class=\"_paragraph_o9xde_4 _paragraph_xtcu6_10 layout-component text-serif-m layout-normal text-serif-m layout-padded\">\u00c5 kalle Zelenskyj lovstridig og stille sp\u00f8rsm\u00e5l ved hans valgmandat har v\u00e6rt en av hj\u00f8rnesteinene i russisk propaganda siden 2024, da Zelenskyjs periode skulle ha utl\u00f8pt.<\/p>\n<p class=\"_paragraph_o9xde_4 _paragraph_xtcu6_10 layout-component text-serif-m layout-normal text-serif-m layout-padded\">Hans fem\u00e5rige periode var egentlig over i mai 2024, men valg har v\u00e6rt suspendert siden unntakstilstandunntakstilstandEn situasjon der vanlige lover og rettigheter er midlertidig suspendert, ofte p\u00e5 grunn av krig eller krise. ble erkl\u00e6rt etter Russlands fullskala invasjon.<\/p>\n<p><img alt=\"President Donald Trump og Russlands president Vladimir Putin ankommer til en pressekonferanse p\u00e5 Joint Base Elmendorf-Richardson i Alaska fredag \u200b\u200b15. august 2025.  Foto: Julia Demaree Nikhinson \/ AP \/ NTB\" class=\"_image_qp4xg_65 layout-component layout-normal\" data-fullscreen- data-track-element-type=\"Article image fullscreen\" data-track-name=\"ImageFullscreen\" decoding=\"async\" loading=\"lazy\" height=\"1245\" itemprop=\"image\"  src=\"https:\/\/www.europesays.com\/no\/wp-content\/uploads\/2025\/12\/fb11d1fb-a542-43d3-aef0-515c7dd05010\"  style=\"object-position:0% 0%\" width=\"1244\"\/>President Donald Trump og Russlands president Vladimir Putin ankommer til en pressekonferanse p\u00e5 Joint Base Elmendorf-Richardson i Alaska fredag \u200b\u200b15. august 2025.  Foto: Julia Demaree Nikhinson \/ AP \/ NTB Krever nye valg<\/p>\n<p class=\"_paragraph_o9xde_4 _paragraph_xtcu6_10 layout-component text-serif-m layout-normal text-serif-m layout-padded\">Denne fortellingen har tidligere sneket seg inn i uttalelser fra amerikanske regjeringsmedlemmer. N\u00e5 anklager Trump Zelenskyj for \u00e5 bruke krigen til \u00e5 unng\u00e5 valg:<\/p>\n<p class=\"_paragraph_o9xde_4 _paragraph_xtcu6_10 layout-component text-serif-m layout-normal text-serif-m layout-padded\"><strong class=\"_strong_o9xde_25\">\u2013 De snakker om et demokrati, men det kommer til et punkt hvor det ikke lenger er et demokrati, sa Trump til Politico. <\/strong><\/p>\n<p><img decoding=\"async\" alt=\"Bilde av Karoline Leavitt \" class=\"_image_ygndg_42\" height=\"27\" itemprop=\"image\" loading=\"lazy\"  src=\"https:\/\/www.europesays.com\/no\/wp-content\/uploads\/2025\/12\/4c575b34-7aad-4400-a8ed-05853aed517d\"  width=\"40\"\/><strong class=\"_name_ygndg_51 title-serif-xs\">Karoline Leavitt <\/strong><\/p>\n<p class=\"_paragraph_o9xde_4 text-sans-m _description_ygndg_56\">Trumps talskvinne<\/p>\n<p class=\"_paragraph_o9xde_4 _paragraph_xtcu6_10 layout-component text-serif-m layout-normal text-serif-m layout-padded\">Trumps talskvinne Karoline Leavitt sa under et pressem\u00f8te torsdag at presidenten er lei av snakk og \u00f8nsker seg konkret framdrift i samtalene om fred i Ukraina.<\/p>\n<p class=\"_paragraph_o9xde_4 _paragraph_xtcu6_10 layout-component text-serif-m layout-normal text-serif-m layout-padded\"><strong class=\"_strong_o9xde_25\">\u2013 Presidenten er ekstremt frustrert med begge parter i denne krigen, sier hun.<\/strong><\/p>\n<p class=\"_paragraph_o9xde_4 _paragraph_xtcu6_10 layout-component text-serif-m layout-normal text-serif-m layout-padded\">Moskva har konsekvent hevdet at Zelenskyj ikke er en legitim leder og krevd nye valg som en betingelse for en v\u00e5penhvileavtale.<\/p>\n<p><img alt=\"Russlands president Vladimir Putin under en samtale med milit\u00e6rledere om krigen i Ukraina, torsdag 11. desember 2025.  Foto: Gavriil Grigorov \/ AP \/ NTB\" class=\"_image_qp4xg_65 layout-component layout-normal\" data-fullscreen- data-track-element-type=\"Article image fullscreen\" data-track-name=\"ImageFullscreen\" decoding=\"async\" loading=\"lazy\" height=\"2931\" itemprop=\"image\"  src=\"https:\/\/www.europesays.com\/no\/wp-content\/uploads\/2025\/12\/73cd40ab-4be3-4a16-9e71-7743ec4c5ca7\"  style=\"object-position:0% 0%\" width=\"2931\"\/>Russlands president Vladimir Putin under en samtale med milit\u00e6rledere om krigen i Ukraina, torsdag 11. desember 2025.  Foto: Gavriil Grigorov \/ AP \/ NTB<\/p>\n<p class=\"_paragraph_o9xde_4 _paragraph_xtcu6_10 layout-component text-serif-m layout-normal text-serif-m layout-padded\">\u2013 At Trump igjen gj\u00f8r seg til redskap for Putins politikk er enda et eksempel p\u00e5 hvordan det er offeret som settes under press \u2013 og ikke overgriperen, sier Kai Eide til VG.<\/p>\n<p class=\"_paragraph_o9xde_4 _paragraph_xtcu6_10 layout-component text-serif-m layout-normal text-serif-m layout-padded\">\u2013 Rent teknisk sett er ogs\u00e5 nitti dager til et valg er veldig kort tid. Valg krever forberedelser, det skal gjennomf\u00f8res valgkamp og alle skal kunne stemme. Det forutsetter et land med stabilitet. Det er det s\u00e5 absolutt ikke i Ukraina, sier han.<\/p>\n<p> Lite st\u00f8tte blant folket<img alt=\"Gravene til drepte ukrainske soldater p\u00e5 Lychakiv-kirkeg\u00e5rden i Lviv, Ukraina 27. november.  Foto: Roman Baluk \/ Reuters \/ NTB\" class=\"_image_qp4xg_65 layout-component layout-normal\" data-fullscreen- data-track-element-type=\"Article image fullscreen\" data-track-name=\"ImageFullscreen\" decoding=\"async\" loading=\"lazy\" height=\"1836\" itemprop=\"image\"  src=\"https:\/\/www.europesays.com\/no\/wp-content\/uploads\/2025\/12\/70cfc17c-5687-44cb-9c05-305bcc3193d5\"  style=\"object-position:0% 0%\" width=\"1836\"\/>Gravene til drepte ukrainske soldater p\u00e5 Lychakiv-kirkeg\u00e5rden i Lviv, Ukraina 27. november.  Foto: Roman Baluk \/ Reuters \/ NTB<\/p>\n<p class=\"_paragraph_o9xde_4 _paragraph_xtcu6_10 layout-component text-serif-m layout-normal text-serif-m layout-padded\">Det er ingen stor folkelig st\u00f8tte i Ukraina for valg mens krigen p\u00e5g\u00e5r, sier Anton Grushetsky, direkt\u00f8r i Kyiv International Institute of Sociology, til BBC.<\/p>\n<p class=\"_paragraph_o9xde_4 _paragraph_xtcu6_10 layout-component text-serif-m layout-normal text-serif-m layout-padded\">If\u00f8lge data samlet inn den siste uken st\u00f8tter bare rundt ti prosent av befolkningen ideen om \u00e5 g\u00e5 til valgurnene f\u00f8r en v\u00e5penhvile eller fredsavtale, if\u00f8lge Grushetsky.<\/p>\n<p class=\"_paragraph_o9xde_4 _paragraph_xtcu6_10 layout-component text-serif-m layout-normal text-serif-m layout-padded\">Hvorfor kommer president Zelenskyj med dette utspillet n\u00e5?<\/p>\n<p class=\"_paragraph_o9xde_4 _paragraph_xtcu6_10 layout-component text-serif-m layout-normal text-serif-m layout-padded\">\u2013 Dette kan v\u00e6re et fors\u00f8k fra Zelenskyj p\u00e5 \u00e5 f\u00e5 Trump til \u00e5 forst\u00e5 at dette er en umulighet. At dette er en tanke som ikke lar seg realisere. <\/p>\n<p class=\"_paragraph_o9xde_4 _paragraph_xtcu6_10 layout-component text-serif-m layout-normal text-serif-m layout-padded\">\u2013 Samtidig er han ute etter \u00e5 bevege Trump i retning av klare sikkerhetsgarantier og \u00f8nsker kanskje \u00e5 blidgj\u00f8re den amerikanske presidenten i visshet om at Putin ikke vil bidra til \u00e5 gj\u00f8re slike valg mulig.<\/p>\n<p><img alt=\"Soldater i den ukrainske h\u00e6ren p\u00e5 vei til et kampoppdrag n\u00e6r frontlinjebyen Kostjantynivka i Donetsk-regionen, Ukraina. 27. november.  Foto: Stringer \/ Reuters \/ NTB\" class=\"_image_qp4xg_65 layout-component layout-normal\" data-fullscreen- data-track-element-type=\"Article image fullscreen\" data-track-name=\"ImageFullscreen\" decoding=\"async\" loading=\"lazy\" height=\"3670\" itemprop=\"image\"  src=\"https:\/\/www.europesays.com\/no\/wp-content\/uploads\/2025\/12\/c07b3f0f-871b-4c7f-aa5e-81917bff966c\"  style=\"object-position:0% 0%\" width=\"3670\"\/>Soldater i den ukrainske h\u00e6ren p\u00e5 vei til et kampoppdrag n\u00e6r frontlinjebyen Kostjantynivka i Donetsk-regionen, Ukraina. 27. november.  Foto: Stringer \/ Reuters \/ NTB<\/p>\n<p class=\"_paragraph_o9xde_4 _paragraph_xtcu6_10 layout-component text-serif-m layout-normal text-serif-m layout-padded\">Ukrainere som ble intervjuet av Reuters etter presidentens kommentarer var ganske enstemmige: Fokuser p\u00e5 krigen, ikke valg:<\/p>\n<p class=\"_paragraph_o9xde_4 _paragraph_xtcu6_10 layout-component text-serif-m layout-normal text-serif-m layout-padded\">\u2013 Folk i skyttergravene m\u00e5 p\u00e5 en eller annen m\u00e5te stemme \u2013 skal stemmeurner leveres til dem i skyttergravene? sa Roman, en 61 \u00e5r gammel pensjonist til Reuters. <\/p>\n<p class=\"_paragraph_o9xde_4 _paragraph_xtcu6_10 layout-component text-serif-m layout-normal text-serif-m layout-padded\">\u2013 Det virker for meg som om vi m\u00e5 avslutte krigen f\u00f8rst, og f\u00f8rst da holde valg.<\/p>\n<p class=\"_paragraph_o9xde_4 _paragraph_xtcu6_10 layout-component text-serif-m layout-normal text-serif-m layout-padded\">En 25 \u00e5r gammel bokhandelsansatt ved navn Lana sa at Trumps synspunkter ikke var relevante.<\/p>\n<p class=\"_paragraph_o9xde_4 _paragraph_xtcu6_10 layout-component text-serif-m layout-normal text-serif-m layout-padded\">\u2013 Vi har til og med fastsatt at det under unntakstilstand, som er erkl\u00e6rt i v\u00e5rt land, holdes det ikke valg, sa hun if\u00f8lge <a href=\"https:\/\/edition.cnn.com\/2025\/12\/10\/europe\/ukraine-elections-explainer-intl\" class=\"_link_o9xde_39\" rel=\"nofollow noopener\" target=\"_blank\">CNN<\/a>. \u2013 Jeg st\u00f8tter \u00e5 holde valg ved slutten av unntakstilstanden, etter v\u00e5r seier, slik det skal v\u00e6re.<\/p>\n<p><img alt=\"Leilighetsbygg skadet av russisk milit\u00e6rangrep i frontlinjebyen Kostjantynivka i det \u00f8stlige Ukraina 28. november.  Foto: UKRAINIAN ARMED FORCES \/ Reuters \/ NTB\" class=\"_image_qp4xg_65 layout-component layout-normal\" data-fullscreen- data-track-element-type=\"Article image fullscreen\" data-track-name=\"ImageFullscreen\" decoding=\"async\" loading=\"lazy\" height=\"2232\" itemprop=\"image\"  src=\"https:\/\/www.europesays.com\/no\/wp-content\/uploads\/2025\/12\/1baf888b-b0b6-4a5e-8547-1cc911887e8b\"  style=\"object-position:0% 0%\" width=\"2231\"\/>Leilighetsbygg skadet av russisk milit\u00e6rangrep i frontlinjebyen Kostjantynivka i det \u00f8stlige Ukraina 28. november.  Foto: UKRAINIAN ARMED FORCES \/ Reuters \/ NTB Delikat tidspunkt<\/p>\n<p class=\"_paragraph_o9xde_4 _paragraph_xtcu6_10 layout-component text-serif-m layout-normal text-serif-m layout-padded\">Det er et delikat tidspunkt i fredsforhandlingene. <\/p>\n<p class=\"_paragraph_o9xde_4 _paragraph_xtcu6_10 layout-component text-serif-m layout-normal text-serif-m layout-padded\">Ukraina har n\u00e5 gitt USA en oppdatert versjon av en fredsplan, if\u00f8lge president Zelenskyj. Den har 20 punkter og omfatter sikkerhetsgarantier og en avtale om gjenoppbygging av Ukraina.<\/p>\n<p class=\"_paragraph_o9xde_4 _paragraph_xtcu6_10 layout-component text-serif-m layout-normal text-serif-m layout-padded\">Ogs\u00e5 kontrollen over atomkraftverket Zaporizjzja er en del av diskusjonene mellom Ukraina og USA.<\/p>\n<p><img alt=\"Frankrikes president Emmanuel Macron, Ukrainas president Volodymyr Zelenskyj og Storbritannias statsminister Keir Starmer deltar i et m\u00f8te med europeiske ledere i hovedstaden Kyiv 10. mai 2025.  Foto: GENYA SAVILOV \/ AFP \/ NTB\" class=\"_image_qp4xg_65 layout-component layout-normal\" data-fullscreen- data-track-element-type=\"Article image fullscreen\" data-track-name=\"ImageFullscreen\" decoding=\"async\" loading=\"lazy\" height=\"4992\" itemprop=\"image\"  src=\"https:\/\/www.europesays.com\/no\/wp-content\/uploads\/2025\/12\/63ea978b-c4c9-498c-93e2-9944d7f85d90\"  style=\"object-position:0% 0%\" width=\"6658\"\/>Frankrikes president Emmanuel Macron, Ukrainas president Volodymyr Zelenskyj og Storbritannias statsminister Keir Starmer deltar i et m\u00f8te med europeiske ledere i hovedstaden Kyiv 10. mai 2025.  Foto: GENYA SAVILOV \/ AFP \/ NTB<\/p>\n<p class=\"_paragraph_o9xde_4 _paragraph_xtcu6_10 layout-component text-serif-m layout-normal text-serif-m layout-padded\">\u2013 Vi har to hovedpunkter hvor vi er uenige: Territoriene i Donetsk og alt som ang\u00e5r dem, og kjernekraftverket Zaporizjzja. Dette er de to temaene som vi fortsetter \u00e5 diskutere.<\/p>\n<p class=\"_paragraph_o9xde_4 _paragraph_xtcu6_10 layout-component text-serif-m layout-normal text-serif-m layout-padded\">De siste ukene har europeiske ledere jobbet tett med Ukraina for \u00e5 utarbeide en ny versjon av en fredsplan som tar for seg Kyivs interesser og bekymringer.<\/p>\n<p class=\"_paragraph_o9xde_4 _paragraph_xtcu6_10 layout-component text-serif-m layout-normal text-serif-m layout-padded\">En opprinnelig 28-punkts fredsplan, som ble kritisert for \u00e5 favorisere Russlands krav, har blitt kuttet ned til 20 punkter, men n\u00f8kkelsp\u00f8rsm\u00e5let om territorium er fortsatt usikkert.<\/p>\n","protected":false},"excerpt":{"rendered":"Eksdiplomat Kai Eide kaller valg i Ukraina en illusjon. En rekke faktorer gj\u00f8r et valg sv\u00e6rt vanskelig, if\u00f8lge&hellip;\n","protected":false},"author":2,"featured_media":110892,"comment_status":"","ping_status":"","sticky":false,"template":"","format":"standard","meta":{"footnotes":""},"categories":[12],"tags":[20,21,55,24,25,15,179,22,23,13,30,28,29,14,16,26,27,489,412,42,46,186,488,43,44,45],"class_list":{"0":"post-110891","1":"post","2":"type-post","3":"status-publish","4":"format-standard","5":"has-post-thumbnail","7":"category-verden","8":"tag-breaking-news","9":"tag-breakingnews","10":"tag-donald-trump","11":"tag-featured-news","12":"tag-featurednews","13":"tag-headlines","14":"tag-krigen-i-ukraina","15":"tag-latest-news","16":"tag-latestnews","17":"tag-news","18":"tag-no","19":"tag-norge","20":"tag-norway","21":"tag-nyheter","22":"tag-overskrifter","23":"tag-top-stories","24":"tag-topstories","25":"tag-ukraina","26":"tag-utenriks","27":"tag-verden","28":"tag-vgai","29":"tag-vladimir-putin","30":"tag-volodymyr-zelenskyj","31":"tag-world","32":"tag-world-news","33":"tag-worldnews"},"share_on_mastodon":{"url":"https:\/\/pubeurope.com\/@no\/115703973638399036","error":""},"_links":{"self":[{"href":"https:\/\/www.europesays.com\/no\/wp-json\/wp\/v2\/posts\/110891","targetHints":{"allow":["GET"]}}],"collection":[{"href":"https:\/\/www.europesays.com\/no\/wp-json\/wp\/v2\/posts"}],"about":[{"href":"https:\/\/www.europesays.com\/no\/wp-json\/wp\/v2\/types\/post"}],"author":[{"embeddable":true,"href":"https:\/\/www.europesays.com\/no\/wp-json\/wp\/v2\/users\/2"}],"replies":[{"embeddable":true,"href":"https:\/\/www.europesays.com\/no\/wp-json\/wp\/v2\/comments?post=110891"}],"version-history":[{"count":0,"href":"https:\/\/www.europesays.com\/no\/wp-json\/wp\/v2\/posts\/110891\/revisions"}],"wp:featuredmedia":[{"embeddable":true,"href":"https:\/\/www.europesays.com\/no\/wp-json\/wp\/v2\/media\/110892"}],"wp:attachment":[{"href":"https:\/\/www.europesays.com\/no\/wp-json\/wp\/v2\/media?parent=110891"}],"wp:term":[{"taxonomy":"category","embeddable":true,"href":"https:\/\/www.europesays.com\/no\/wp-json\/wp\/v2\/categories?post=110891"},{"taxonomy":"post_tag","embeddable":true,"href":"https:\/\/www.europesays.com\/no\/wp-json\/wp\/v2\/tags?post=110891"}],"curies":[{"name":"wp","href":"https:\/\/api.w.org\/{rel}","templated":true}]}}