{"id":110917,"date":"2025-12-12T02:17:10","date_gmt":"2025-12-12T02:17:10","guid":{"rendered":"https:\/\/www.europesays.com\/no\/110917\/"},"modified":"2025-12-12T02:17:10","modified_gmt":"2025-12-12T02:17:10","slug":"irriterende-fa-problemer-innad-i-hoyre","status":"publish","type":"post","link":"https:\/\/www.europesays.com\/no\/110917\/","title":{"rendered":"Irriterende f\u00e5 problemer innad i H\u00f8yre"},"content":{"rendered":"\n<p class=\"_paragraph_o9xde_4 _paragraph_xtcu6_10 layout-component text-serif-m layout-normal text-serif-m layout-padded\">Jeg m\u00e5 si: Denne h\u00f8stens leder- og ledelsesprosess i H\u00f8yre har v\u00e6rt imponerende god.<\/p>\n<p class=\"_paragraph_o9xde_4 _paragraph_xtcu6_10 layout-component text-serif-m layout-normal text-serif-m layout-padded\"><strong class=\"_strong_o9xde_25\">For ikke \u00e5 si irriterende god.  <\/strong><\/p>\n<p class=\"_paragraph_o9xde_4 _paragraph_xtcu6_10 layout-component text-serif-m layout-normal text-serif-m layout-padded\">Den har v\u00e6rt \u00e5pen og inviterende. Offentligheten er blitt godt kjent med kandidatene og det er jevnt over en sjelden positiv vibb i og rundt partiet. <\/p>\n<p class=\"_paragraph_o9xde_4 _paragraph_xtcu6_10 layout-component text-serif-m layout-normal text-serif-m layout-padded\">Stemningen mellom de ulike kandidatene \u2013 selv blant de som trakk seg \u2013 er nesten foruroligende kordial. <\/p>\n<p class=\"_paragraph_o9xde_4 _paragraph_xtcu6_10 layout-component text-serif-m layout-normal text-serif-m layout-padded\">S\u00e5nn har det slettes ikke alltid v\u00e6rt. Ogs\u00e5 det kultiverte H\u00f8yre har tradisjon for fule bakholdsangrep, grisete knetaklinger og ub\u00f8yelige fl\u00f8ykamper. <\/p>\n<p class=\"_paragraph_o9xde_4 _paragraph_xtcu6_10 layout-component text-serif-m layout-normal text-serif-m layout-padded\">Partiet har ofte spist sine ledere, av og til i et heseblesende tempo. <\/p>\n<p class=\"_paragraph_o9xde_4 _paragraph_xtcu6_10 layout-component text-serif-m layout-normal text-serif-m layout-padded\">H\u00f8yre har hatt 14 partiledere siden 1945. Ap har hatt sju. <\/p>\n<p class=\"_paragraph_o9xde_4 _paragraph_xtcu6_10 layout-component text-serif-m layout-normal text-serif-m layout-padded\">Denne gangen, derimot, har de tilsynelatende klart \u00e5 vri et miserabelt valgresultat til en slags \u00abvi ska ta\u2019rem\u00bb-optimisme. <\/p>\n<p class=\"_paragraph_o9xde_4 _paragraph_xtcu6_10 layout-component text-serif-m layout-normal text-serif-m layout-padded\">Skj\u00f8nt: Velgerne er forel\u00f8pig forsiktig avventende if\u00f8lge meningsm\u00e5lingene der Frp stadig suser avg\u00e5rde.<\/p>\n<p class=\"_paragraph_o9xde_4 _paragraph_xtcu6_10 layout-component text-serif-m layout-normal text-serif-m layout-padded\">Det var langtfra gitt at det skulle g\u00e5 slik. <\/p>\n<p class=\"_paragraph_o9xde_4 _paragraph_xtcu6_10 layout-component text-serif-m layout-normal text-serif-m layout-padded\">Den for H\u00f8yres del unormalt omfattende Solberg-epoken er over. Ruvende sjefer av Erna-typen har en tendens til \u00e5 kaste skygger som gj\u00f8r vekstforholdene rundt rimelig karrige.  <\/p>\n<p class=\"_paragraph_o9xde_4 _paragraph_xtcu6_10 layout-component text-serif-m layout-normal text-serif-m layout-padded\">Og n\u00e5r anf\u00f8reren s\u00e5 er borte, r\u00e5r forvirring og befippelse. <\/p>\n<p><img alt=\"Foto: Tegning: Roar Hagen \/ VG\" class=\"_image_qp4xg_65 layout-component layout-normal\" data-fullscreen- data-track-element-type=\"Article image fullscreen\" data-track-name=\"ImageFullscreen\" decoding=\"async\" loading=\"lazy\" height=\"2048\" itemprop=\"image\"  src=\"https:\/\/www.europesays.com\/no\/wp-content\/uploads\/2025\/12\/35fa28e4-6392-4d75-b58c-e268545def94\"  style=\"object-position:0% 0%\" width=\"2732\"\/>Foto: Tegning: Roar Hagen \/ VG<\/p>\n<p class=\"_paragraph_o9xde_4 _paragraph_xtcu6_10 layout-component text-serif-m layout-normal text-serif-m layout-padded\">Men tvert i mot, s\u00e5 har Solberg klart \u00e5 \u00abbygge lag\u00bb, som det heter s\u00e5 fint, og alle de som er p\u00e5 vei inn i ledelsen n\u00e5 er sv\u00e6rt dugelige politiske h\u00e5ndverkere med, som det ogs\u00e5 heter, komplement\u00e6re ferdigheter. <\/p>\n<p class=\"_paragraph_o9xde_4 _paragraph_xtcu6_10 layout-component text-serif-m layout-normal text-serif-m layout-padded\">Ingen av dem er for lik Erna (det er egentlig umulig), men ingen av dem representerer heller et direkte brudd med linjen partimoderen la gjennom sine (nesten) 22 \u00e5r p\u00e5 dronningsetet i H\u00f8yres hus. <\/p>\n<p class=\"_paragraph_o9xde_4 _paragraph_xtcu6_10 layout-component text-serif-m layout-normal text-serif-m layout-padded\">Selv den potensielt idyllforstyrrende distriktsfloken ser valgkomiteen ut til \u00e5 ha l\u00f8st. For rett \u00abunder\u00bb den \u00f8stlandske ledertrioen er det en pen landsdelsspredning:<\/p>\n<p class=\"_paragraph_o9xde_4 _paragraph_xtcu6_10 layout-component text-serif-m layout-normal text-serif-m layout-padded\">Peter Fr\u00f8lich fra Bergen, Grete Ellingsen fra Sortland og Margret Hagerup fra Stavanger vil utgj\u00f8re arbeidsutvalget sammen med de tre p\u00e5 topp. <\/p>\n<p class=\"_paragraph_o9xde_4 _paragraph_xtcu6_10 layout-component text-serif-m layout-normal text-serif-m layout-padded\">Det er en toppledelse som speiler bredden i H\u00f8yre, politisk, geografisk og erfaringsmessig. Kabalen gikk med andre ord opp til slutt. <\/p>\n<p class=\"_paragraph_o9xde_4 _paragraph_xtcu6_10 layout-component text-serif-m layout-normal text-serif-m layout-padded\">Et par aviskommentatorer har hengt seg opp i at ingen av de tre p\u00e5 toppen \u2013 Ine Eriksen S\u00f8reide, Henrik Asheim og Ola Svenneby \u2013 har barn. Hva slags relevans det eventuelt har m\u00e5 kommentatorene svare for selv. <\/p>\n<p class=\"_paragraph_o9xde_4 _paragraph_xtcu6_10 layout-component text-serif-m layout-normal text-serif-m layout-padded\">Mer interessant, synes jeg, er at de alle kommer fra det vi kan kalle vanlige bakgrunner. <\/p>\n<p class=\"_paragraph_o9xde_4 _paragraph_xtcu6_10 layout-component text-serif-m layout-normal text-serif-m layout-padded\"><strong class=\"_strong_o9xde_25\">Mens Ap har to mangemillion\u00e6rer i ledelsen, er den nye h\u00f8yreledelsen mer folkelig forankret. <\/strong><\/p>\n<p class=\"_paragraph_o9xde_4 _paragraph_xtcu6_10 layout-component text-serif-m layout-normal text-serif-m layout-padded\">S\u00e5 kan man samtidig peke p\u00e5 at de tre p\u00e5 topp er det som kalles \u00abbroilere\u00bb og knapt har levd et liv utenfor politikken.   <\/p>\n<p class=\"_paragraph_o9xde_4 _paragraph_xtcu6_10 layout-component text-serif-m layout-normal text-serif-m layout-padded\">Om det egentlig er et problem i en tid der vi trenger erfarne politiske ledere mer enn noen gang, er jeg ikke s\u00e5 sikker p\u00e5. <\/p>\n<p class=\"_paragraph_o9xde_4 _paragraph_xtcu6_10 layout-component text-serif-m layout-normal text-serif-m layout-padded\">\u00abIkke v\u00e6r for positiv, da\u00bb, sa de andre p\u00e5 kontoret her da jeg begynte \u00e5 skrive p\u00e5 denne teksten.<\/p>\n<p class=\"_paragraph_o9xde_4 _paragraph_xtcu6_10 layout-component text-serif-m layout-normal text-serif-m layout-padded\">Den ambisjonen brast raskt.<\/p>\n<p class=\"_paragraph_o9xde_4 _paragraph_xtcu6_10 layout-component text-serif-m layout-normal text-serif-m layout-padded\">For bortsett fra at valgkomiteen ikke fant plass til dyktige Sandra Bruflot \u2013 en av partiets absolutt mest sympatiske og debattsterke politikere \u2013 er det latterlig lite som skurrer i H\u00f8yre n\u00e5. <\/p>\n<p class=\"_paragraph_o9xde_4 _paragraph_xtcu6_10 layout-component text-serif-m layout-normal text-serif-m layout-padded\">Skj\u00f8nt, det er selvsagt en grov ripe i lakken p\u00e5 H\u00f8yre-skroget at det ikke engang er spor av Tr\u00f8ndelag i tet-sekstetten. <\/p>\n<p><img alt=\"STERKE MENINGER: Sture Pedersen.   Foto: Anja A. T. Brekke \/ VG \/ VG\" class=\"_image_qp4xg_65 layout-component layout-normal\" data-fullscreen- data-track-element-type=\"Article image fullscreen\" data-track-name=\"ImageFullscreen\" decoding=\"async\" loading=\"lazy\" height=\"5464\" itemprop=\"image\"  src=\"https:\/\/www.europesays.com\/no\/wp-content\/uploads\/2025\/12\/56ff484e-0717-499b-8748-d0362c29a527\"  style=\"object-position:0% 0%\" width=\"8192\"\/>STERKE MENINGER: Sture Pedersen.   Foto: Anja A. T. Brekke \/ VG \/ VG<\/p>\n<p class=\"_paragraph_o9xde_4 _paragraph_xtcu6_10 layout-component text-serif-m layout-normal text-serif-m layout-padded\"><strong class=\"_strong_o9xde_25\">Min ikke veldig dristige sp\u00e5dom er at de seks blir valgt ved akklamasjon p\u00e5 landsm\u00f8tet i februar. <\/strong><\/p>\n<p class=\"_paragraph_o9xde_4 _paragraph_xtcu6_10 layout-component text-serif-m layout-normal text-serif-m layout-padded\">Sture Pedersen, den usjenerte H\u00f8yre-ordf\u00f8reren i B\u00f8 i Vester\u00e5len, f\u00e5r ha meg unnskyldt: <\/p>\n<p class=\"_paragraph_o9xde_4 _paragraph_xtcu6_10 layout-component text-serif-m layout-normal text-serif-m layout-padded\">Jeg tror neppe han vinner frem med sitt varslede krav om kampvotering. <\/p>\n<p class=\"_paragraph_o9xde_4 _paragraph_xtcu6_10 layout-component text-serif-m layout-normal text-serif-m layout-padded\">For Sture P. st\u00e5r p\u00e5 sitt og vil erstatte nestlederkandidat Henrik Asheim med en annen. Men utover i partiet virker stemningen heller \u00e5 v\u00e6re denne: <\/p>\n<p class=\"_paragraph_o9xde_4 _paragraph_xtcu6_10 layout-component text-serif-m layout-normal text-serif-m layout-padded\">At den fra valgkomiteens side enstemmig innstilte ledelsen kan bli riktig s\u00e5 bra for H\u00f8yre.  <\/p>\n<p class=\"_paragraph_o9xde_4 _paragraph_xtcu6_10 layout-component text-serif-m layout-normal text-serif-m layout-padded\">De tar kanskje ikke \u00abb\u00f8lgen\u00bb i dette partiet, men de vet \u00e5 sk\u00e5le i champagneglassene. <\/p>\n<p class=\"_paragraph_o9xde_4 _paragraph_xtcu6_10 layout-component text-serif-m layout-normal text-serif-m layout-padded\">Kanskje rekker de til og med \u00e5 klappe inn alle i den nye ledelsen f\u00f8r Kongens hilsningstelegram er i hus, forh\u00e5pentligvis i god tid f\u00f8r landsm\u00f8temiddagen. <\/p>\n<p class=\"_paragraph_o9xde_4 _paragraph_xtcu6_10 layout-component text-serif-m layout-normal text-serif-m layout-padded\">P\u00e5 selveste Valentinsdagen 14. februar.<\/p>\n<p>   Dette er en kommentar. Kommentaren gir uttrykk for skribentens holdning. <\/p>\n","protected":false},"excerpt":{"rendered":"Jeg m\u00e5 si: Denne h\u00f8stens leder- og ledelsesprosess i H\u00f8yre har v\u00e6rt imponerende god. For ikke \u00e5 si&hellip;\n","protected":false},"author":2,"featured_media":110918,"comment_status":"","ping_status":"","sticky":false,"template":"","format":"standard","meta":{"footnotes":""},"categories":[10],"tags":[20,21,24,25,15,1213,2218,22,23,13,30,28,29,14,16,26,27],"class_list":{"0":"post-110917","1":"post","2":"type-post","3":"status-publish","4":"format-standard","5":"has-post-thumbnail","7":"category-norge","8":"tag-breaking-news","9":"tag-breakingnews","10":"tag-featured-news","11":"tag-featurednews","12":"tag-headlines","13":"tag-hoyre-h","14":"tag-ine-eriksen-soreide","15":"tag-latest-news","16":"tag-latestnews","17":"tag-news","18":"tag-no","19":"tag-norge","20":"tag-norway","21":"tag-nyheter","22":"tag-overskrifter","23":"tag-top-stories","24":"tag-topstories"},"share_on_mastodon":{"url":"https:\/\/pubeurope.com\/@no\/115704197710653988","error":""},"_links":{"self":[{"href":"https:\/\/www.europesays.com\/no\/wp-json\/wp\/v2\/posts\/110917","targetHints":{"allow":["GET"]}}],"collection":[{"href":"https:\/\/www.europesays.com\/no\/wp-json\/wp\/v2\/posts"}],"about":[{"href":"https:\/\/www.europesays.com\/no\/wp-json\/wp\/v2\/types\/post"}],"author":[{"embeddable":true,"href":"https:\/\/www.europesays.com\/no\/wp-json\/wp\/v2\/users\/2"}],"replies":[{"embeddable":true,"href":"https:\/\/www.europesays.com\/no\/wp-json\/wp\/v2\/comments?post=110917"}],"version-history":[{"count":0,"href":"https:\/\/www.europesays.com\/no\/wp-json\/wp\/v2\/posts\/110917\/revisions"}],"wp:featuredmedia":[{"embeddable":true,"href":"https:\/\/www.europesays.com\/no\/wp-json\/wp\/v2\/media\/110918"}],"wp:attachment":[{"href":"https:\/\/www.europesays.com\/no\/wp-json\/wp\/v2\/media?parent=110917"}],"wp:term":[{"taxonomy":"category","embeddable":true,"href":"https:\/\/www.europesays.com\/no\/wp-json\/wp\/v2\/categories?post=110917"},{"taxonomy":"post_tag","embeddable":true,"href":"https:\/\/www.europesays.com\/no\/wp-json\/wp\/v2\/tags?post=110917"}],"curies":[{"name":"wp","href":"https:\/\/api.w.org\/{rel}","templated":true}]}}