{"id":110931,"date":"2025-12-12T02:38:09","date_gmt":"2025-12-12T02:38:09","guid":{"rendered":"https:\/\/www.europesays.com\/no\/110931\/"},"modified":"2025-12-12T02:38:09","modified_gmt":"2025-12-12T02:38:09","slug":"brann-i-driftsbygning-i-stavanger-flere-dyr-i-bygget","status":"publish","type":"post","link":"https:\/\/www.europesays.com\/no\/110931\/","title":{"rendered":"Brann i driftsbygning i Stavanger \u2013 flere dyr i bygget"},"content":{"rendered":"\n<p class=\"_lead_o9xde_2 _lead_xtcu6_50 layout-component text-serif-m layout-normal text-serif-l layout-component layout-wide layout-padded _wide_17hqh_1 layout-padded\">S\u00f8rvest politidistrikt opplyser at det er full overtenning i taket p\u00e5 bygningen.<\/p>\n<ul aria-hidden=\"true\" class=\"_images_ntbth_112\">\n<li><a class=\"_link_ntbth_117\" href=\"https:\/\/www.vg.no\/forfatter\/ntb\" style=\"z-index:1\" title=\"NTB\" rel=\"nofollow noopener\" target=\"_blank\"><img alt=\"Bilde av NTB\" class=\"_image_ntbth_93\" fetchpriority=\"low\" loading=\"lazy\" decoding=\"async\" itemprop=\"image\"  src=\"https:\/\/www.europesays.com\/no\/wp-content\/uploads\/2025\/12\/1765507088_938_c33980b0-5d07-4027-84a1-813f90a7c8d6\"  width=\"480\"\/><\/a><\/li>\n<\/ul>\n<p> Oppdatert fredag 12. desember kl. 03:14     <\/p>\n<p class=\"_paragraph_o9xde_4 _paragraph_xtcu6_10 layout-component text-serif-m layout-normal text-serif-m layout-padded\">S\u00f8rvest politidistrikt opplyser at det er full overtenning i taket p\u00e5 bygningen.<\/p>\n<p class=\"_paragraph_o9xde_4 _paragraph_xtcu6_10 layout-component text-serif-m layout-normal text-serif-m layout-padded\">Politiet meldte klokken 2.38 at n\u00f8detatene hadde rykket ut etter melding om brann i en driftsbygning p\u00e5 Rennes\u00f8y i <a href=\"https:\/\/www.vg.no\/tag\/stavanger?utm_source=vg-article&amp;utm_medium=auto-tagger&amp;utm_campaign=7pl14W\" class=\"_link_o9xde_39\" rel=\"nofollow noopener\" target=\"_blank\">Stavanger<\/a>. Da ble det meldt at det skal v\u00e6re flere titalls dyr i bygningen.<\/p>\n<p class=\"_paragraph_o9xde_4 _paragraph_xtcu6_10 layout-component text-serif-m layout-normal text-serif-m layout-padded\">\u2013 Det skal v\u00e6re over 100 griser i bygningen, skriver operasjonsleder Olaug Bj\u00f8rnsen i politiloggen klokken 03.<\/p>\n<p class=\"_paragraph_o9xde_4 _paragraph_xtcu6_10 layout-component text-serif-m layout-normal text-serif-m layout-padded\">Eier av driftsbygningene er p\u00e5 stedet, mens eterin\u00e6r er varslet og er p\u00e5 vei.<\/p>\n<p class=\"_paragraph_o9xde_4 _paragraph_xtcu6_10 layout-component text-serif-m layout-normal text-serif-m layout-padded\">\u2013 Det er manuell dirigering p\u00e5 stedet. Det vurderes forl\u00f8pende om veien m\u00e5 stenges helt eller delvis pga r\u00f8ykutvikling, skriver politiet.<\/p>\n","protected":false},"excerpt":{"rendered":"S\u00f8rvest politidistrikt opplyser at det er full overtenning i taket p\u00e5 bygningen. Oppdatert fredag 12. desember kl. 03:14&hellip;\n","protected":false},"author":2,"featured_media":110932,"comment_status":"","ping_status":"","sticky":false,"template":"","format":"standard","meta":{"footnotes":""},"categories":[10],"tags":[20,21,24,25,15,22,23,13,30,28,29,3760,14,16,1306,26,27],"class_list":{"0":"post-110931","1":"post","2":"type-post","3":"status-publish","4":"format-standard","5":"has-post-thumbnail","7":"category-norge","8":"tag-breaking-news","9":"tag-breakingnews","10":"tag-featured-news","11":"tag-featurednews","12":"tag-headlines","13":"tag-latest-news","14":"tag-latestnews","15":"tag-news","16":"tag-no","17":"tag-norge","18":"tag-norway","19":"tag-nodetatene","20":"tag-nyheter","21":"tag-overskrifter","22":"tag-stavanger","23":"tag-top-stories","24":"tag-topstories"},"share_on_mastodon":{"url":"https:\/\/pubeurope.com\/@no\/115704280313282753","error":""},"_links":{"self":[{"href":"https:\/\/www.europesays.com\/no\/wp-json\/wp\/v2\/posts\/110931","targetHints":{"allow":["GET"]}}],"collection":[{"href":"https:\/\/www.europesays.com\/no\/wp-json\/wp\/v2\/posts"}],"about":[{"href":"https:\/\/www.europesays.com\/no\/wp-json\/wp\/v2\/types\/post"}],"author":[{"embeddable":true,"href":"https:\/\/www.europesays.com\/no\/wp-json\/wp\/v2\/users\/2"}],"replies":[{"embeddable":true,"href":"https:\/\/www.europesays.com\/no\/wp-json\/wp\/v2\/comments?post=110931"}],"version-history":[{"count":0,"href":"https:\/\/www.europesays.com\/no\/wp-json\/wp\/v2\/posts\/110931\/revisions"}],"wp:featuredmedia":[{"embeddable":true,"href":"https:\/\/www.europesays.com\/no\/wp-json\/wp\/v2\/media\/110932"}],"wp:attachment":[{"href":"https:\/\/www.europesays.com\/no\/wp-json\/wp\/v2\/media?parent=110931"}],"wp:term":[{"taxonomy":"category","embeddable":true,"href":"https:\/\/www.europesays.com\/no\/wp-json\/wp\/v2\/categories?post=110931"},{"taxonomy":"post_tag","embeddable":true,"href":"https:\/\/www.europesays.com\/no\/wp-json\/wp\/v2\/tags?post=110931"}],"curies":[{"name":"wp","href":"https:\/\/api.w.org\/{rel}","templated":true}]}}